{"id":265345,"date":"2022-10-25T18:43:39","date_gmt":"2022-10-25T15:43:39","guid":{"rendered":"http:\/\/107.6.182.27\/tr\/?p=265345"},"modified":"2022-10-26T11:27:11","modified_gmt":"2022-10-26T08:27:11","slug":"suriye-bm-antlasmasina-saygi-duyan-ve-isgal-altindaki-arap-topraklarinda-israil-isgalinin-suclarina-son-veren-yeni-bir-uluslararasi-duzen-kurulmasi-cagrisini-yineliyor","status":"publish","type":"post","link":"https:\/\/archive.sana.sy\/tr\/?p=265345","title":{"rendered":"Suriye, BM Antla\u015fmas\u0131\u2019na Sayg\u0131 Duyan Ve\u00a0 \u0130\u015fgal Alt\u0131ndaki Arap Topraklar\u0131nda \u0130srail \u0130\u015fgalinin Su\u00e7lar\u0131na Son Veren Yeni Bir Uluslararas\u0131 D\u00fczen Kurulmas\u0131 \u00c7a\u011fr\u0131s\u0131n\u0131 Yineliyor"},"content":{"rendered":"<p>\u015eAM \u2013 Suriye, Birle\u015fmi\u015f Milletler Antla\u015fmas\u0131&#8217;na sayg\u0131 duyan ve \u0130srail i\u015fgalinin uygulamalar\u0131na ve i\u015fgal alt\u0131ndaki Arap topraklar\u0131nda i\u015fledi\u011fi su\u00e7lara son veren yeni bir uluslararas\u0131 d\u00fczen kurulmas\u0131 \u00e7a\u011fr\u0131s\u0131n\u0131 yineleyerek, Bat\u0131l\u0131 \u00fclkelerin antla\u015fman\u0131n ilke ve ama\u00e7lar\u0131na sadakatsizliklerinin, sald\u0131rganl\u0131k ve \u00e7ifte standart politikalar\u0131n\u0131n Birle\u015fmi\u015f Milletler&#8217;in normal rol\u00fcnden uzakla\u015ft\u0131r\u0131lmas\u0131na yol a\u00e7t\u0131\u011f\u0131na dikkat \u00e7ekti.<\/p>\n<p>D\u0131\u015fi\u015fleri ve Gurbet\u00e7iler Bakanl\u0131\u011f\u0131, Birle\u015fmi\u015f Milletler G\u00fcn\u00fc vesilesiyle yay\u0131nlad\u0131\u011f\u0131 ve \u00a0SANA&#8217;n\u0131n bir n\u00fcshas\u0131n\u0131 ald\u0131\u011f\u0131 a\u00e7\u0131klamada, bug\u00fcn a\u00e7\u0131klamada: \u2018\u2019D\u00fcnya \u00fclkeleri 24 Ekim&#8217;de Birle\u015fmi\u015f Milletler G\u00fcn\u00fc&#8217;n\u00fc kutlad\u0131, \u00e7\u00fcnk\u00fc t\u00fcz\u00fc\u011f\u00fc 1945&#8217;te o g\u00fcn y\u00fcr\u00fcrl\u00fc\u011fe girdi. \u00a0Suriye&#8217;nin o zamanki durumuna ra\u011fmen, Suriye temsilcilerinin kat\u0131l\u0131m\u0131yla Birle\u015fmi\u015f Milletler S\u00f6zle\u015fmesi&#8217;ni imzalayarak i\u00e7eri\u011fini, ilkelerini ve ama\u00e7lar\u0131n\u0131 zenginle\u015ftirdi\u2019\u2019 dedi.<\/p>\n<p>Bakanl\u0131k a\u00e7\u0131klamada, d\u00fcnya \u00fclkelerinin \u00a0o d\u00f6nemde \u0130kinci D\u00fcnya Sava\u015f\u0131 s\u0131ras\u0131nda Nazi ve fa\u015fist g\u00fc\u00e7lerin i\u015fledikleri zul\u00fcmler sonucunda, sava\u015flar\u0131 \u00f6nlemek, devletlerin i\u00e7 i\u015flerine m\u00fcdahalenin kabul edilemezli\u011fi, sald\u0131rganl\u0131\u011f\u0131n \u00f6nlenmesi ve herkes i\u00e7in adalet ve e\u015fitlik ilkelerine dayal\u0131 bir d\u00fcnya hedefii\u00e7in antla\u015fma haz\u0131rlama yoluna gittti\u011fini belirtti.<\/p>\n<p>Bakanl\u0131k ayr\u0131ca, Bat\u0131l\u0131 \u00fclkelerin BM Antla\u015fman\u2019\u0131n \u00a0ilke ve ama\u00e7lar\u0131na sadakatsizlikleri, sald\u0131rganl\u0131k, s\u00f6m\u00fcrgecilik ve \u00e7ifte standart politikalar\u0131 ve geli\u015fmekte olan \u00fclkelerin zenginliklerini ya\u011fmalamalar\u0131, Birle\u015fmi\u015f Milletler&#8217;in do\u011fal rol\u00fcnden uzakla\u015fmas\u0131na yol a\u00e7t\u0131\u011f\u0131n\u0131 \u00f6ne s\u00fcrdi.<\/p>\n<p>Bakanl\u0131k \u2018\u2019Suriye, defalarca yapt\u0131\u011f\u0131 gibi, Birle\u015fmi\u015f Milletler Antla\u015fmas\u0131\u2019na sayg\u0131 duyan, s\u00f6m\u00fcrgeci egemenlik politikalar\u0131na son veren, i\u015fgal alt\u0131ndaki Arap topraklar\u0131nda \u0130srail&#8217;in i\u015fledi\u011fi uygulama ve su\u00e7lara son veren \u00a0ve insanlar\u0131n haklar\u0131ndan yararland\u0131\u011f\u0131 yeni bir d\u00fcnyan\u0131n yolunu a\u00e7an yeni bir uluslararas\u0131 d\u00fczenin kurulmas\u0131 i\u00e7in \u00e7a\u011fr\u0131da bulunuyor\u2019\u2019 ifadelerini kullanarak a\u00e7\u0131klamas\u0131n\u0131 bitirdi.<\/p>\n<p><a class=\"x1i10hfl xjbqb8w x6umtig x1b1mbwd xaqea5y xav7gou x9f619 x1ypdohk xt0psk2 xe8uvvx xdj266r x11i5rnm xat24cr x1mh8g0r xexx8yu x4uap5 x18d9i69 xkhd6sd x16tdsg8 x1hl2dhg xggy1nq x1a2a7pz xt0b8zv x1qq9wsj xo1l8bm\" tabindex=\"0\" role=\"link\" href=\"https:\/\/www.facebook.com\/hashtag\/telegram_kanal%C4%B1m%C4%B1z?__eep__=6&amp;__cft__[0]=AZUy53E7SzXvxfxLz5Fz1nObpgZ-emuD5lqmCAahzieTu9CRDfA6eRakekIB6MMfoBmumV1fWtLQdLs7O8sVEDVHle7Rkc0k_AnEkBkQmnxp6KIMwcN6O5gEpdAtZvg8HSc&amp;__tn__=*NK-R\">#Telegram_Kanal\u0131m\u0131z<\/a>:\u00a0<a class=\"x1i10hfl xjbqb8w x6umtig x1b1mbwd xaqea5y xav7gou x9f619 x1ypdohk xt0psk2 xe8uvvx xdj266r x11i5rnm xat24cr x1mh8g0r xexx8yu x4uap5 x18d9i69 xkhd6sd x16tdsg8 x1hl2dhg xggy1nq x1a2a7pz xt0b8zv x1fey0fg\" tabindex=\"0\" role=\"link\" href=\"https:\/\/t.me\/SuriyeArapHaberAjans%C4%B1?fbclid=IwAR3nagtLKjo-VoUs5vPh9StQqlsjP6AwkhESoeJizCzxvGwWja3Q3K7_Xeo\" target=\"_blank\" rel=\"nofollow noopener\">https:\/\/t.me\/SuriyeArapHaberAjans\u0131<\/a><\/p>\n","protected":false},"excerpt":{"rendered":"<p>\u015eAM \u2013 Suriye, Birle\u015fmi\u015f Milletler Antla\u015fmas\u0131&#8217;na sayg\u0131 duyan ve \u0130srail i\u015fgalinin uygulamalar\u0131na ve i\u015fgal alt\u0131ndaki Arap topraklar\u0131nda i\u015fledi\u011fi su\u00e7lara son veren yeni bir uluslararas\u0131 d\u00fczen kurulmas\u0131 \u00e7a\u011fr\u0131s\u0131n\u0131 yineleyerek, Bat\u0131l\u0131 \u00fclkelerin antla\u015fman\u0131n ilke ve ama\u00e7lar\u0131na sadakatsizliklerinin, sald\u0131rganl\u0131k ve \u00e7ifte standart politikalar\u0131n\u0131n Birle\u015fmi\u015f Milletler&#8217;in normal rol\u00fcnden uzakla\u015ft\u0131r\u0131lmas\u0131na yol a\u00e7t\u0131\u011f\u0131na dikkat \u00e7ekti. D\u0131\u015fi\u015fleri ve Gurbet\u00e7iler Bakanl\u0131\u011f\u0131, Birle\u015fmi\u015f Milletler &hellip;<\/p>\n","protected":false},"author":41,"featured_media":265346,"comment_status":"closed","ping_status":"closed","sticky":false,"template":"","format":"standard","meta":{"footnotes":""},"categories":[479,17988,478],"tags":[],"class_list":["post-265345","post","type-post","status-publish","format-standard","has-post-thumbnail","","category-haberler-yerel","category-son-haberler","category-yerel"],"_links":{"self":[{"href":"https:\/\/archive.sana.sy\/tr\/index.php?rest_route=\/wp\/v2\/posts\/265345","targetHints":{"allow":["GET"]}}],"collection":[{"href":"https:\/\/archive.sana.sy\/tr\/index.php?rest_route=\/wp\/v2\/posts"}],"about":[{"href":"https:\/\/archive.sana.sy\/tr\/index.php?rest_route=\/wp\/v2\/types\/post"}],"author":[{"embeddable":true,"href":"https:\/\/archive.sana.sy\/tr\/index.php?rest_route=\/wp\/v2\/users\/41"}],"replies":[{"embeddable":true,"href":"https:\/\/archive.sana.sy\/tr\/index.php?rest_route=%2Fwp%2Fv2%2Fcomments&post=265345"}],"version-history":[{"count":0,"href":"https:\/\/archive.sana.sy\/tr\/index.php?rest_route=\/wp\/v2\/posts\/265345\/revisions"}],"wp:featuredmedia":[{"embeddable":true,"href":"https:\/\/archive.sana.sy\/tr\/index.php?rest_route=\/wp\/v2\/media\/265346"}],"wp:attachment":[{"href":"https:\/\/archive.sana.sy\/tr\/index.php?rest_route=%2Fwp%2Fv2%2Fmedia&parent=265345"}],"wp:term":[{"taxonomy":"category","embeddable":true,"href":"https:\/\/archive.sana.sy\/tr\/index.php?rest_route=%2Fwp%2Fv2%2Fcategories&post=265345"},{"taxonomy":"post_tag","embeddable":true,"href":"https:\/\/archive.sana.sy\/tr\/index.php?rest_route=%2Fwp%2Fv2%2Ftags&post=265345"}],"curies":[{"name":"wp","href":"https:\/\/api.w.org\/{rel}","templated":true}]}}