{"id":265360,"date":"2022-10-25T20:20:55","date_gmt":"2022-10-25T17:20:55","guid":{"rendered":"http:\/\/107.6.182.27\/tr\/?p=265360"},"modified":"2022-10-26T11:26:57","modified_gmt":"2022-10-26T08:26:57","slug":"buyukelci-sabbagh-suriyedeki-durumun-iyilestirilmesi-batidaki-insani-yardim-ve-kalkinma-calismalarinin-siyasallastirilmasinin-durdurulmasini-ve-zorlayici-yaptirimlarin-kaldirilmasini-gerektiriyo","status":"publish","type":"post","link":"https:\/\/archive.sana.sy\/tr\/?p=265360","title":{"rendered":"B\u00fcy\u00fckel\u00e7i Sabba\u011f: Suriye&#8217;deki \u0130nsani Durumu \u0130yile\u015ftirmenin Bat\u0131l\u0131 \u00fclkelerin Suriye&#8217;deki \u0130nsani Ve Kalk\u0131nma \u00c7al\u0131\u015fmalar\u0131n\u0131 Siyasalla\u015ft\u0131rmay\u0131 B\u0131rakmas\u0131n\u0131 Gerektiriyor"},"content":{"rendered":"<p>NEW YORK \u2013 Suriye&#8217;nin Birle\u015fmi\u015f Milletler Daimi Temsilcisi B\u00fcy\u00fckel\u00e7i Bessam Sabba\u011f, Suriye&#8217;deki insani durumu iyile\u015ftirmenin Bat\u0131l\u0131 \u00fclkelerin Suriye&#8217;deki insani ve kalk\u0131nma \u00e7al\u0131\u015fmalar\u0131n\u0131 siyasalla\u015ft\u0131rmay\u0131 b\u0131rakmas\u0131n\u0131, erken kurtarma projelerini desteklemesini, zorlay\u0131c\u0131 ekonomik yapt\u0131rmlar\u0131 kald\u0131rmas\u0131n\u0131, yasad\u0131\u015f\u0131 yabanc\u0131 varl\u0131\u011f\u0131 sona erdirmesini, ter\u00f6rizmi ve ayr\u0131l\u0131k\u00e7\u0131 milisleri desteklemeyi b\u0131rakmas\u0131n\u0131\u00a0 ve ulusal servetin ya\u011fmalamas\u0131ndan vazge\u00e7mesini gekerektirdi\u011fini vurgulad\u0131.<\/p>\n<p>Sabba\u011f Suriye&#8217;deki siyasi ve insani meseleye ili\u015fkin G\u00fcvenlik Konseyi toplant\u0131s\u0131nda bug\u00fcn yapt\u0131\u011f\u0131 a\u00e7\u0131klamada: \u2018\u2019 Suriye ile ilgili t\u00fcm Birle\u015fmi\u015f Milletler kararlar\u0131nda teyit edilen temel ilke, Suriye&#8217;deki siyasi veya insani duruma herhangi bir yakla\u015f\u0131m\u0131n kriteri olan egemenli\u011fine, birli\u011fine ve toprak b\u00fct\u00fcnl\u00fc\u011f\u00fcne sayg\u0131 g\u00f6sterilmesidir\u2019\u2019 diyerek, Suriye topraklar\u0131ndaki herhangi bir yasad\u0131\u015f\u0131 askeri varl\u0131\u011f\u0131n Birle\u015fmi\u015f Milletler Antla\u015fmas\u0131&#8217;n\u0131n ve uluslararas\u0131 hukukun ihlali oldu\u011funu ve derhal sona ermesi gerekti\u011fini vurgulad\u0131.<\/p>\n<p>Sabba\u011f\u00a0 a\u00e7\u0131klamas\u0131nda, Suriye\u2019nin, BM Antla\u015fmas\u0131\u2019n\u0131 ve uluslararas\u0131 hukuku ihlal eden iki taraf\u00e7a yay\u0131nland\u0131\u011f\u0131 i\u00e7in\u00a0 beyaz saray&#8217;\u0131n &#8220;Suriye&#8217;deki Durumla \u0130lgili Ulusal Ola\u011fan\u00fcst\u00fc Hal&#8221; olarak adland\u0131rd\u0131\u011f\u0131 \u015feyi uzatma duyurusunu ve onunla ilgili T\u00fcrk rejiminin a\u00e7\u0131klamas\u0131n\u0131 reddetti\u011fini vurgulad\u0131.<\/p>\n<p>Sabba\u011f, Suriye devletinin, insani yard\u0131m\u0131n ihtiya\u00e7 sahiplerine ula\u015ft\u0131r\u0131lmas\u0131n\u0131 iyile\u015ftirmek ve geli\u015ftirmek i\u00e7in Birle\u015fmi\u015f Milletler&#8217;e t\u00fcm imkanlar\u0131 sa\u011flamak da dahil olmak \u00fczere insani durumu iyile\u015ftirmek i\u00e7in b\u00fcy\u00fck \u00e7aba g\u00f6sterdi\u011fine dikkat \u00e7ekti.<\/p>\n<p>Sabba\u011f, Amerikan i\u015fgal g\u00fc\u00e7lerinin ge\u00e7ti\u011fimiz g\u00fcnlerde ayr\u0131l\u0131k\u00e7\u0131 (SDG) milislerle i\u015fbirli\u011fi yaparak petrol ve bu\u011fday y\u00fckl\u00fc y\u00fczlerce kamyonu yasad\u0131\u015f\u0131 s\u0131n\u0131r ge\u00e7i\u015flerinden Kuzey Irak&#8217;a \u00e7\u0131kard\u0131\u011f\u0131na ve \u00a0Suriye&#8217;nin Cezire b\u00f6lgesindeki servetini ya\u011fmalamaya devam etti\u011fine de i\u015faret etti.<\/p>\n<p>B\u00fcy\u00fckel\u00e7i Sabba\u011f, Suriye&#8217;nin onlarca y\u0131l \u00f6nce kurtuldu\u011fu kolera salg\u0131n\u0131n\u0131n yay\u0131lmas\u0131n\u0131 engellemek i\u00e7in b\u00fcy\u00fck \u00e7aba sarf etti\u011fini, ancak ne yaz\u0131k ki Suriyelilerin ya\u015famlar\u0131 i\u00e7in ek bir tehdit olu\u015fturmaya geri d\u00f6nd\u00fc\u011f\u00fcn\u00fc vurgulad\u0131.<\/p>\n<p><a class=\"x1i10hfl xjbqb8w x6umtig x1b1mbwd xaqea5y xav7gou x9f619 x1ypdohk xt0psk2 xe8uvvx xdj266r x11i5rnm xat24cr x1mh8g0r xexx8yu x4uap5 x18d9i69 xkhd6sd x16tdsg8 x1hl2dhg xggy1nq x1a2a7pz xt0b8zv x1qq9wsj xo1l8bm\" tabindex=\"0\" role=\"link\" href=\"https:\/\/www.facebook.com\/hashtag\/telegram_kanal%C4%B1m%C4%B1z?__eep__=6&amp;__cft__[0]=AZUy53E7SzXvxfxLz5Fz1nObpgZ-emuD5lqmCAahzieTu9CRDfA6eRakekIB6MMfoBmumV1fWtLQdLs7O8sVEDVHle7Rkc0k_AnEkBkQmnxp6KIMwcN6O5gEpdAtZvg8HSc&amp;__tn__=*NK-R\">#Telegram_Kanal\u0131m\u0131z<\/a>:\u00a0<a class=\"x1i10hfl xjbqb8w x6umtig x1b1mbwd xaqea5y xav7gou x9f619 x1ypdohk xt0psk2 xe8uvvx xdj266r x11i5rnm xat24cr x1mh8g0r xexx8yu x4uap5 x18d9i69 xkhd6sd x16tdsg8 x1hl2dhg xggy1nq x1a2a7pz xt0b8zv x1fey0fg\" tabindex=\"0\" role=\"link\" href=\"https:\/\/t.me\/SuriyeArapHaberAjans%C4%B1?fbclid=IwAR3nagtLKjo-VoUs5vPh9StQqlsjP6AwkhESoeJizCzxvGwWja3Q3K7_Xeo\" target=\"_blank\" rel=\"nofollow noopener\">https:\/\/t.me\/SuriyeArapHaberAjans\u0131<\/a><\/p>\n","protected":false},"excerpt":{"rendered":"<p>NEW YORK \u2013 Suriye&#8217;nin Birle\u015fmi\u015f Milletler Daimi Temsilcisi B\u00fcy\u00fckel\u00e7i Bessam Sabba\u011f, Suriye&#8217;deki insani durumu iyile\u015ftirmenin Bat\u0131l\u0131 \u00fclkelerin Suriye&#8217;deki insani ve kalk\u0131nma \u00e7al\u0131\u015fmalar\u0131n\u0131 siyasalla\u015ft\u0131rmay\u0131 b\u0131rakmas\u0131n\u0131, erken kurtarma projelerini desteklemesini, zorlay\u0131c\u0131 ekonomik yapt\u0131rmlar\u0131 kald\u0131rmas\u0131n\u0131, yasad\u0131\u015f\u0131 yabanc\u0131 varl\u0131\u011f\u0131 sona erdirmesini, ter\u00f6rizmi ve ayr\u0131l\u0131k\u00e7\u0131 milisleri desteklemeyi b\u0131rakmas\u0131n\u0131\u00a0 ve ulusal servetin ya\u011fmalamas\u0131ndan vazge\u00e7mesini gekerektirdi\u011fini vurgulad\u0131. Sabba\u011f Suriye&#8217;deki siyasi ve insani &hellip;<\/p>\n","protected":false},"author":41,"featured_media":265363,"comment_status":"closed","ping_status":"closed","sticky":false,"template":"","format":"standard","meta":{"footnotes":""},"categories":[458,459,17988],"tags":[],"class_list":["post-265360","post","type-post","status-publish","format-standard","has-post-thumbnail","","category-dunya1","category-haberler-arap-uluslararasi-politika","category-son-haberler"],"_links":{"self":[{"href":"https:\/\/archive.sana.sy\/tr\/index.php?rest_route=\/wp\/v2\/posts\/265360","targetHints":{"allow":["GET"]}}],"collection":[{"href":"https:\/\/archive.sana.sy\/tr\/index.php?rest_route=\/wp\/v2\/posts"}],"about":[{"href":"https:\/\/archive.sana.sy\/tr\/index.php?rest_route=\/wp\/v2\/types\/post"}],"author":[{"embeddable":true,"href":"https:\/\/archive.sana.sy\/tr\/index.php?rest_route=\/wp\/v2\/users\/41"}],"replies":[{"embeddable":true,"href":"https:\/\/archive.sana.sy\/tr\/index.php?rest_route=%2Fwp%2Fv2%2Fcomments&post=265360"}],"version-history":[{"count":0,"href":"https:\/\/archive.sana.sy\/tr\/index.php?rest_route=\/wp\/v2\/posts\/265360\/revisions"}],"wp:featuredmedia":[{"embeddable":true,"href":"https:\/\/archive.sana.sy\/tr\/index.php?rest_route=\/wp\/v2\/media\/265363"}],"wp:attachment":[{"href":"https:\/\/archive.sana.sy\/tr\/index.php?rest_route=%2Fwp%2Fv2%2Fmedia&parent=265360"}],"wp:term":[{"taxonomy":"category","embeddable":true,"href":"https:\/\/archive.sana.sy\/tr\/index.php?rest_route=%2Fwp%2Fv2%2Fcategories&post=265360"},{"taxonomy":"post_tag","embeddable":true,"href":"https:\/\/archive.sana.sy\/tr\/index.php?rest_route=%2Fwp%2Fv2%2Ftags&post=265360"}],"curies":[{"name":"wp","href":"https:\/\/api.w.org\/{rel}","templated":true}]}}