{"id":265488,"date":"2022-10-26T22:44:43","date_gmt":"2022-10-26T19:44:43","guid":{"rendered":"http:\/\/107.6.182.27\/tr\/?p=265488"},"modified":"2022-10-28T08:13:42","modified_gmt":"2022-10-28T06:13:42","slug":"esma-esad-uaea-heyetiyle-kanserle-mucadelede-isbirligi-yollarini-gorustu","status":"publish","type":"post","link":"https:\/\/archive.sana.sy\/tr\/?p=265488","title":{"rendered":"Esma Esad, UAEA Heyetiyle Kanserle M\u00fccadelede \u0130\u015fbirli\u011fi Yollar\u0131n\u0131 G\u00f6r\u00fc\u015ft\u00fc"},"content":{"rendered":"<p>\u015eAM \u2013 Esma Esad, kansere kar\u015f\u0131 i\u015fbirli\u011fi yollar\u0131n\u0131 ve bu alanda Suriye devletine nas\u0131l destek verilece\u011fini g\u00f6r\u00fc\u015fmek \u00fczere Suriye&#8217;ye gelen Uluslararas\u0131 Atom Enerjisi Ajans\u0131&#8217;ndan bir heyet kabul etti.<\/p>\n<p>Bayan Esma, Sa\u011fl\u0131k Bakanl\u0131\u011f\u0131 ve Ulusal Kanser Kontrol Komitesi taraf\u0131ndan y\u00f6netilen ilgili bakanl\u0131klar ve Suriye heyetlerini i\u00e7eren ulusal bir program sayesinde Suriye&#8217;nin kanser \u00f6l\u00fcm oranlar\u0131n\u0131 azaltabildi\u011fini belirtti.<\/p>\n<p>Esma Han\u0131m, Suriye&#8217;nin stratejisinin, tedavi gereksinimlerini sa\u011flamak ve kanserin erken te\u015fhisi ve m\u00fccadele etmek i\u00e7in \u00e7al\u0131\u015farak bu hastal\u0131ktan iyile\u015fme oranlar\u0131n\u0131 art\u0131rmay\u0131 ve hastalar\u0131n ac\u0131 ve \u0131st\u0131rab\u0131n\u0131 azaltmay\u0131 ama\u00e7lad\u0131\u011f\u0131n\u0131 kaydetti.<\/p>\n<p><img loading=\"lazy\" decoding=\"async\" class=\"size-medium wp-image-265489 alignright\" src=\"http:\/\/107.6.182.27\/tr\/wp-content\/uploads\/2022\/10\/4-8-300x190.jpg\" alt=\"\" width=\"300\" height=\"190\" srcset=\"https:\/\/archive.sana.sy\/tr\/wp-content\/uploads\/2022\/10\/4-8-300x190.jpg 300w, https:\/\/archive.sana.sy\/tr\/wp-content\/uploads\/2022\/10\/4-8-1024x647.jpg 1024w, https:\/\/archive.sana.sy\/tr\/wp-content\/uploads\/2022\/10\/4-8-150x95.jpg 150w, https:\/\/archive.sana.sy\/tr\/wp-content\/uploads\/2022\/10\/4-8-768x485.jpg 768w, https:\/\/archive.sana.sy\/tr\/wp-content\/uploads\/2022\/10\/4-8.jpg 1280w\" sizes=\"auto, (max-width: 300px) 100vw, 300px\" \/>Esma Han\u0131m, \u201cbu \u00e7al\u0131\u015fma, hastal\u0131\u011f\u0131n tedavisi, hastan\u0131n bak\u0131m\u0131, ac\u0131s\u0131n\u0131n azalt\u0131lmas\u0131 ve psikolojik ve ahlaki d\u00fczeyde desteklenmesi i\u00e7in Suriye&#8217;de kansere kar\u015f\u0131 m\u00fccadelenin desteklenmesinde Uluslararas\u0131 Atom Enerjisi Ajans\u0131&#8217;n\u0131n daha b\u00fcy\u00fck bir rol oynamas\u0131n\u0131 gerektirmektedir\u201d dedi.<\/p>\n<p>Heyet \u00fcyeleri, Uluslararas\u0131 Ajans\u0131n t\u0131p programlar\u0131nda i\u015fbirli\u011fi ve Suriye Devletinin ihtiya\u00e7 ve \u00f6nceliklerinin de\u011ferlendirilmesi yoluyla bu alanda Suriye&#8217;ye yard\u0131m etmeye haz\u0131r oldu\u011funu teyit ettiler.<\/p>\n","protected":false},"excerpt":{"rendered":"<p>\u015eAM \u2013 Esma Esad, kansere kar\u015f\u0131 i\u015fbirli\u011fi yollar\u0131n\u0131 ve bu alanda Suriye devletine nas\u0131l destek verilece\u011fini g\u00f6r\u00fc\u015fmek \u00fczere Suriye&#8217;ye gelen Uluslararas\u0131 Atom Enerjisi Ajans\u0131&#8217;ndan bir heyet kabul etti. Bayan Esma, Sa\u011fl\u0131k Bakanl\u0131\u011f\u0131 ve Ulusal Kanser Kontrol Komitesi taraf\u0131ndan y\u00f6netilen ilgili bakanl\u0131klar ve Suriye heyetlerini i\u00e7eren ulusal bir program sayesinde Suriye&#8217;nin kanser \u00f6l\u00fcm oranlar\u0131n\u0131 azaltabildi\u011fini belirtti. &hellip;<\/p>\n","protected":false},"author":36,"featured_media":265490,"comment_status":"closed","ping_status":"closed","sticky":false,"template":"","format":"standard","meta":{"footnotes":""},"categories":[526,479,17988,525,478],"tags":[],"class_list":["post-265488","post","type-post","status-publish","format-standard","has-post-thumbnail","","category-haber-ve-raporlar","category-haberler-yerel","category-son-haberler","category-toplum","category-yerel"],"_links":{"self":[{"href":"https:\/\/archive.sana.sy\/tr\/index.php?rest_route=\/wp\/v2\/posts\/265488","targetHints":{"allow":["GET"]}}],"collection":[{"href":"https:\/\/archive.sana.sy\/tr\/index.php?rest_route=\/wp\/v2\/posts"}],"about":[{"href":"https:\/\/archive.sana.sy\/tr\/index.php?rest_route=\/wp\/v2\/types\/post"}],"author":[{"embeddable":true,"href":"https:\/\/archive.sana.sy\/tr\/index.php?rest_route=\/wp\/v2\/users\/36"}],"replies":[{"embeddable":true,"href":"https:\/\/archive.sana.sy\/tr\/index.php?rest_route=%2Fwp%2Fv2%2Fcomments&post=265488"}],"version-history":[{"count":0,"href":"https:\/\/archive.sana.sy\/tr\/index.php?rest_route=\/wp\/v2\/posts\/265488\/revisions"}],"wp:featuredmedia":[{"embeddable":true,"href":"https:\/\/archive.sana.sy\/tr\/index.php?rest_route=\/wp\/v2\/media\/265490"}],"wp:attachment":[{"href":"https:\/\/archive.sana.sy\/tr\/index.php?rest_route=%2Fwp%2Fv2%2Fmedia&parent=265488"}],"wp:term":[{"taxonomy":"category","embeddable":true,"href":"https:\/\/archive.sana.sy\/tr\/index.php?rest_route=%2Fwp%2Fv2%2Fcategories&post=265488"},{"taxonomy":"post_tag","embeddable":true,"href":"https:\/\/archive.sana.sy\/tr\/index.php?rest_route=%2Fwp%2Fv2%2Ftags&post=265488"}],"curies":[{"name":"wp","href":"https:\/\/api.w.org\/{rel}","templated":true}]}}