{"id":265492,"date":"2022-10-27T08:51:02","date_gmt":"2022-10-27T05:51:02","guid":{"rendered":"http:\/\/107.6.182.27\/tr\/?p=265492"},"modified":"2022-10-28T08:13:50","modified_gmt":"2022-10-28T06:13:50","slug":"hava-savunmamiz-sam-cevresinde-israil-fuze-saldirganligina-karsi-koydu-2","status":"publish","type":"post","link":"https:\/\/archive.sana.sy\/tr\/?p=265492","title":{"rendered":"Hava Savunmam\u0131z, \u015eam \u00c7evresinde \u0130srail F\u00fcze Sald\u0131rganl\u0131\u011f\u0131na Kar\u015f\u0131 Koydu"},"content":{"rendered":"<p>\u015eAM \u2013 Suriye Arap Ordusunun hava savunmas\u0131, \u015eam kenti \u00e7evresinde baz\u0131 noktalara \u0130srail\u2019in f\u00fczeli sald\u0131rganl\u0131\u011f\u0131na kar\u015f\u0131 koyarak, d\u00fc\u015fman f\u00fczelerin baz\u0131lar\u0131n\u0131 d\u00fc\u015f\u00fcrd\u00fc.<\/p>\n<p>Askeri bir kaynak, 27 Ekin 2020 sabah\u0131 saat 00:30 sular\u0131nda d\u00fc\u015fman \u0130srail i\u015fgal edilen Filistin topraklar\u0131 y\u00f6n\u00fcnden \u015eam kenti yak\u0131nlar\u0131ndaki baz\u0131 noktalar\u0131 hedef alan bir hava sald\u0131r\u0131s\u0131 d\u00fczenledi\u011fini belirtti.<\/p>\n<p>Kaynak ayr\u0131ca, hava savunma sistemlerimizin sald\u0131rgan\u0131n f\u00fczeleriyle kar\u015f\u0131 kar\u015f\u0131ya kald\u0131\u011f\u0131n\u0131 ve baz\u0131lar\u0131n\u0131 d\u00fc\u015f\u00fcrd\u00fc\u011f\u00fcn\u00fc, kay\u0131plar\u0131n maddiyatla s\u0131n\u0131rl\u0131 oldu\u011funu da s\u00f6zlerine ekledi.<\/p>\n<p><span style=\"color: #0000ff;\">#Telegram_Kanal\u0131m\u0131z: https:\/\/t.me\/SuriyeArapHaberAjans\u0131<\/span><\/p>\n<p style=\"text-align: center;\"><iframe loading=\"lazy\" title=\"\u0648\u0633\u0627\u0626\u0637 \u062f\u0641\u0627\u0639\u0646\u0627 \u0627\u0644\u062c\u0648\u064a\u0629 \u062a\u062a\u0635\u062f\u0649 \u0644\u0623\u0647\u062f\u0627\u0641 \u0645\u0639\u0627\u062f\u064a\u0629 \u0641\u064a \u0633\u0645\u0627\u0621 \u0645\u062d\u064a\u0637 \u062f\u0645\u0634\u0642\" src=\"https:\/\/www.youtube.com\/embed\/Vbpb9QjcAVo\" width=\"620\" height=\"348\" frameborder=\"0\" allowfullscreen=\"allowfullscreen\"><\/iframe><\/p>\n","protected":false},"excerpt":{"rendered":"<p>\u015eAM \u2013 Suriye Arap Ordusunun hava savunmas\u0131, \u015eam kenti \u00e7evresinde baz\u0131 noktalara \u0130srail\u2019in f\u00fczeli sald\u0131rganl\u0131\u011f\u0131na kar\u015f\u0131 koyarak, d\u00fc\u015fman f\u00fczelerin baz\u0131lar\u0131n\u0131 d\u00fc\u015f\u00fcrd\u00fc. Askeri bir kaynak, 27 Ekin 2020 sabah\u0131 saat 00:30 sular\u0131nda d\u00fc\u015fman \u0130srail i\u015fgal edilen Filistin topraklar\u0131 y\u00f6n\u00fcnden \u015eam kenti yak\u0131nlar\u0131ndaki baz\u0131 noktalar\u0131 hedef alan bir hava sald\u0131r\u0131s\u0131 d\u00fczenledi\u011fini belirtti. Kaynak ayr\u0131ca, hava savunma sistemlerimizin &hellip;<\/p>\n","protected":false},"author":36,"featured_media":265493,"comment_status":"closed","ping_status":"closed","sticky":false,"template":"","format":"standard","meta":{"footnotes":""},"categories":[479,575,17988,478],"tags":[],"class_list":["post-265492","post","type-post","status-publish","format-standard","has-post-thumbnail","","category-haberler-yerel","category-olaylar-ve-gercekler","category-son-haberler","category-yerel"],"_links":{"self":[{"href":"https:\/\/archive.sana.sy\/tr\/index.php?rest_route=\/wp\/v2\/posts\/265492","targetHints":{"allow":["GET"]}}],"collection":[{"href":"https:\/\/archive.sana.sy\/tr\/index.php?rest_route=\/wp\/v2\/posts"}],"about":[{"href":"https:\/\/archive.sana.sy\/tr\/index.php?rest_route=\/wp\/v2\/types\/post"}],"author":[{"embeddable":true,"href":"https:\/\/archive.sana.sy\/tr\/index.php?rest_route=\/wp\/v2\/users\/36"}],"replies":[{"embeddable":true,"href":"https:\/\/archive.sana.sy\/tr\/index.php?rest_route=%2Fwp%2Fv2%2Fcomments&post=265492"}],"version-history":[{"count":0,"href":"https:\/\/archive.sana.sy\/tr\/index.php?rest_route=\/wp\/v2\/posts\/265492\/revisions"}],"wp:featuredmedia":[{"embeddable":true,"href":"https:\/\/archive.sana.sy\/tr\/index.php?rest_route=\/wp\/v2\/media\/265493"}],"wp:attachment":[{"href":"https:\/\/archive.sana.sy\/tr\/index.php?rest_route=%2Fwp%2Fv2%2Fmedia&parent=265492"}],"wp:term":[{"taxonomy":"category","embeddable":true,"href":"https:\/\/archive.sana.sy\/tr\/index.php?rest_route=%2Fwp%2Fv2%2Fcategories&post=265492"},{"taxonomy":"post_tag","embeddable":true,"href":"https:\/\/archive.sana.sy\/tr\/index.php?rest_route=%2Fwp%2Fv2%2Ftags&post=265492"}],"curies":[{"name":"wp","href":"https:\/\/api.w.org\/{rel}","templated":true}]}}