{"id":265556,"date":"2022-10-27T22:29:08","date_gmt":"2022-10-27T19:29:08","guid":{"rendered":"http:\/\/107.6.182.27\/tr\/?p=265556"},"modified":"2022-10-28T08:14:33","modified_gmt":"2022-10-28T06:14:33","slug":"isgalci-turkiye-hasekenin-kuzeybatisindaki-iki-koye-topcu-atesiyle-saldirdi","status":"publish","type":"post","link":"https:\/\/archive.sana.sy\/tr\/?p=265556","title":{"rendered":"\u0130\u015fgalci T\u00fcrkiye Haseke&#8217;nin Kuzeybat\u0131s\u0131ndaki \u0130ki K\u00f6ye Top\u00e7u Ate\u015fiyle Sald\u0131rd\u0131"},"content":{"rendered":"<p style=\"text-align: justify;\">HASEKE \u2013 \u0130\u015fgalci T\u00fcrk g\u00fc\u00e7leri Haseke&#8217;nin kuzeybat\u0131 k\u0131rsal\u0131ndaki Abu Raseyn il\u00e7esine ba\u011fl\u0131 El Sedye ve Dada Abdal k\u00f6ylerine top\u00e7u ate\u015fiyle sald\u0131rd\u0131.<\/p>\n<p style=\"text-align: justify;\">Yerel kaynaklar Haseke&#8217;deki SANA muhabirine verdi\u011fi deme\u00e7te, i\u015fgalci T\u00fcrkiye&#8217;nin top\u00e7u birliklerinin bug\u00fcn Haseke&#8217;nin Abu Raseyn il\u00e7esine ba\u011fl\u0131 Al Sedye ve Dada Abdal k\u00f6ylerini bombalayarak halk\u0131n ev ve m\u00fclklerinde maddi hasara yol a\u00e7t\u0131\u011f\u0131n\u0131 s\u00f6yledi.<\/p>\n<p style=\"text-align: justify;\">Kaynaklar, Dada Abdel k\u00f6y\u00fc mahallelerinde g\u00f6r\u00fclen dumanlar\u0131n, bir dizel motor ve halka ait ev tipi akaryak\u0131t tanklar\u0131n\u0131n yanmas\u0131na neden olan T\u00fcrk sald\u0131r\u0131s\u0131ndan kaynakland\u0131\u011f\u0131na dikkat \u00e7ekti.<\/p>\n<p><span style=\"color: #0000ff;\">#Telegram_Kanal\u0131m\u0131z: https:\/\/t.me\/SuriyeArapHaberAjans\u0131<\/span><\/p>\n","protected":false},"excerpt":{"rendered":"<p>HASEKE \u2013 \u0130\u015fgalci T\u00fcrk g\u00fc\u00e7leri Haseke&#8217;nin kuzeybat\u0131 k\u0131rsal\u0131ndaki Abu Raseyn il\u00e7esine ba\u011fl\u0131 El Sedye ve Dada Abdal k\u00f6ylerine top\u00e7u ate\u015fiyle sald\u0131rd\u0131. Yerel kaynaklar Haseke&#8217;deki SANA muhabirine verdi\u011fi deme\u00e7te, i\u015fgalci T\u00fcrkiye&#8217;nin top\u00e7u birliklerinin bug\u00fcn Haseke&#8217;nin Abu Raseyn il\u00e7esine ba\u011fl\u0131 Al Sedye ve Dada Abdal k\u00f6ylerini bombalayarak halk\u0131n ev ve m\u00fclklerinde maddi hasara yol a\u00e7t\u0131\u011f\u0131n\u0131 s\u00f6yledi. Kaynaklar, &hellip;<\/p>\n","protected":false},"author":1,"featured_media":265557,"comment_status":"closed","ping_status":"closed","sticky":false,"template":"","format":"standard","meta":{"footnotes":""},"categories":[479,17988,2554,2555,478],"tags":[],"class_list":["post-265556","post","type-post","status-publish","format-standard","has-post-thumbnail","","category-haberler-yerel","category-son-haberler","category-suriye-ve-dunya","category-suriye-ve-turkiye","category-yerel"],"_links":{"self":[{"href":"https:\/\/archive.sana.sy\/tr\/index.php?rest_route=\/wp\/v2\/posts\/265556","targetHints":{"allow":["GET"]}}],"collection":[{"href":"https:\/\/archive.sana.sy\/tr\/index.php?rest_route=\/wp\/v2\/posts"}],"about":[{"href":"https:\/\/archive.sana.sy\/tr\/index.php?rest_route=\/wp\/v2\/types\/post"}],"author":[{"embeddable":true,"href":"https:\/\/archive.sana.sy\/tr\/index.php?rest_route=\/wp\/v2\/users\/1"}],"replies":[{"embeddable":true,"href":"https:\/\/archive.sana.sy\/tr\/index.php?rest_route=%2Fwp%2Fv2%2Fcomments&post=265556"}],"version-history":[{"count":0,"href":"https:\/\/archive.sana.sy\/tr\/index.php?rest_route=\/wp\/v2\/posts\/265556\/revisions"}],"wp:featuredmedia":[{"embeddable":true,"href":"https:\/\/archive.sana.sy\/tr\/index.php?rest_route=\/wp\/v2\/media\/265557"}],"wp:attachment":[{"href":"https:\/\/archive.sana.sy\/tr\/index.php?rest_route=%2Fwp%2Fv2%2Fmedia&parent=265556"}],"wp:term":[{"taxonomy":"category","embeddable":true,"href":"https:\/\/archive.sana.sy\/tr\/index.php?rest_route=%2Fwp%2Fv2%2Fcategories&post=265556"},{"taxonomy":"post_tag","embeddable":true,"href":"https:\/\/archive.sana.sy\/tr\/index.php?rest_route=%2Fwp%2Fv2%2Ftags&post=265556"}],"curies":[{"name":"wp","href":"https:\/\/api.w.org\/{rel}","templated":true}]}}