{"id":26556,"date":"2015-03-15T17:00:33","date_gmt":"2015-03-15T15:00:33","guid":{"rendered":"http:\/\/www.sana.sy\/tr\/?p=26556"},"modified":"2015-03-16T17:06:29","modified_gmt":"2015-03-16T15:06:29","slug":"26556","status":"publish","type":"post","link":"https:\/\/archive.sana.sy\/tr\/?p=26556","title":{"rendered":"Kiral\u0131k Ter\u00f6ristlere Y\u00f6nelik Operasyonlar Olanca H\u0131z\u0131yla S\u00fcr\u00fcyor"},"content":{"rendered":"<p>\u0130LLER \u2013 Kahraman ordu birliklerimizin Dera, Halep, Hama, \u0130dlib, Lazkiye ve Haseke k\u0131rsallar\u0131nda silahl\u0131 ter\u00f6r \u00f6rg\u00fctlere y\u00f6nelik s\u00fcrd\u00fcrd\u00fc\u011f\u00fc askeri operasyonlar sonucunda onlarca ter\u00f6rist \u00f6l\u00fc ve yaral\u0131 d\u00fc\u015f\u00fcr\u00fclerek say\u0131 ve cephane bak\u0131m\u0131ndan a\u011f\u0131r kay\u0131plara da u\u011frat\u0131ld\u0131lar.<\/p>\n<p><span style=\"color: #0000ff\">\u015eam K\u0131rsal\u0131 Kalamun Da\u011flar\u0131nda Ter\u00f6ristler ve Ara\u00e7lar\u0131 \u0130mha Edildi<\/span><\/p>\n<p>Askeri bir kaynak ordu birliklerimizin \u015eam K\u0131rsal\u0131 Kalamun Da\u011flar\u0131ndaki yollar \u00fczerinde y\u00fcksek say\u0131da ter\u00f6risti \u00f6ld\u00fcrerek kulland\u0131klar\u0131 birka\u00e7 arad\u0131 daimha ettiklerini s\u00f6yledi.<\/p>\n<p><span style=\"color: #0000ff\">Dera K\u0131rsal\u0131nda Ter\u00f6r \u00d6rg\u00fct\u00fc Eleba\u015flar\u0131 \u00d6ld\u00fcr\u00fcld\u00fc<\/span><\/p>\n<p>Dera k\u0131rsal\u0131nda ise askeri kaynak ordu birliklerimizin Kahil Beldesinde az\u0131l\u0131 ter\u00f6r komutanlar\u0131n\u0131n topland\u0131klar\u0131 bir karargah\u0131 muhtevalar\u0131yla imha etiklerini aktard\u0131. Karargahtaki ter\u00f6r eleba\u015flar\u0131 ve di\u011fer ter\u00f6ristlerin \u00f6l\u00fc yaral\u0131 d\u00fc\u015ft\u00fcklerini ifade eden kaynak; Zemrin Beldesinde de silahl\u0131 bir ter\u00f6r grubunun t\u00fcm elemanlar\u0131n\u0131 \u00f6l\u00fc d\u00fc\u015f\u00fcrd\u00fcklerini s\u00f6yledi.<\/p>\n<p>Dera k\u0131rsal\u0131n\u0131n Do\u011fu \u011eariye Beldesinde ise ordu birliklerimiz \u2018Ahrar el \u015eam \u0130slami Hareketi\u2019nin bir karargah\u0131n\u0131 muhtevalar\u0131yla havaya u\u00e7urdu. Operasyonda a\u011f\u0131r makineli silahlarla donat\u0131lm\u0131\u015f bir\u00e7ok arac\u0131n yan\u0131 s\u0131ra onlarca ter\u00f6rist \u00f6ld\u00fcr\u00fcld\u00fc.<\/p>\n<p><span style=\"color: #0000ff\">Halep K\u0131rsal\u0131n\u0131n Muhtelif B\u00f6lgelerinde Onlarca Ter\u00f6rist \u00d6ld\u00fcr\u00fcld\u00fc<\/span><\/p>\n<p>Bu arada askeri kaynak ordu birliklerimizin Halep k\u0131rsal\u0131n\u0131n Handerat ve Tel el Madafa&#8217;n\u0131n \u00e7evresine ilaveten \u015eeyh L\u00fctfi, Ezaz, Tel Refat, Mare, Hayyan Hreytan, Beyanun ve Kefar Nasih K\u00f6ylerinde ter\u00f6r \u00f6rg\u00fctlere tabi karargah ve toplanma merkezlerinin imha edildi\u011fini aktard\u0131.<\/p>\n<p>Operasyonlarda aralar\u0131nda yabanc\u0131 ve saha komutanlar\u0131n\u0131n bulundu\u011fu y\u00fcksek say\u0131da ter\u00f6ristin \u00f6ld\u00fcr\u00fcld\u00fc\u011f\u00fcn\u00fc ifade eden kaynak; ara\u00e7 ve a\u011f\u0131r silahlar\u0131n da imha edildi\u011fini s\u00f6zlerine ekledi.<\/p>\n<p><span style=\"color: #0000ff\">Hama K\u0131rsal\u0131nda Onlarca Ter\u00f6rist \u00d6l\u00fc Ve yaral\u0131 D\u00fc\u015f\u00fcr\u00fcld\u00fc<\/span><\/p>\n<p>Di\u011fer yandan Hama k\u0131rsal\u0131nda askeri bir kaynak ordu birliklerimizin Ebu Hubeylat, Klayb el Savr, Kefar Zetta, Zekat, At\u015fan, Abidin, Curuh, Resm el Avayed Ukeyrbat ve Kastal\u2019\u0131n bat\u0131s\u0131nda \u00e7ok say\u0131da ter\u00f6risti \u00f6l\u00fc ve yaral\u0131 d\u00fc\u015f\u00fcrd\u00fcklerini s\u00f6yledi.<\/p>\n<p><span style=\"color: #0000ff\">\u0130dlib K\u0131rsal\u0131nda Hain Ter\u00f6ristlere A\u011f\u0131r Darbe \u0130nidirildi<\/span><\/p>\n<p>\u0130dlib k\u0131rsal\u0131nda ise askeri kaynak ordu birliklerimizin b\u00fcy\u00fck bir k\u0131sm\u0131 T\u00fcrkiye&#8217;den giren ve T\u00fcrkiye rejimi taraf\u0131ndan desteklenen hain ve kiral\u0131k ter\u00f6ristlere y\u00f6nelik operasyonlar\u0131n\u0131 ba\u015far\u0131yla s\u00fcrd\u00fcrd\u00fcklerini aktard\u0131.<\/p>\n<p>Kaynak ordu briliklerimizin \u0130dlib k\u0131rsal\u0131n\u0131n el Habit, Kefar Rohin, Serakib, \u015eeyh Yusuf, Taum, Benni\u015f, Afes ve Han \u015eeyhun b\u00f6lgelerinde ter\u00f6ristleri kovalama ve karargahlar\u0131n\u0131 hedef alma operasyonlar\u0131nda onlarca ter\u00f6ristin \u00f6ld\u00fcr\u00fcld\u00fc\u011f\u00fcn\u00fc s\u00f6yledi.<\/p>\n<p><span style=\"color: #0000ff\">Lazkiye Kuzey K\u0131rsal\u0131nda Ter\u00f6r H\u00fccre ve Ara\u00e7lar\u0131 \u0130mha Edildi<\/span><\/p>\n<p>Lazkiye k\u0131rsal\u0131n\u0131n kuzeyinde yine geneli T\u00fcrkiye&#8217;den giren ve oradaki rejim taraf\u0131ndan desteklenen ter\u00f6r \u00e7etelere kar\u015f\u0131 operasyonlar\u0131n devam etti\u011fini belirten askeri kaynak; Han el Covz, Kefar Dilba, el Kert, Ruveyse, el Kal\u2019a Vara, Berze, Vadi Basur ve Tauma b\u00f6lgelerinde bir\u00e7ok karargahlar\u0131 ve cephane depolar\u0131n\u0131n muhtevalar\u0131yla imha edildi\u011fini s\u00f6yledi.<\/p>\n<p>Kaynak ara\u00e7 ve a\u011f\u0131r silahlar\u0131n da imha edildi\u011fi operasyonlarda \u00f6ld\u00fcr\u00fclen \u00e7ok say\u0131da ter\u00f6ristin aras\u0131nda yabanc\u0131 ve saha komutanlar\u0131n\u0131n bulundu\u011funa dikkat \u00e7ekti.<\/p>\n<p><span style=\"color: #0000ff\">Haseke K\u0131rsal\u0131nda I\u015e\u0130D Ter\u00f6ristleri \u00d6ld\u00fcr\u00fcld\u00fc<\/span><\/p>\n<p>\u00d6te yandan askeri kaynak, ordu birliklerimizin Haseke k\u0131rsal\u0131 \u015eameram, Tel el Huda ve Tel Tua\u2019da I\u015e\u0130D&#8217;li \u00e7ok say\u0131da tekfirciyi \u00f6l\u00fc yaral\u0131 d\u00fc\u015f\u00fcrd\u00fcklerini s\u00f6yledi.<\/p>\n<p><span style=\"color: #0000ff\">Homs K\u0131rsal\u0131nda Sald\u0131rganlar A\u011f\u0131r Kay\u0131plara U\u011frat\u0131ld\u0131<\/span><\/p>\n<p>Ordu birliklerimiz Homs k\u0131rsal\u0131n\u0131n Ayn el Denanir K\u00f6y\u00fcnde G\u00fcney Ayn H\u00fcseyin y\u00f6n\u00fcnde askeri noktalara sald\u0131r\u0131 giri\u015fiminde bulunan ter\u00f6r \u00e7etelere kar\u015f\u0131 koydu.<\/p>\n<p>Saha kaynaklar\u0131 ya\u015fanan \u00e7at\u0131\u015fmada sald\u0131rganlar\u0131n b\u00fcy\u00fck bir k\u0131sm\u0131n\u0131n ara\u00e7 ve silahlar\u0131yla etkisizle\u015ftirildi\u011fini belirtti.<\/p>\n<p>A.A. &#8211; S.\u015e. &#8211; R.H.<\/p>\n","protected":false},"excerpt":{"rendered":"<p>\u0130LLER \u2013 Kahraman ordu birliklerimizin Dera, Halep, Hama, \u0130dlib, Lazkiye ve Haseke k\u0131rsallar\u0131nda silahl\u0131 ter\u00f6r \u00f6rg\u00fctlere y\u00f6nelik s\u00fcrd\u00fcrd\u00fc\u011f\u00fc askeri operasyonlar sonucunda onlarca ter\u00f6rist \u00f6l\u00fc ve yaral\u0131 d\u00fc\u015f\u00fcr\u00fclerek say\u0131 ve cephane bak\u0131m\u0131ndan a\u011f\u0131r kay\u0131plara da u\u011frat\u0131ld\u0131lar. \u015eam K\u0131rsal\u0131 Kalamun Da\u011flar\u0131nda Ter\u00f6ristler ve Ara\u00e7lar\u0131 \u0130mha Edildi Askeri bir kaynak ordu birliklerimizin \u015eam K\u0131rsal\u0131 Kalamun Da\u011flar\u0131ndaki yollar \u00fczerinde &hellip;<\/p>\n","protected":false},"author":1,"featured_media":26557,"comment_status":"closed","ping_status":"closed","sticky":false,"template":"","format":"standard","meta":{"footnotes":""},"categories":[575],"tags":[1132,2492,1294,12566,12567],"class_list":["post-26556","post","type-post","status-publish","format-standard","has-post-thumbnail","","category-olaylar-ve-gercekler","tag-halep","tag-hama","tag-idlib","tag-kiralik-teroristlere-yonelik-operasyonlar-olanca-hiziyla-suruyor-iller-kahraman-ordu-birliklerimizin-dera","tag-lazkiye-ve-haseke-kirsallarinda-silahli-teror-orgutlerine-yonelik-surdurdugu-askeri-operasyonlar-sonucunda-terorist-orgutu-onlarca-kisi-olu-ve-yarali-dusurulerek-sayi-ve-cephane-bakimindan-agir-kayipl"],"_links":{"self":[{"href":"https:\/\/archive.sana.sy\/tr\/index.php?rest_route=\/wp\/v2\/posts\/26556","targetHints":{"allow":["GET"]}}],"collection":[{"href":"https:\/\/archive.sana.sy\/tr\/index.php?rest_route=\/wp\/v2\/posts"}],"about":[{"href":"https:\/\/archive.sana.sy\/tr\/index.php?rest_route=\/wp\/v2\/types\/post"}],"author":[{"embeddable":true,"href":"https:\/\/archive.sana.sy\/tr\/index.php?rest_route=\/wp\/v2\/users\/1"}],"replies":[{"embeddable":true,"href":"https:\/\/archive.sana.sy\/tr\/index.php?rest_route=%2Fwp%2Fv2%2Fcomments&post=26556"}],"version-history":[{"count":0,"href":"https:\/\/archive.sana.sy\/tr\/index.php?rest_route=\/wp\/v2\/posts\/26556\/revisions"}],"wp:featuredmedia":[{"embeddable":true,"href":"https:\/\/archive.sana.sy\/tr\/index.php?rest_route=\/wp\/v2\/media\/26557"}],"wp:attachment":[{"href":"https:\/\/archive.sana.sy\/tr\/index.php?rest_route=%2Fwp%2Fv2%2Fmedia&parent=26556"}],"wp:term":[{"taxonomy":"category","embeddable":true,"href":"https:\/\/archive.sana.sy\/tr\/index.php?rest_route=%2Fwp%2Fv2%2Fcategories&post=26556"},{"taxonomy":"post_tag","embeddable":true,"href":"https:\/\/archive.sana.sy\/tr\/index.php?rest_route=%2Fwp%2Fv2%2Ftags&post=26556"}],"curies":[{"name":"wp","href":"https:\/\/api.w.org\/{rel}","templated":true}]}}