{"id":265562,"date":"2022-10-27T22:47:02","date_gmt":"2022-10-27T19:47:02","guid":{"rendered":"http:\/\/107.6.182.27\/tr\/?p=265562"},"modified":"2022-10-29T08:51:27","modified_gmt":"2022-10-29T06:51:27","slug":"abd-isid-teror-orgutune-suriye-ve-iraktan-afganistana-guvenli-intikalini-sagladi","status":"publish","type":"post","link":"https:\/\/archive.sana.sy\/tr\/?p=265562","title":{"rendered":"ABD I\u015e\u0130D Ter\u00f6r \u00d6rg\u00fct\u00fcne Suriye Ve Irak&#8217;tan Afganistan&#8217;a G\u00fcvenli \u0130ntikalini Sa\u011flad\u0131"},"content":{"rendered":"<p style=\"text-align: justify;\">BEYRUT &#8211; Hizbullah Genel Sekreteri Seyyid Hasan Nasrullah, (I\u015e\u0130D) ter\u00f6r \u00f6rg\u00fct\u00fcne Suriye ve Irak&#8217;tan Afganistan&#8217;a, kendisine emanet edilen Amerikan g\u00f6revini yerine getirmesi i\u00e7in g\u00fcvenli bir hareket sa\u011flayan\u0131n Amerika Birle\u015fik Devletleri oldu\u011funu belirtti.<\/p>\n<p style=\"text-align: justify;\">Seyyid Nasrullah, bug\u00fcn Dahiye Cenubiyye&#8217;deki Seyyid el \u015euhada Kompleksi&#8217;ndeki &#8220;Topra\u011f\u0131m\u0131n Pazar\u0131&#8221; fuar\u0131n\u0131n a\u00e7\u0131l\u0131\u015f\u0131nda yapt\u0131\u011f\u0131 konu\u015fmada: S\u0131n\u0131r\u0131n \u00e7izilmesi dosyas\u0131 tecr\u00fcbesinin direni\u015f d\u00fczeyinde \u00e7ok \u00f6nemli ve zengin oldu\u011funu, L\u00fcbnan, devlet, halk ve direni\u015f i\u00e7in b\u00fcy\u00fck bir zafer oldu\u011funu belirterek, L\u00fcbnan direni\u015finin, s\u0131n\u0131r \u00e7izgisinin \u00e7izilmesine ili\u015fkin t\u00fcm \u00f6zel tedbirlerin, bununla ilgili belgelerin tamamlanmas\u0131n\u0131n ard\u0131ndan sona erdi\u011fine i\u015faret etti.<\/p>\n<p style=\"text-align: justify;\">L\u00fcbnan devletinin s\u0131n\u0131r anla\u015fmas\u0131 nedeniyle normalle\u015fme su\u00e7lamas\u0131na yan\u0131t olarak Seyyid Nasrullah, bu su\u00e7laman\u0131n \u015fekil olarak bile temelsiz oldu\u011funu ve yap\u0131lan t\u00fcm m\u00fczakerelerin dolayl\u0131 oldu\u011funu a\u00e7\u0131klad\u0131.<\/p>\n<p style=\"text-align: justify;\">Nasrullah, \u0130ran&#8217;\u0131n \u015eiraz kentindeki bir t\u00fcrbeyi hedef alan ter\u00f6rist sald\u0131r\u0131n\u0131n, b\u00f6lge halklar\u0131 aras\u0131nda, birbirini izleyen ABD y\u00f6netimleri taraf\u0131ndan desteklenen ter\u00f6rist gruplar\u0131n vah\u015fi su\u00e7 ideolojisinin ger\u00e7ekli\u011fi hakk\u0131nda daha fazla fark\u0131ndal\u0131k ve anlay\u0131\u015f i\u00e7in bir neden olmas\u0131 gerekti\u011fine dikkat \u00e7ekti.<\/p>\n<p style=\"text-align: justify;\">Seyyid Nasrullah, Filistin konusunda da, Filistinli kahramanlar\u0131n d\u00fc\u015fman varl\u0131\u011f\u0131n\u0131 sarst\u0131\u011f\u0131n\u0131 ve i\u015fgal alt\u0131ndaki Filistin topraklar\u0131nda ya\u015fananlar\u0131n, Siyonist d\u00fc\u015fmandan kurtulu\u015f umudu arayan yeni bir yol \u00e7izdi\u011fini belirtti.<\/p>\n<p><span style=\"color: #0000ff;\">#Telegram_Kanal\u0131m\u0131z: https:\/\/t.me\/SuriyeArapHaberAjans\u0131<\/span><\/p>\n","protected":false},"excerpt":{"rendered":"<p>BEYRUT &#8211; Hizbullah Genel Sekreteri Seyyid Hasan Nasrullah, (I\u015e\u0130D) ter\u00f6r \u00f6rg\u00fct\u00fcne Suriye ve Irak&#8217;tan Afganistan&#8217;a, kendisine emanet edilen Amerikan g\u00f6revini yerine getirmesi i\u00e7in g\u00fcvenli bir hareket sa\u011flayan\u0131n Amerika Birle\u015fik Devletleri oldu\u011funu belirtti. Seyyid Nasrullah, bug\u00fcn Dahiye Cenubiyye&#8217;deki Seyyid el \u015euhada Kompleksi&#8217;ndeki &#8220;Topra\u011f\u0131m\u0131n Pazar\u0131&#8221; fuar\u0131n\u0131n a\u00e7\u0131l\u0131\u015f\u0131nda yapt\u0131\u011f\u0131 konu\u015fmada: S\u0131n\u0131r\u0131n \u00e7izilmesi dosyas\u0131 tecr\u00fcbesinin direni\u015f d\u00fczeyinde \u00e7ok \u00f6nemli &hellip;<\/p>\n","protected":false},"author":1,"featured_media":265563,"comment_status":"closed","ping_status":"closed","sticky":false,"template":"","format":"standard","meta":{"footnotes":""},"categories":[458,459,17988],"tags":[],"class_list":["post-265562","post","type-post","status-publish","format-standard","has-post-thumbnail","","category-dunya1","category-haberler-arap-uluslararasi-politika","category-son-haberler"],"_links":{"self":[{"href":"https:\/\/archive.sana.sy\/tr\/index.php?rest_route=\/wp\/v2\/posts\/265562","targetHints":{"allow":["GET"]}}],"collection":[{"href":"https:\/\/archive.sana.sy\/tr\/index.php?rest_route=\/wp\/v2\/posts"}],"about":[{"href":"https:\/\/archive.sana.sy\/tr\/index.php?rest_route=\/wp\/v2\/types\/post"}],"author":[{"embeddable":true,"href":"https:\/\/archive.sana.sy\/tr\/index.php?rest_route=\/wp\/v2\/users\/1"}],"replies":[{"embeddable":true,"href":"https:\/\/archive.sana.sy\/tr\/index.php?rest_route=%2Fwp%2Fv2%2Fcomments&post=265562"}],"version-history":[{"count":0,"href":"https:\/\/archive.sana.sy\/tr\/index.php?rest_route=\/wp\/v2\/posts\/265562\/revisions"}],"wp:featuredmedia":[{"embeddable":true,"href":"https:\/\/archive.sana.sy\/tr\/index.php?rest_route=\/wp\/v2\/media\/265563"}],"wp:attachment":[{"href":"https:\/\/archive.sana.sy\/tr\/index.php?rest_route=%2Fwp%2Fv2%2Fmedia&parent=265562"}],"wp:term":[{"taxonomy":"category","embeddable":true,"href":"https:\/\/archive.sana.sy\/tr\/index.php?rest_route=%2Fwp%2Fv2%2Fcategories&post=265562"},{"taxonomy":"post_tag","embeddable":true,"href":"https:\/\/archive.sana.sy\/tr\/index.php?rest_route=%2Fwp%2Fv2%2Ftags&post=265562"}],"curies":[{"name":"wp","href":"https:\/\/api.w.org\/{rel}","templated":true}]}}