{"id":265576,"date":"2022-10-28T20:40:24","date_gmt":"2022-10-28T18:40:24","guid":{"rendered":"http:\/\/107.6.182.27\/tr\/?p=265576"},"modified":"2022-10-30T07:10:13","modified_gmt":"2022-10-30T05:10:13","slug":"sabbagh-israilin-filistin-ve-suriye-golan-halklarina-yonelik-uygulamalari-uluslararasi-hukukun-ciddi-ihlalleridir","status":"publish","type":"post","link":"https:\/\/archive.sana.sy\/tr\/?p=265576","title":{"rendered":"Sabba\u011f: \u0130srail&#8217;in Filistin ve Suriye Golan Halklar\u0131na Y\u00f6nelik Uygulamalar\u0131 Uluslararas\u0131 Hukukun Ciddi \u0130hlalleridir"},"content":{"rendered":"<p>NEW YORK \u2013 Suriye&#8217;nin Birle\u015fmi\u015f Milletler Daimi Temsilcisi B\u00fcy\u00fckel\u00e7i Bessam Sabba\u011f, \u0130srail&#8217;in Arap topraklar\u0131n\u0131 i\u015fgal etmeye devam etmesinin ve Filistin ve Suriye Golan halklar\u0131na y\u00f6nelik uygulamalar\u0131n\u0131n uluslararas\u0131 hukukun ciddi ihlallerini temsil etti\u011fini belirtirken, G\u00fcvenlik Konseyi&#8217;ni sessizli\u011fini terk etmeye ve Suriye&#8217;nin egemenli\u011fine y\u00f6nelik tekrarlanan \u0130srail sald\u0131r\u0131lar\u0131n\u0131 durdurmak i\u00e7in acilen sorumluluklar\u0131n\u0131 \u00fcstlenmeye \u00e7a\u011f\u0131rd\u0131.<\/p>\n<p>Sabba\u011f, &#8220;\u0130\u015fgal alt\u0131ndaki Suriye Golan&#8217;\u0131n tamam\u0131n\u0131 4 Haziran 1967 hatt\u0131na kadar geri alma hakk\u0131m\u0131z, pazarl\u0131k ve bask\u0131ya tabi olmayan, zaman a\u015f\u0131m\u0131na u\u011framayan ve uluslararas\u0131 hukuk ve ilgili Birle\u015fmi\u015f Milletler kararlar\u0131, \u00f6zellikle de G\u00fcvenlik Konseyi&#8217;nin 1981 tarihli 497 say\u0131l\u0131 Karar\u0131 olmak \u00fczere, devredilemez bir hakt\u0131r&#8221; dedi.<\/p>\n<p>Suriye b\u00fcy\u00fckel\u00e7isi, \u00fclkesinin i\u015fgal alt\u0131ndaki topraklar\u0131n\u0131 \u00f6zg\u00fcrle\u015ftirme ve ba\u015fkenti Kud\u00fcs olan ba\u011f\u0131ms\u0131z ve egemen bir devlet kurma m\u00fccadelesinde Filistin halk\u0131n\u0131n yan\u0131nda kararl\u0131 oldu\u011funu do\u011frulad\u0131.<\/p>\n<p>Sabba\u011f, &#8220;Suriye&#8217;deki Golan&#8217;daki \u0130srail i\u015fgal yetkilileri, 1967&#8217;den bug\u00fcne kadar, insan haklar\u0131 hukuku ve uluslararas\u0131 insanc\u0131l hukukun en korukun\u00e7 ve sistematik ihlallerini uyguluyorlar ve 2011&#8217;de Suriye&#8217;ye y\u00f6nelik ter\u00f6r sava\u015f\u0131n\u0131n ba\u015flamas\u0131ndan bu yana, ter\u00f6r \u00f6rg\u00fctlerini desteklemekle me\u015fguller&#8221; dedi.<\/p>\n<p>Sabba\u011f, \u0130\u015fgal g\u00fc\u00e7lerinin, Suriye arap ordusunun ter\u00f6r \u00f6rg\u00fctlerine kar\u015f\u0131 sava\u015fma kabiliyetini zay\u0131flatmak i\u00e7in Suriye topraklar\u0131na do\u011frudan ve tekrerlenen sald\u0131r\u0131lar d\u00fczenledi\u011fini ve son zamanlarda sivil tesislere sistematik ve kas\u0131tl\u0131 sald\u0131r\u0131lara ba\u015fvurarak b\u00f6lgede ve d\u00fcnyadaki bar\u0131\u015f ve g\u00fcvenli\u011fi tehdit etti\u011fini a\u00e7\u0131klad\u0131.<\/p>\n<p><span style=\"color: #0000ff;\">#Telegram_Kanal\u0131m\u0131z: https:\/\/t.me\/SuriyeArapHaberAjans\u0131<\/span><\/p>\n","protected":false},"excerpt":{"rendered":"<p>NEW YORK \u2013 Suriye&#8217;nin Birle\u015fmi\u015f Milletler Daimi Temsilcisi B\u00fcy\u00fckel\u00e7i Bessam Sabba\u011f, \u0130srail&#8217;in Arap topraklar\u0131n\u0131 i\u015fgal etmeye devam etmesinin ve Filistin ve Suriye Golan halklar\u0131na y\u00f6nelik uygulamalar\u0131n\u0131n uluslararas\u0131 hukukun ciddi ihlallerini temsil etti\u011fini belirtirken, G\u00fcvenlik Konseyi&#8217;ni sessizli\u011fini terk etmeye ve Suriye&#8217;nin egemenli\u011fine y\u00f6nelik tekrarlanan \u0130srail sald\u0131r\u0131lar\u0131n\u0131 durdurmak i\u00e7in acilen sorumluluklar\u0131n\u0131 \u00fcstlenmeye \u00e7a\u011f\u0131rd\u0131. Sabba\u011f, &#8220;\u0130\u015fgal alt\u0131ndaki Suriye &hellip;<\/p>\n","protected":false},"author":36,"featured_media":265577,"comment_status":"closed","ping_status":"closed","sticky":false,"template":"","format":"standard","meta":{"footnotes":""},"categories":[458,459,17988],"tags":[],"class_list":["post-265576","post","type-post","status-publish","format-standard","has-post-thumbnail","","category-dunya1","category-haberler-arap-uluslararasi-politika","category-son-haberler"],"_links":{"self":[{"href":"https:\/\/archive.sana.sy\/tr\/index.php?rest_route=\/wp\/v2\/posts\/265576","targetHints":{"allow":["GET"]}}],"collection":[{"href":"https:\/\/archive.sana.sy\/tr\/index.php?rest_route=\/wp\/v2\/posts"}],"about":[{"href":"https:\/\/archive.sana.sy\/tr\/index.php?rest_route=\/wp\/v2\/types\/post"}],"author":[{"embeddable":true,"href":"https:\/\/archive.sana.sy\/tr\/index.php?rest_route=\/wp\/v2\/users\/36"}],"replies":[{"embeddable":true,"href":"https:\/\/archive.sana.sy\/tr\/index.php?rest_route=%2Fwp%2Fv2%2Fcomments&post=265576"}],"version-history":[{"count":0,"href":"https:\/\/archive.sana.sy\/tr\/index.php?rest_route=\/wp\/v2\/posts\/265576\/revisions"}],"wp:featuredmedia":[{"embeddable":true,"href":"https:\/\/archive.sana.sy\/tr\/index.php?rest_route=\/wp\/v2\/media\/265577"}],"wp:attachment":[{"href":"https:\/\/archive.sana.sy\/tr\/index.php?rest_route=%2Fwp%2Fv2%2Fmedia&parent=265576"}],"wp:term":[{"taxonomy":"category","embeddable":true,"href":"https:\/\/archive.sana.sy\/tr\/index.php?rest_route=%2Fwp%2Fv2%2Fcategories&post=265576"},{"taxonomy":"post_tag","embeddable":true,"href":"https:\/\/archive.sana.sy\/tr\/index.php?rest_route=%2Fwp%2Fv2%2Ftags&post=265576"}],"curies":[{"name":"wp","href":"https:\/\/api.w.org\/{rel}","templated":true}]}}