{"id":265580,"date":"2022-10-28T15:48:39","date_gmt":"2022-10-28T13:48:39","guid":{"rendered":"http:\/\/107.6.182.27\/tr\/?p=265580"},"modified":"2022-10-30T07:10:10","modified_gmt":"2022-10-30T05:10:10","slug":"palmyra-zafer-takinda-restorasyon-calismalari-suruyor","status":"publish","type":"post","link":"https:\/\/archive.sana.sy\/tr\/?p=265580","title":{"rendered":"Palmyra Zafer Tak\u0131&#8217;nda restorasyon \u00e7al\u0131\u015fmalar\u0131 s\u00fcr\u00fcyor"},"content":{"rendered":"<p>HOMS \u2013 2015 y\u0131l\u0131nda I\u015e\u0130D ter\u00f6r \u00f6rg\u00fct\u00fc taraf\u0131ndan sabote edilen tarihi kent Palmyra&#8217;da Zafer Tak\u0131 arkeolojik an\u0131t\u0131nda restorasyon \u00e7al\u0131\u015fmalar\u0131 devam ediyor.<\/p>\n<p><img loading=\"lazy\" decoding=\"async\" class=\"size-medium wp-image-265586 alignright\" src=\"http:\/\/107.6.182.27\/tr\/wp-content\/uploads\/2022\/10\/3-12-300x174.jpg\" alt=\"\" width=\"300\" height=\"174\" srcset=\"https:\/\/archive.sana.sy\/tr\/wp-content\/uploads\/2022\/10\/3-12-300x174.jpg 300w, https:\/\/archive.sana.sy\/tr\/wp-content\/uploads\/2022\/10\/3-12-150x87.jpg 150w, https:\/\/archive.sana.sy\/tr\/wp-content\/uploads\/2022\/10\/3-12.jpg 660w\" sizes=\"auto, (max-width: 300px) 100vw, 300px\" \/>Bu proje K\u00fclt\u00fcr Bakanl\u0131\u011f\u0131 Eski Eserler ve M\u00fczeler Genel M\u00fcd\u00fcrl\u00fc\u011f\u00fc, Suriye Kalk\u0131nma Fonu ve Rusya Bilimler Akademisi Maddi K\u00fclt\u00fcr Tarihi Enstit\u00fcs\u00fc taraf\u0131ndan y\u00fcr\u00fct\u00fclmektedir.<\/p>\n<p>M\u00fcd\u00fcrl\u00fck Klasik Eski Eserler Dairesi Ba\u015fkan\u0131 Haydar Yousef, SANA&#8217;ya yapt\u0131\u011f\u0131 a\u00e7\u0131klamada, \u201dbu a\u015famadaki restorasyon \u00e7al\u0131\u015fmas\u0131n\u0131n bir ay \u00f6nce ba\u015flad\u0131\u011f\u0131n\u0131 bildirdi ve s\u00fctunlar\u0131n\u0131n yap\u0131s\u0131n\u0131 kontrol etmenin yan\u0131 s\u0131ra Kemer&#8217;in y\u0131k\u0131lan ta\u015flar\u0131n\u0131n gerekli \u00fc\u00e7 boyutlu ve teknik dok\u00fcmantasyonunu da dahil etti\u201d dedi.<\/p>\n<p>Restorasyonun ileri teknikler kullan\u0131larak profesyonellik ve b\u00fcy\u00fck bir hassasiyetle ger\u00e7ekle\u015ftirildi\u011fini kaydetti.<\/p>\n<p><span style=\"color: #0000ff;\">#Telegram_Kanal\u0131m\u0131z: https:\/\/t.me\/SuriyeArapHaberAjans\u0131<\/span><\/p>\n<div id='gallery-1' class='gallery galleryid-265580 gallery-columns-2 gallery-size-full'><figure class='gallery-item'>\n\t\t\t<div class='gallery-icon landscape'>\n\t\t\t\t<a href='https:\/\/archive.sana.sy\/tr\/wp-content\/uploads\/2022\/10\/1-9-copy.jpg'><img loading=\"lazy\" decoding=\"async\" width=\"660\" height=\"386\" src=\"https:\/\/archive.sana.sy\/tr\/wp-content\/uploads\/2022\/10\/1-9-copy.jpg\" class=\"attachment-full size-full\" alt=\"\" srcset=\"https:\/\/archive.sana.sy\/tr\/wp-content\/uploads\/2022\/10\/1-9-copy.jpg 660w, https:\/\/archive.sana.sy\/tr\/wp-content\/uploads\/2022\/10\/1-9-copy-300x175.jpg 300w, https:\/\/archive.sana.sy\/tr\/wp-content\/uploads\/2022\/10\/1-9-copy-150x88.jpg 150w\" sizes=\"auto, (max-width: 660px) 100vw, 660px\" \/><\/a>\n\t\t\t<\/div><\/figure><figure class='gallery-item'>\n\t\t\t<div class='gallery-icon landscape'>\n\t\t\t\t<a href='https:\/\/archive.sana.sy\/tr\/wp-content\/uploads\/2022\/10\/1-14-copy.jpg'><img loading=\"lazy\" decoding=\"async\" width=\"660\" height=\"392\" src=\"https:\/\/archive.sana.sy\/tr\/wp-content\/uploads\/2022\/10\/1-14-copy.jpg\" class=\"attachment-full size-full\" alt=\"\" srcset=\"https:\/\/archive.sana.sy\/tr\/wp-content\/uploads\/2022\/10\/1-14-copy.jpg 660w, https:\/\/archive.sana.sy\/tr\/wp-content\/uploads\/2022\/10\/1-14-copy-300x178.jpg 300w, https:\/\/archive.sana.sy\/tr\/wp-content\/uploads\/2022\/10\/1-14-copy-150x89.jpg 150w\" sizes=\"auto, (max-width: 660px) 100vw, 660px\" \/><\/a>\n\t\t\t<\/div><\/figure><figure class='gallery-item'>\n\t\t\t<div class='gallery-icon landscape'>\n\t\t\t\t<a href='https:\/\/archive.sana.sy\/tr\/wp-content\/uploads\/2022\/10\/1-16-copy-1.jpg'><img loading=\"lazy\" decoding=\"async\" width=\"660\" height=\"391\" src=\"https:\/\/archive.sana.sy\/tr\/wp-content\/uploads\/2022\/10\/1-16-copy-1.jpg\" class=\"attachment-full size-full\" alt=\"\" srcset=\"https:\/\/archive.sana.sy\/tr\/wp-content\/uploads\/2022\/10\/1-16-copy-1.jpg 660w, https:\/\/archive.sana.sy\/tr\/wp-content\/uploads\/2022\/10\/1-16-copy-1-300x178.jpg 300w, https:\/\/archive.sana.sy\/tr\/wp-content\/uploads\/2022\/10\/1-16-copy-1-150x89.jpg 150w\" sizes=\"auto, (max-width: 660px) 100vw, 660px\" \/><\/a>\n\t\t\t<\/div><\/figure><figure class='gallery-item'>\n\t\t\t<div class='gallery-icon landscape'>\n\t\t\t\t<a href='https:\/\/archive.sana.sy\/tr\/wp-content\/uploads\/2022\/10\/1-22-copy-1.jpg'><img loading=\"lazy\" decoding=\"async\" width=\"660\" height=\"381\" src=\"https:\/\/archive.sana.sy\/tr\/wp-content\/uploads\/2022\/10\/1-22-copy-1.jpg\" class=\"attachment-full size-full\" alt=\"\" srcset=\"https:\/\/archive.sana.sy\/tr\/wp-content\/uploads\/2022\/10\/1-22-copy-1.jpg 660w, https:\/\/archive.sana.sy\/tr\/wp-content\/uploads\/2022\/10\/1-22-copy-1-300x173.jpg 300w, https:\/\/archive.sana.sy\/tr\/wp-content\/uploads\/2022\/10\/1-22-copy-1-150x87.jpg 150w\" sizes=\"auto, (max-width: 660px) 100vw, 660px\" \/><\/a>\n\t\t\t<\/div><\/figure>\n\t\t<\/div>\n\n","protected":false},"excerpt":{"rendered":"<p>HOMS \u2013 2015 y\u0131l\u0131nda I\u015e\u0130D ter\u00f6r \u00f6rg\u00fct\u00fc taraf\u0131ndan sabote edilen tarihi kent Palmyra&#8217;da Zafer Tak\u0131 arkeolojik an\u0131t\u0131nda restorasyon \u00e7al\u0131\u015fmalar\u0131 devam ediyor. Bu proje K\u00fclt\u00fcr Bakanl\u0131\u011f\u0131 Eski Eserler ve M\u00fczeler Genel M\u00fcd\u00fcrl\u00fc\u011f\u00fc, Suriye Kalk\u0131nma Fonu ve Rusya Bilimler Akademisi Maddi K\u00fclt\u00fcr Tarihi Enstit\u00fcs\u00fc taraf\u0131ndan y\u00fcr\u00fct\u00fclmektedir. M\u00fcd\u00fcrl\u00fck Klasik Eski Eserler Dairesi Ba\u015fkan\u0131 Haydar Yousef, SANA&#8217;ya yapt\u0131\u011f\u0131 a\u00e7\u0131klamada, &hellip;<\/p>\n","protected":false},"author":36,"featured_media":265585,"comment_status":"closed","ping_status":"closed","sticky":false,"template":"","format":"standard","meta":{"footnotes":""},"categories":[596,516,479,511,17988,478],"tags":[],"class_list":["post-265580","post","type-post","status-publish","format-standard","has-post-thumbnail","","category-fotografli-raporlar","category-haberler-kultur-ve-sanat","category-haberler-yerel","category-kultur-ve-sanat","category-son-haberler","category-yerel"],"_links":{"self":[{"href":"https:\/\/archive.sana.sy\/tr\/index.php?rest_route=\/wp\/v2\/posts\/265580","targetHints":{"allow":["GET"]}}],"collection":[{"href":"https:\/\/archive.sana.sy\/tr\/index.php?rest_route=\/wp\/v2\/posts"}],"about":[{"href":"https:\/\/archive.sana.sy\/tr\/index.php?rest_route=\/wp\/v2\/types\/post"}],"author":[{"embeddable":true,"href":"https:\/\/archive.sana.sy\/tr\/index.php?rest_route=\/wp\/v2\/users\/36"}],"replies":[{"embeddable":true,"href":"https:\/\/archive.sana.sy\/tr\/index.php?rest_route=%2Fwp%2Fv2%2Fcomments&post=265580"}],"version-history":[{"count":0,"href":"https:\/\/archive.sana.sy\/tr\/index.php?rest_route=\/wp\/v2\/posts\/265580\/revisions"}],"wp:featuredmedia":[{"embeddable":true,"href":"https:\/\/archive.sana.sy\/tr\/index.php?rest_route=\/wp\/v2\/media\/265585"}],"wp:attachment":[{"href":"https:\/\/archive.sana.sy\/tr\/index.php?rest_route=%2Fwp%2Fv2%2Fmedia&parent=265580"}],"wp:term":[{"taxonomy":"category","embeddable":true,"href":"https:\/\/archive.sana.sy\/tr\/index.php?rest_route=%2Fwp%2Fv2%2Fcategories&post=265580"},{"taxonomy":"post_tag","embeddable":true,"href":"https:\/\/archive.sana.sy\/tr\/index.php?rest_route=%2Fwp%2Fv2%2Ftags&post=265580"}],"curies":[{"name":"wp","href":"https:\/\/api.w.org\/{rel}","templated":true}]}}