{"id":265599,"date":"2022-10-29T15:01:07","date_gmt":"2022-10-29T13:01:07","guid":{"rendered":"http:\/\/107.6.182.27\/tr\/?p=265599"},"modified":"2022-10-30T07:12:12","modified_gmt":"2022-10-30T05:12:12","slug":"cin-filistin-davasina-kapsamli-ve-adil-bir-cozum-bulmak-icin-her-turlu-caba-harcanmalidir","status":"publish","type":"post","link":"https:\/\/archive.sana.sy\/tr\/?p=265599","title":{"rendered":"\u00c7in: Filistin Davas\u0131na Kapsaml\u0131 Ve Adil Bir \u00c7\u00f6z\u00fcm Bulmak \u0130\u00e7in Her T\u00fcrl\u00fc \u00c7aba Harcanmal\u0131d\u0131r"},"content":{"rendered":"<p>NEW YORK \u2013 \u00c7in, 1967 y\u0131l\u0131n s\u0131n\u0131rlar\u0131na g\u00f6re, egemen, tamamen ba\u011fm\u0131s\u0131z\u00a0 ve ba\u015fkenti Kud\u00fcs \u00a0olarak bir Filistin devleti kurmak i\u00e7in destekledi\u011fini vurgulayarak, Filistin davas\u0131na kapsaml\u0131 ve adil bir \u00e7\u00f6z\u00fcm bulmak i\u00e7in usullararas\u0131 toplulukla b\u00fcy\u00fck \u00e7abalar harcamaya devam edece\u011fini belirtti.<\/p>\n<p>Xinhua Ajans\u0131, \u00c7in&#8217;in BM Daimi Temsilci Yard\u0131mc\u0131s\u0131 Geng Shuang&#8217;\u0131n i\u015fgal edilen Bat\u0131 yaka\u2019daki \u0130srail i\u015fgal g\u00fc\u00e7lerinin y\u00fcr\u00fctt\u00fc\u011f\u00fc b\u00fcy\u00fck say\u0131da Filsitinlinin \u00f6lmesine yol a\u00e7an arama ve tutuklama operasyonlar\u0131n\u0131n etkleri konusundaki uyar\u0131lar\u0131n\u0131 aktard\u0131.<\/p>\n<p>Geng Shuang, \u00fclkesinin BM G\u00fcvenlik Konseyi\u2019nin kararlar\u0131 \u00e7er\u00e7evesinde \u0130srail\u2019in Bat\u0131 Yaka\u2019daki yerle\u015fem faaliyetlerini durumas\u0131 ve Filistin toplumunun kalk\u0131nmas\u0131 i\u00e7in gerekli \u015fartlar\u0131 sa\u011flamas\u0131na davet etti\u011fine dikkat \u00e7ekti.<\/p>\n<p>Geng Shuang ayr\u0131ca, uluslararsas\u0131 toplulu\u011fun, Filistin- \u0130srail g\u00f6r\u00fc\u015fmelerinin ba\u015flamas\u0131 i\u00e7in \u00a0gerekli kolayl\u0131klar\u0131 sa\u011flamas\u0131 ve ortado\u011fudaki bar\u0131\u015f s\u00fcrecinin do\u011fru yoluna koyulmas\u0131 gerekti\u011fine i\u015faret etti.<\/p>\n<p><a class=\"x1i10hfl xjbqb8w x6umtig x1b1mbwd xaqea5y xav7gou x9f619 x1ypdohk xt0psk2 xe8uvvx xdj266r x11i5rnm xat24cr x1mh8g0r xexx8yu x4uap5 x18d9i69 xkhd6sd x16tdsg8 x1hl2dhg xggy1nq x1a2a7pz xt0b8zv x1qq9wsj xo1l8bm\" tabindex=\"0\" role=\"link\" href=\"https:\/\/www.facebook.com\/hashtag\/telegram_kanal%C4%B1m%C4%B1z?__eep__=6&amp;__cft__[0]=AZUrgPr8Qo5iYzhca6_eku56d3olkJjKeSs6jF_4HFFOuxsOlqlFiEcnFAqGusX1ymWgBC7FnRZzlTnWvYRXwyF88n7KUw-KFQ3PZH28hSR4mZn31Dlk3XVTOCN4Ha9OkTw&amp;__tn__=*NK-R\">#Telegram_Kanal\u0131m\u0131z<\/a>: <a class=\"x1i10hfl xjbqb8w x6umtig x1b1mbwd xaqea5y xav7gou x9f619 x1ypdohk xt0psk2 xe8uvvx xdj266r x11i5rnm xat24cr x1mh8g0r xexx8yu x4uap5 x18d9i69 xkhd6sd x16tdsg8 x1hl2dhg xggy1nq x1a2a7pz xt0b8zv x1fey0fg\" tabindex=\"0\" role=\"link\" href=\"https:\/\/t.me\/SuriyeArapHaberAjans%C4%B1?fbclid=IwAR0MqmNKf6y9KMVmYL236a9THCqgX8Uea0xSw0q4-PqVvQZ3PfsUSWaNkd4\" target=\"_blank\" rel=\"nofollow noopener\">https:\/\/t.me\/SuriyeArapHaberAjans\u0131<\/a><\/p>\n<p>&nbsp;<\/p>\n","protected":false},"excerpt":{"rendered":"<p>NEW YORK \u2013 \u00c7in, 1967 y\u0131l\u0131n s\u0131n\u0131rlar\u0131na g\u00f6re, egemen, tamamen ba\u011fm\u0131s\u0131z\u00a0 ve ba\u015fkenti Kud\u00fcs \u00a0olarak bir Filistin devleti kurmak i\u00e7in destekledi\u011fini vurgulayarak, Filistin davas\u0131na kapsaml\u0131 ve adil bir \u00e7\u00f6z\u00fcm bulmak i\u00e7in usullararas\u0131 toplulukla b\u00fcy\u00fck \u00e7abalar harcamaya devam edece\u011fini belirtti. Xinhua Ajans\u0131, \u00c7in&#8217;in BM Daimi Temsilci Yard\u0131mc\u0131s\u0131 Geng Shuang&#8217;\u0131n i\u015fgal edilen Bat\u0131 yaka\u2019daki \u0130srail i\u015fgal g\u00fc\u00e7lerinin &hellip;<\/p>\n","protected":false},"author":39,"featured_media":265609,"comment_status":"closed","ping_status":"closed","sticky":false,"template":"","format":"standard","meta":{"footnotes":""},"categories":[458,459,17988],"tags":[],"class_list":["post-265599","post","type-post","status-publish","format-standard","has-post-thumbnail","","category-dunya1","category-haberler-arap-uluslararasi-politika","category-son-haberler"],"_links":{"self":[{"href":"https:\/\/archive.sana.sy\/tr\/index.php?rest_route=\/wp\/v2\/posts\/265599","targetHints":{"allow":["GET"]}}],"collection":[{"href":"https:\/\/archive.sana.sy\/tr\/index.php?rest_route=\/wp\/v2\/posts"}],"about":[{"href":"https:\/\/archive.sana.sy\/tr\/index.php?rest_route=\/wp\/v2\/types\/post"}],"author":[{"embeddable":true,"href":"https:\/\/archive.sana.sy\/tr\/index.php?rest_route=\/wp\/v2\/users\/39"}],"replies":[{"embeddable":true,"href":"https:\/\/archive.sana.sy\/tr\/index.php?rest_route=%2Fwp%2Fv2%2Fcomments&post=265599"}],"version-history":[{"count":0,"href":"https:\/\/archive.sana.sy\/tr\/index.php?rest_route=\/wp\/v2\/posts\/265599\/revisions"}],"wp:featuredmedia":[{"embeddable":true,"href":"https:\/\/archive.sana.sy\/tr\/index.php?rest_route=\/wp\/v2\/media\/265609"}],"wp:attachment":[{"href":"https:\/\/archive.sana.sy\/tr\/index.php?rest_route=%2Fwp%2Fv2%2Fmedia&parent=265599"}],"wp:term":[{"taxonomy":"category","embeddable":true,"href":"https:\/\/archive.sana.sy\/tr\/index.php?rest_route=%2Fwp%2Fv2%2Fcategories&post=265599"},{"taxonomy":"post_tag","embeddable":true,"href":"https:\/\/archive.sana.sy\/tr\/index.php?rest_route=%2Fwp%2Fv2%2Ftags&post=265599"}],"curies":[{"name":"wp","href":"https:\/\/api.w.org\/{rel}","templated":true}]}}