{"id":265612,"date":"2022-10-29T13:30:43","date_gmt":"2022-10-29T11:30:43","guid":{"rendered":"http:\/\/107.6.182.27\/tr\/?p=265612"},"modified":"2022-10-30T07:10:45","modified_gmt":"2022-10-30T05:10:45","slug":"suriye-fiziksel-guc-icin-afrika-acik-sampiyonasinda-bir-gumus-bir-bronz-madalya-kazandi","status":"publish","type":"post","link":"https:\/\/archive.sana.sy\/tr\/?p=265612","title":{"rendered":"Suriye, \u00a0Afrika A\u00e7\u0131k Fiziksel G\u00fc\u00e7 \u015eampiyonas\u0131&#8217;nda Bir G\u00fcm\u00fc\u015f Bir Bronz Madalya Kazand\u0131 \u00a0"},"content":{"rendered":"<p>KAH\u0130RE \u2013 Suriye milli tak\u0131m\u0131n\u0131n \u00f6zel sporlar\u0131n oyuncusu \u015eadi \u0130sa, \u015fu anda M\u0131s\u0131r&#8217;\u0131n ba\u015fkenti Kahire&#8217;de d\u00fczenlenen Afrika A\u00e7\u0131k Fiziksel G\u00fc\u00e7 \u015eampiyonas\u0131&#8217;nda bir g\u00fcm\u00fc\u015f ve bir bronz madalya kazand\u0131.<\/p>\n<p>\u0130sa, toplam kald\u0131rma say\u0131s\u0131yla g\u00fcm\u00fc\u015f ve 180 kg kald\u0131rmas\u0131yla\u00a0 bronz madalyas\u0131n\u0131n kazanmas\u0131yla ikinci M\u0131s\u0131rl\u0131 oyuncu ve birinci Irakl\u0131 oyuncunun arkas\u0131nda \u00fc\u00e7\u00fcnc\u00fc oldu.<\/p>\n<p>Tak\u0131m\u0131n heyeti, \u00a0teknik direkt\u00f6r Riyad El Kas\u0131m, \u015eadi \u0130sa ve Nura, Fatima\u00a0 El Hasan \u00a0ve Ra\u015fa \u015eeyih adl\u0131 oyunclardan olu\u015fuyor.<\/p>\n<p><a class=\"x1i10hfl xjbqb8w x6umtig x1b1mbwd xaqea5y xav7gou x9f619 x1ypdohk xt0psk2 xe8uvvx xdj266r x11i5rnm xat24cr x1mh8g0r xexx8yu x4uap5 x18d9i69 xkhd6sd x16tdsg8 x1hl2dhg xggy1nq x1a2a7pz xt0b8zv x1qq9wsj xo1l8bm\" tabindex=\"0\" role=\"link\" href=\"https:\/\/www.facebook.com\/hashtag\/telegram_kanal%C4%B1m%C4%B1z?__eep__=6&amp;__cft__[0]=AZUrgPr8Qo5iYzhca6_eku56d3olkJjKeSs6jF_4HFFOuxsOlqlFiEcnFAqGusX1ymWgBC7FnRZzlTnWvYRXwyF88n7KUw-KFQ3PZH28hSR4mZn31Dlk3XVTOCN4Ha9OkTw&amp;__tn__=*NK-R\">#Telegram_Kanal\u0131m\u0131z<\/a>:\u00a0<a class=\"x1i10hfl xjbqb8w x6umtig x1b1mbwd xaqea5y xav7gou x9f619 x1ypdohk xt0psk2 xe8uvvx xdj266r x11i5rnm xat24cr x1mh8g0r xexx8yu x4uap5 x18d9i69 xkhd6sd x16tdsg8 x1hl2dhg xggy1nq x1a2a7pz xt0b8zv x1fey0fg\" tabindex=\"0\" role=\"link\" href=\"https:\/\/t.me\/SuriyeArapHaberAjans%C4%B1?fbclid=IwAR0MqmNKf6y9KMVmYL236a9THCqgX8Uea0xSw0q4-PqVvQZ3PfsUSWaNkd4\" target=\"_blank\" rel=\"nofollow noopener\">https:\/\/t.me\/SuriyeArapHaberAjans\u0131<\/a><\/p>\n","protected":false},"excerpt":{"rendered":"<p>KAH\u0130RE \u2013 Suriye milli tak\u0131m\u0131n\u0131n \u00f6zel sporlar\u0131n oyuncusu \u015eadi \u0130sa, \u015fu anda M\u0131s\u0131r&#8217;\u0131n ba\u015fkenti Kahire&#8217;de d\u00fczenlenen Afrika A\u00e7\u0131k Fiziksel G\u00fc\u00e7 \u015eampiyonas\u0131&#8217;nda bir g\u00fcm\u00fc\u015f ve bir bronz madalya kazand\u0131. \u0130sa, toplam kald\u0131rma say\u0131s\u0131yla g\u00fcm\u00fc\u015f ve 180 kg kald\u0131rmas\u0131yla\u00a0 bronz madalyas\u0131n\u0131n kazanmas\u0131yla ikinci M\u0131s\u0131rl\u0131 oyuncu ve birinci Irakl\u0131 oyuncunun arkas\u0131nda \u00fc\u00e7\u00fcnc\u00fc oldu. Tak\u0131m\u0131n heyeti, \u00a0teknik direkt\u00f6r Riyad &hellip;<\/p>\n","protected":false},"author":41,"featured_media":265613,"comment_status":"closed","ping_status":"closed","sticky":false,"template":"","format":"standard","meta":{"footnotes":""},"categories":[498,17988,496],"tags":[],"class_list":["post-265612","post","type-post","status-publish","format-standard","has-post-thumbnail","","category-dunya-turnuvalari","category-son-haberler","category-spor"],"_links":{"self":[{"href":"https:\/\/archive.sana.sy\/tr\/index.php?rest_route=\/wp\/v2\/posts\/265612","targetHints":{"allow":["GET"]}}],"collection":[{"href":"https:\/\/archive.sana.sy\/tr\/index.php?rest_route=\/wp\/v2\/posts"}],"about":[{"href":"https:\/\/archive.sana.sy\/tr\/index.php?rest_route=\/wp\/v2\/types\/post"}],"author":[{"embeddable":true,"href":"https:\/\/archive.sana.sy\/tr\/index.php?rest_route=\/wp\/v2\/users\/41"}],"replies":[{"embeddable":true,"href":"https:\/\/archive.sana.sy\/tr\/index.php?rest_route=%2Fwp%2Fv2%2Fcomments&post=265612"}],"version-history":[{"count":0,"href":"https:\/\/archive.sana.sy\/tr\/index.php?rest_route=\/wp\/v2\/posts\/265612\/revisions"}],"wp:featuredmedia":[{"embeddable":true,"href":"https:\/\/archive.sana.sy\/tr\/index.php?rest_route=\/wp\/v2\/media\/265613"}],"wp:attachment":[{"href":"https:\/\/archive.sana.sy\/tr\/index.php?rest_route=%2Fwp%2Fv2%2Fmedia&parent=265612"}],"wp:term":[{"taxonomy":"category","embeddable":true,"href":"https:\/\/archive.sana.sy\/tr\/index.php?rest_route=%2Fwp%2Fv2%2Fcategories&post=265612"},{"taxonomy":"post_tag","embeddable":true,"href":"https:\/\/archive.sana.sy\/tr\/index.php?rest_route=%2Fwp%2Fv2%2Ftags&post=265612"}],"curies":[{"name":"wp","href":"https:\/\/api.w.org\/{rel}","templated":true}]}}