{"id":265630,"date":"2022-10-29T17:28:05","date_gmt":"2022-10-29T15:28:05","guid":{"rendered":"http:\/\/107.6.182.27\/tr\/?p=265630"},"modified":"2022-10-31T07:19:51","modified_gmt":"2022-10-31T05:19:51","slug":"cevre-kavraminin-gelistirilmesine-iliskin-egitim-bakanligi-ve-arap-aricilar-birligi-arasinda-mutabakat-muhtirasi","status":"publish","type":"post","link":"https:\/\/archive.sana.sy\/tr\/?p=265630","title":{"rendered":"\u00c7evre Kavram\u0131n\u0131n Geli\u015ftirilmesine \u0130li\u015fkin E\u011fitim Bakanl\u0131\u011f\u0131 Ve Arap Ar\u0131c\u0131lar Birli\u011fi Aras\u0131nda Mutabakat Muht\u0131ras\u0131"},"content":{"rendered":"<p>\u015eAM \u2013 E\u011fitim Bakanl\u0131\u011f\u0131, Arap Ar\u0131c\u0131lar Birli\u011fi Suriye \u015eubesi ile mesleki ve teknik e\u011fitim ba\u015fta olmak \u00fczere okul m\u00fcfredat\u0131nda \u00e7evre kavram\u0131n\u0131 ve tar\u0131msal \u00e7al\u0131\u015fmay\u0131 geli\u015ftirmek i\u00e7in bir mutabakat zapt\u0131 imzalad\u0131.<\/p>\n<p>E\u011fitim Bakan\u0131 \u00a0Darem Tabbaa ve birlik ba\u015fkan\u0131 \u0130yad Dabbul taraf\u0131ndan imzalanan muht\u0131ra, ar\u0131 sekt\u00f6r\u00fc alanlar\u0131nda kapasite ve beceri geli\u015ftirmeye, ge\u00e7im kaynaklar\u0131n\u0131n, ev ekonomisinin ve i\u015fg\u00fcc\u00fc piyasas\u0131 ile ilgili \u00e7e\u015fitli faaliyetlerin iyile\u015ftirilmesine, k\u0131rsal okullar i\u00e7in e\u011fitim m\u00fcfredat\u0131n\u0131n g\u00f6zden ge\u00e7irilmesine ve geli\u015ftirilmesine ve E\u011fitim Bakanl\u0131\u011f\u0131 i\u00e7in rehberlik ve dan\u0131\u015fmanl\u0131k kapsam\u0131nda \u00e7evre bilincini art\u0131rmaya y\u00f6nelik ortak faaliyetlerin kurulmas\u0131na \u00a0odaklanan birka\u00e7 eksen i\u00e7eriyor.<\/p>\n<p><a class=\"x1i10hfl xjbqb8w x6umtig x1b1mbwd xaqea5y xav7gou x9f619 x1ypdohk xt0psk2 xe8uvvx xdj266r x11i5rnm xat24cr x1mh8g0r xexx8yu x4uap5 x18d9i69 xkhd6sd x16tdsg8 x1hl2dhg xggy1nq x1a2a7pz xt0b8zv x1qq9wsj xo1l8bm\" tabindex=\"0\" role=\"link\" href=\"https:\/\/www.facebook.com\/hashtag\/telegram_kanal%C4%B1m%C4%B1z?__eep__=6&amp;__cft__[0]=AZUrgPr8Qo5iYzhca6_eku56d3olkJjKeSs6jF_4HFFOuxsOlqlFiEcnFAqGusX1ymWgBC7FnRZzlTnWvYRXwyF88n7KUw-KFQ3PZH28hSR4mZn31Dlk3XVTOCN4Ha9OkTw&amp;__tn__=*NK-R\">#Telegram_Kanal\u0131m\u0131z<\/a>:\u00a0<a class=\"x1i10hfl xjbqb8w x6umtig x1b1mbwd xaqea5y xav7gou x9f619 x1ypdohk xt0psk2 xe8uvvx xdj266r x11i5rnm xat24cr x1mh8g0r xexx8yu x4uap5 x18d9i69 xkhd6sd x16tdsg8 x1hl2dhg xggy1nq x1a2a7pz xt0b8zv x1fey0fg\" tabindex=\"0\" role=\"link\" href=\"https:\/\/t.me\/SuriyeArapHaberAjans%C4%B1?fbclid=IwAR0MqmNKf6y9KMVmYL236a9THCqgX8Uea0xSw0q4-PqVvQZ3PfsUSWaNkd4\" target=\"_blank\" rel=\"nofollow noopener\">https:\/\/t.me\/SuriyeArapHaberAjans\u0131<\/a><\/p>\n","protected":false},"excerpt":{"rendered":"<p>\u015eAM \u2013 E\u011fitim Bakanl\u0131\u011f\u0131, Arap Ar\u0131c\u0131lar Birli\u011fi Suriye \u015eubesi ile mesleki ve teknik e\u011fitim ba\u015fta olmak \u00fczere okul m\u00fcfredat\u0131nda \u00e7evre kavram\u0131n\u0131 ve tar\u0131msal \u00e7al\u0131\u015fmay\u0131 geli\u015ftirmek i\u00e7in bir mutabakat zapt\u0131 imzalad\u0131. E\u011fitim Bakan\u0131 \u00a0Darem Tabbaa ve birlik ba\u015fkan\u0131 \u0130yad Dabbul taraf\u0131ndan imzalanan muht\u0131ra, ar\u0131 sekt\u00f6r\u00fc alanlar\u0131nda kapasite ve beceri geli\u015ftirmeye, ge\u00e7im kaynaklar\u0131n\u0131n, ev ekonomisinin ve i\u015fg\u00fcc\u00fc &hellip;<\/p>\n","protected":false},"author":41,"featured_media":265631,"comment_status":"closed","ping_status":"closed","sticky":false,"template":"","format":"standard","meta":{"footnotes":""},"categories":[479,17988,478],"tags":[],"class_list":["post-265630","post","type-post","status-publish","format-standard","has-post-thumbnail","","category-haberler-yerel","category-son-haberler","category-yerel"],"_links":{"self":[{"href":"https:\/\/archive.sana.sy\/tr\/index.php?rest_route=\/wp\/v2\/posts\/265630","targetHints":{"allow":["GET"]}}],"collection":[{"href":"https:\/\/archive.sana.sy\/tr\/index.php?rest_route=\/wp\/v2\/posts"}],"about":[{"href":"https:\/\/archive.sana.sy\/tr\/index.php?rest_route=\/wp\/v2\/types\/post"}],"author":[{"embeddable":true,"href":"https:\/\/archive.sana.sy\/tr\/index.php?rest_route=\/wp\/v2\/users\/41"}],"replies":[{"embeddable":true,"href":"https:\/\/archive.sana.sy\/tr\/index.php?rest_route=%2Fwp%2Fv2%2Fcomments&post=265630"}],"version-history":[{"count":0,"href":"https:\/\/archive.sana.sy\/tr\/index.php?rest_route=\/wp\/v2\/posts\/265630\/revisions"}],"wp:featuredmedia":[{"embeddable":true,"href":"https:\/\/archive.sana.sy\/tr\/index.php?rest_route=\/wp\/v2\/media\/265631"}],"wp:attachment":[{"href":"https:\/\/archive.sana.sy\/tr\/index.php?rest_route=%2Fwp%2Fv2%2Fmedia&parent=265630"}],"wp:term":[{"taxonomy":"category","embeddable":true,"href":"https:\/\/archive.sana.sy\/tr\/index.php?rest_route=%2Fwp%2Fv2%2Fcategories&post=265630"},{"taxonomy":"post_tag","embeddable":true,"href":"https:\/\/archive.sana.sy\/tr\/index.php?rest_route=%2Fwp%2Fv2%2Ftags&post=265630"}],"curies":[{"name":"wp","href":"https:\/\/api.w.org\/{rel}","templated":true}]}}