{"id":265649,"date":"2022-10-30T08:43:44","date_gmt":"2022-10-30T06:43:44","guid":{"rendered":"http:\/\/107.6.182.27\/tr\/?p=265649"},"modified":"2022-11-01T07:28:31","modified_gmt":"2022-11-01T05:28:31","slug":"donbassi-korumak-icin-rus-ozel-askeri-operasyonundaki-gelismeler-9","status":"publish","type":"post","link":"https:\/\/archive.sana.sy\/tr\/?p=265649","title":{"rendered":"Donbass\u2019\u0131 Korumak \u0130\u00e7in Rus \u00d6zel Askeri Operasyonundaki Geli\u015fmeler"},"content":{"rendered":"<ul>\n<li><span style=\"color: #0000ff;\"><a style=\"color: #0000ff;\" href=\"http:\/\/107.6.182.27\/tr\/?p=265740\">Rusya Ordusu Bir Sava\u015f U\u00e7a\u011f\u0131 Ve \u00dc\u00e7 Ukrayna Helikopterini D\u00fc\u015f\u00fcrd\u00fc<\/a><\/span><\/li>\n<li><span style=\"color: #0000ff;\"><a style=\"color: #0000ff;\" href=\"http:\/\/107.6.182.27\/tr\/?p=265670\">Lavrov: Rus Liderli\u011fi Ukrayna Konusunda M\u00fczakereleri Y\u00fcr\u00fctmeye Hala Haz\u0131rd\u0131r<\/a><\/span><\/li>\n<li>Strimosov: Rus kuvvetleri, Kherson b\u00f6lgesine y\u00f6nelik yeni bir Ukrayna sald\u0131r\u0131s\u0131n\u0131 p\u00fcsk\u00fcrtt\u00fc<\/li>\n<\/ul>\n<p><a class=\"x1i10hfl xjbqb8w x6umtig x1b1mbwd xaqea5y xav7gou x9f619 x1ypdohk xt0psk2 xe8uvvx xdj266r x11i5rnm xat24cr x1mh8g0r xexx8yu x4uap5 x18d9i69 xkhd6sd x16tdsg8 x1hl2dhg xggy1nq x1a2a7pz xt0b8zv x1qq9wsj xo1l8bm\" tabindex=\"0\" role=\"link\" href=\"https:\/\/www.facebook.com\/hashtag\/telegram_kanal%C4%B1m%C4%B1z?__eep__=6&amp;__cft__[0]=AZXSDqOA3CNj7ITddvL3GolXI-rHBxCJJhIZaJ0eSYfxfT5sD-rFu-ub6sVeM73o_LWLFNk7V5I7LYJF3th9I6gq4Gilr9-IhOPt4m88bznAyVKN3eVenQCDqjGlj-763dk&amp;__tn__=*NK-R\">#Telegram_Kanal\u0131m\u0131z<\/a>: <a class=\"x1i10hfl xjbqb8w x6umtig x1b1mbwd xaqea5y xav7gou x9f619 x1ypdohk xt0psk2 xe8uvvx xdj266r x11i5rnm xat24cr x1mh8g0r xexx8yu x4uap5 x18d9i69 xkhd6sd x16tdsg8 x1hl2dhg xggy1nq x1a2a7pz xt0b8zv x1fey0fg\" tabindex=\"0\" role=\"link\" href=\"https:\/\/t.me\/SuriyeArapHaberAjansI?fbclid=IwAR2y5snQUOidIlrrZz2rYWsLGAHjD92GuxjpfkJf4kZE-974tIOfsqa-bY0\" target=\"_blank\" rel=\"nofollow noopener\">https:\/\/t.me\/SuriyeArapHaberAjansI<\/a><\/p>\n","protected":false},"excerpt":{"rendered":"<p>Rusya Ordusu Bir Sava\u015f U\u00e7a\u011f\u0131 Ve \u00dc\u00e7 Ukrayna Helikopterini D\u00fc\u015f\u00fcrd\u00fc Lavrov: Rus Liderli\u011fi Ukrayna Konusunda M\u00fczakereleri Y\u00fcr\u00fctmeye Hala Haz\u0131rd\u0131r Strimosov: Rus kuvvetleri, Kherson b\u00f6lgesine y\u00f6nelik yeni bir Ukrayna sald\u0131r\u0131s\u0131n\u0131 p\u00fcsk\u00fcrtt\u00fc #Telegram_Kanal\u0131m\u0131z: https:\/\/t.me\/SuriyeArapHaberAjansI<\/p>\n","protected":false},"author":39,"featured_media":265650,"comment_status":"closed","ping_status":"closed","sticky":false,"template":"","format":"standard","meta":{"footnotes":""},"categories":[458,459,17988],"tags":[],"class_list":["post-265649","post","type-post","status-publish","format-standard","has-post-thumbnail","","category-dunya1","category-haberler-arap-uluslararasi-politika","category-son-haberler"],"_links":{"self":[{"href":"https:\/\/archive.sana.sy\/tr\/index.php?rest_route=\/wp\/v2\/posts\/265649","targetHints":{"allow":["GET"]}}],"collection":[{"href":"https:\/\/archive.sana.sy\/tr\/index.php?rest_route=\/wp\/v2\/posts"}],"about":[{"href":"https:\/\/archive.sana.sy\/tr\/index.php?rest_route=\/wp\/v2\/types\/post"}],"author":[{"embeddable":true,"href":"https:\/\/archive.sana.sy\/tr\/index.php?rest_route=\/wp\/v2\/users\/39"}],"replies":[{"embeddable":true,"href":"https:\/\/archive.sana.sy\/tr\/index.php?rest_route=%2Fwp%2Fv2%2Fcomments&post=265649"}],"version-history":[{"count":0,"href":"https:\/\/archive.sana.sy\/tr\/index.php?rest_route=\/wp\/v2\/posts\/265649\/revisions"}],"wp:featuredmedia":[{"embeddable":true,"href":"https:\/\/archive.sana.sy\/tr\/index.php?rest_route=\/wp\/v2\/media\/265650"}],"wp:attachment":[{"href":"https:\/\/archive.sana.sy\/tr\/index.php?rest_route=%2Fwp%2Fv2%2Fmedia&parent=265649"}],"wp:term":[{"taxonomy":"category","embeddable":true,"href":"https:\/\/archive.sana.sy\/tr\/index.php?rest_route=%2Fwp%2Fv2%2Fcategories&post=265649"},{"taxonomy":"post_tag","embeddable":true,"href":"https:\/\/archive.sana.sy\/tr\/index.php?rest_route=%2Fwp%2Fv2%2Ftags&post=265649"}],"curies":[{"name":"wp","href":"https:\/\/api.w.org\/{rel}","templated":true}]}}