{"id":265670,"date":"2022-10-30T14:00:53","date_gmt":"2022-10-30T12:00:53","guid":{"rendered":"http:\/\/107.6.182.27\/tr\/?p=265670"},"modified":"2022-10-31T07:20:59","modified_gmt":"2022-10-31T05:20:59","slug":"lavrov-rus-liderligi-ukrayna-konusunda-muzakereleri-yurutmeye-hala-hazirdir","status":"publish","type":"post","link":"https:\/\/archive.sana.sy\/tr\/?p=265670","title":{"rendered":"Lavrov: Rus Liderli\u011fi Ukrayna Konusunda M\u00fczakereleri Y\u00fcr\u00fctmeye Hala Haz\u0131rd\u0131r"},"content":{"rendered":"<p>MOSKOVA \u2013 Rusya D\u0131\u015fi\u015fleri Bakan\u0131 Sergei Lavrov, Rusya Devlet Ba\u015fkan\u0131 Vladimir Putin ba\u015fkanl\u0131\u011f\u0131nda \u00fclkesindeki liderli\u011fin hala Ukrayna konusunda m\u00fczakerelere haz\u0131r oldu\u011funu duyurdu.<\/p>\n<p>TASS Ajans\u0131, Lavrov\u2019un \u00a0bug\u00fcn gazetecilere verdi\u011fi a\u00e7\u0131klamada: &#8220;Cumhurba\u015fkan\u0131 da dahil olmak \u00fczere Rusya&#8217;n\u0131n Ukrayna konusunda m\u00fczakereleri y\u00fcr\u00fctmeye haz\u0131rl\u0131\u011f\u0131 de\u011fi\u015fmedi ve her zaman Bat\u0131l\u0131 ortaklar\u0131n\u0131n gerilimi d\u00fc\u015f\u00fcrmeye y\u00f6nelik \u00f6nerilerini dinlemeye haz\u0131r olacak.&#8221; dedi\u011fini aktard\u0131.<\/p>\n<p>Lavrov ayr\u0131ca, Rusya&#8217;ya e\u015fitlik ve herkesin \u00e7\u0131karlar\u0131na sayg\u0131 ilkeleri temelinde ger\u00e7ek\u00e7i teklifler y\u00f6neltilirse, yine de her zaman oldu\u011fu gibi olacaklar\u0131na dikkat \u00e7ekti.<\/p>\n<p><a class=\"x1i10hfl xjbqb8w x6umtig x1b1mbwd xaqea5y xav7gou x9f619 x1ypdohk xt0psk2 xe8uvvx xdj266r x11i5rnm xat24cr x1mh8g0r xexx8yu x4uap5 x18d9i69 xkhd6sd x16tdsg8 x1hl2dhg xggy1nq x1a2a7pz xt0b8zv x1qq9wsj xo1l8bm\" tabindex=\"0\" role=\"link\" href=\"https:\/\/www.facebook.com\/hashtag\/telegram_kanal%C4%B1m%C4%B1z?__eep__=6&amp;__cft__[0]=AZUrgPr8Qo5iYzhca6_eku56d3olkJjKeSs6jF_4HFFOuxsOlqlFiEcnFAqGusX1ymWgBC7FnRZzlTnWvYRXwyF88n7KUw-KFQ3PZH28hSR4mZn31Dlk3XVTOCN4Ha9OkTw&amp;__tn__=*NK-R\">#Telegram_Kanal\u0131m\u0131z<\/a>:\u00a0<a class=\"x1i10hfl xjbqb8w x6umtig x1b1mbwd xaqea5y xav7gou x9f619 x1ypdohk xt0psk2 xe8uvvx xdj266r x11i5rnm xat24cr x1mh8g0r xexx8yu x4uap5 x18d9i69 xkhd6sd x16tdsg8 x1hl2dhg xggy1nq x1a2a7pz xt0b8zv x1fey0fg\" tabindex=\"0\" role=\"link\" href=\"https:\/\/t.me\/SuriyeArapHaberAjans%C4%B1?fbclid=IwAR0MqmNKf6y9KMVmYL236a9THCqgX8Uea0xSw0q4-PqVvQZ3PfsUSWaNkd4\" target=\"_blank\" rel=\"nofollow noopener\">https:\/\/t.me\/SuriyeArapHaberAjans\u0131<\/a><\/p>\n<p>&nbsp;<\/p>\n","protected":false},"excerpt":{"rendered":"<p>MOSKOVA \u2013 Rusya D\u0131\u015fi\u015fleri Bakan\u0131 Sergei Lavrov, Rusya Devlet Ba\u015fkan\u0131 Vladimir Putin ba\u015fkanl\u0131\u011f\u0131nda \u00fclkesindeki liderli\u011fin hala Ukrayna konusunda m\u00fczakerelere haz\u0131r oldu\u011funu duyurdu. TASS Ajans\u0131, Lavrov\u2019un \u00a0bug\u00fcn gazetecilere verdi\u011fi a\u00e7\u0131klamada: &#8220;Cumhurba\u015fkan\u0131 da dahil olmak \u00fczere Rusya&#8217;n\u0131n Ukrayna konusunda m\u00fczakereleri y\u00fcr\u00fctmeye haz\u0131rl\u0131\u011f\u0131 de\u011fi\u015fmedi ve her zaman Bat\u0131l\u0131 ortaklar\u0131n\u0131n gerilimi d\u00fc\u015f\u00fcrmeye y\u00f6nelik \u00f6nerilerini dinlemeye haz\u0131r olacak.&#8221; dedi\u011fini aktard\u0131. &hellip;<\/p>\n","protected":false},"author":41,"featured_media":265671,"comment_status":"closed","ping_status":"closed","sticky":false,"template":"","format":"standard","meta":{"footnotes":""},"categories":[458,459,17988],"tags":[],"class_list":["post-265670","post","type-post","status-publish","format-standard","has-post-thumbnail","","category-dunya1","category-haberler-arap-uluslararasi-politika","category-son-haberler"],"_links":{"self":[{"href":"https:\/\/archive.sana.sy\/tr\/index.php?rest_route=\/wp\/v2\/posts\/265670","targetHints":{"allow":["GET"]}}],"collection":[{"href":"https:\/\/archive.sana.sy\/tr\/index.php?rest_route=\/wp\/v2\/posts"}],"about":[{"href":"https:\/\/archive.sana.sy\/tr\/index.php?rest_route=\/wp\/v2\/types\/post"}],"author":[{"embeddable":true,"href":"https:\/\/archive.sana.sy\/tr\/index.php?rest_route=\/wp\/v2\/users\/41"}],"replies":[{"embeddable":true,"href":"https:\/\/archive.sana.sy\/tr\/index.php?rest_route=%2Fwp%2Fv2%2Fcomments&post=265670"}],"version-history":[{"count":0,"href":"https:\/\/archive.sana.sy\/tr\/index.php?rest_route=\/wp\/v2\/posts\/265670\/revisions"}],"wp:featuredmedia":[{"embeddable":true,"href":"https:\/\/archive.sana.sy\/tr\/index.php?rest_route=\/wp\/v2\/media\/265671"}],"wp:attachment":[{"href":"https:\/\/archive.sana.sy\/tr\/index.php?rest_route=%2Fwp%2Fv2%2Fmedia&parent=265670"}],"wp:term":[{"taxonomy":"category","embeddable":true,"href":"https:\/\/archive.sana.sy\/tr\/index.php?rest_route=%2Fwp%2Fv2%2Fcategories&post=265670"},{"taxonomy":"post_tag","embeddable":true,"href":"https:\/\/archive.sana.sy\/tr\/index.php?rest_route=%2Fwp%2Fv2%2Ftags&post=265670"}],"curies":[{"name":"wp","href":"https:\/\/api.w.org\/{rel}","templated":true}]}}