{"id":26571,"date":"2015-03-15T16:25:02","date_gmt":"2015-03-15T14:25:02","guid":{"rendered":"http:\/\/www.sana.sy\/tr\/?p=26571"},"modified":"2015-03-16T14:34:06","modified_gmt":"2015-03-16T12:34:06","slug":"hain-teroristler-sivillere-ve-hizmet-altyapisina-saldirilarini-surduruyor","status":"publish","type":"post","link":"https:\/\/archive.sana.sy\/tr\/?p=26571","title":{"rendered":"Hain Ter\u00f6ristler Sivillere ve Hizmet Altyap\u0131s\u0131na Sald\u0131r\u0131lar\u0131n\u0131 S\u00fcrd\u00fcr\u00fcyor"},"content":{"rendered":"<p>\u0130LLER \u2013 B\u00f6lgesel ve Bat\u0131l\u0131 devletlerin \u2018\u0131l\u0131ml\u0131 muhalifler\u2019 ad\u0131 alt\u0131nda destekledikleri eli kanl\u0131 az\u0131l\u0131 ter\u00f6ristler bug\u00fcn de masum sivil insanlar\u0131n bulundu\u011fu yerle\u015fim b\u00f6lgeleri ve hizmet altyap\u0131s\u0131n\u0131 gaddar roketlerle hedef almaya devam etti.<\/p>\n<p>\u015eam Emniyet M\u00fcd\u00fcrl\u00fc\u011f\u00fcnde bir kaynak ter\u00f6r \u00e7etelerin \u015eam\u2019\u0131n sivil yerle\u015fim alanlar\u0131ndan Ebu Rummana ve Cahiz sivil yerle\u015fim alanlar\u0131na ilaveten k\u0131rsala d\u00fc\u015fen Haresta Banliy\u00f6s\u00fcn\u00fc havan mermileri ve f\u00fczelerle hedef ald\u0131klar\u0131n\u0131 aktard\u0131.<\/p>\n<p>Kaynak gaddar sald\u0131r\u0131larda be\u015feri isabetlerin olmad\u0131\u011f\u0131n\u0131, sivillere ait ara\u00e7 ve evlerin maddi hasar g\u00f6rd\u00fc\u011f\u00fcn\u00fc belirtti.<\/p>\n<p><span style=\"color: #0000ff\">S\u00fcveyda K\u0131rsal\u0131nda Su Kuyusunu Sabote Ettiler<\/span><\/p>\n<p><a href=\"http:\/\/www.sana.sy\/tr\/wp-content\/uploads\/2015\/03\/s\u00fcveyda.jpg\"><img loading=\"lazy\" decoding=\"async\" class=\"alignright wp-image-26575 size-medium\" src=\"http:\/\/www.sana.sy\/tr\/wp-content\/uploads\/2015\/03\/s\u00fcveyda-300x225.jpg\" alt=\"s\u00fcveyda\" width=\"300\" height=\"225\" srcset=\"https:\/\/archive.sana.sy\/tr\/wp-content\/uploads\/2015\/03\/s\u00fcveyda-300x225.jpg 300w, https:\/\/archive.sana.sy\/tr\/wp-content\/uploads\/2015\/03\/s\u00fcveyda-150x113.jpg 150w, https:\/\/archive.sana.sy\/tr\/wp-content\/uploads\/2015\/03\/s\u00fcveyda.jpg 480w\" sizes=\"auto, (max-width: 300px) 100vw, 300px\" \/><\/a>\u00d6te yandan Dera k\u0131rsal\u0131n\u0131n L\u00fccat B\u00f6lgesindeki ter\u00f6r \u00e7eteleri S\u00fcveyda il s\u0131n\u0131rlar\u0131na d\u00fc\u015fen Sovra K\u00f6y\u00fcne i\u00e7me suyu temin eden su kuyusunu havan mermileriyle sabote etti.<\/p>\n<p>S\u00fcveyda \u0130l Su Kaynaklar\u0131 M\u00fcd\u00fcr\u00fc Edhem Ebu Latif; ter\u00f6r sald\u0131r\u0131s\u0131 sonucunda su kuyusunun b\u00fcy\u00fck hasara u\u011framas\u0131 sonucunda su kuyusunun hizmet d\u0131\u015f\u0131 kald\u0131\u011f\u0131n\u0131 a\u00e7\u0131klad\u0131.<\/p>\n<p>A.A.<\/p>\n","protected":false},"excerpt":{"rendered":"<p>\u0130LLER \u2013 B\u00f6lgesel ve Bat\u0131l\u0131 devletlerin \u2018\u0131l\u0131ml\u0131 muhalifler\u2019 ad\u0131 alt\u0131nda destekledikleri eli kanl\u0131 az\u0131l\u0131 ter\u00f6ristler bug\u00fcn de masum sivil insanlar\u0131n bulundu\u011fu yerle\u015fim b\u00f6lgeleri ve hizmet altyap\u0131s\u0131n\u0131 gaddar roketlerle hedef almaya devam etti. \u015eam Emniyet M\u00fcd\u00fcrl\u00fc\u011f\u00fcnde bir kaynak ter\u00f6r \u00e7etelerin \u015eam\u2019\u0131n sivil yerle\u015fim alanlar\u0131ndan Ebu Rummana ve Cahiz sivil yerle\u015fim alanlar\u0131na ilaveten k\u0131rsala d\u00fc\u015fen Haresta Banliy\u00f6s\u00fcn\u00fc &hellip;<\/p>\n","protected":false},"author":1,"featured_media":15768,"comment_status":"closed","ping_status":"closed","sticky":false,"template":"","format":"standard","meta":{"footnotes":""},"categories":[479,575,478],"tags":[],"class_list":["post-26571","post","type-post","status-publish","format-standard","has-post-thumbnail","","category-haberler-yerel","category-olaylar-ve-gercekler","category-yerel"],"_links":{"self":[{"href":"https:\/\/archive.sana.sy\/tr\/index.php?rest_route=\/wp\/v2\/posts\/26571","targetHints":{"allow":["GET"]}}],"collection":[{"href":"https:\/\/archive.sana.sy\/tr\/index.php?rest_route=\/wp\/v2\/posts"}],"about":[{"href":"https:\/\/archive.sana.sy\/tr\/index.php?rest_route=\/wp\/v2\/types\/post"}],"author":[{"embeddable":true,"href":"https:\/\/archive.sana.sy\/tr\/index.php?rest_route=\/wp\/v2\/users\/1"}],"replies":[{"embeddable":true,"href":"https:\/\/archive.sana.sy\/tr\/index.php?rest_route=%2Fwp%2Fv2%2Fcomments&post=26571"}],"version-history":[{"count":0,"href":"https:\/\/archive.sana.sy\/tr\/index.php?rest_route=\/wp\/v2\/posts\/26571\/revisions"}],"wp:featuredmedia":[{"embeddable":true,"href":"https:\/\/archive.sana.sy\/tr\/index.php?rest_route=\/wp\/v2\/media\/15768"}],"wp:attachment":[{"href":"https:\/\/archive.sana.sy\/tr\/index.php?rest_route=%2Fwp%2Fv2%2Fmedia&parent=26571"}],"wp:term":[{"taxonomy":"category","embeddable":true,"href":"https:\/\/archive.sana.sy\/tr\/index.php?rest_route=%2Fwp%2Fv2%2Fcategories&post=26571"},{"taxonomy":"post_tag","embeddable":true,"href":"https:\/\/archive.sana.sy\/tr\/index.php?rest_route=%2Fwp%2Fv2%2Ftags&post=26571"}],"curies":[{"name":"wp","href":"https:\/\/api.w.org\/{rel}","templated":true}]}}