{"id":265750,"date":"2022-10-30T18:48:37","date_gmt":"2022-10-30T16:48:37","guid":{"rendered":"http:\/\/107.6.182.27\/tr\/?p=265750"},"modified":"2022-10-31T07:22:31","modified_gmt":"2022-10-31T05:22:31","slug":"mikdad-suriyedeki-bm-mukim-koordinatoru-ile-gorusmesi-sirasinda-erken-kurtarma-projelerini-uygulamak-icin-calismalar-devam-ediyor","status":"publish","type":"post","link":"https:\/\/archive.sana.sy\/tr\/?p=265750","title":{"rendered":"Mikdad Suriye&#8217;deki BM Mukim Koordinat\u00f6r\u00fc \u0130le G\u00f6r\u00fc\u015fmesi S\u0131ras\u0131nda: Erken Kurtarma Projelerini Uygulamak \u0130\u00e7in \u00c7al\u0131\u015fmalar Devam Ediyor"},"content":{"rendered":"<p>\u015eAM \u2013 D\u0131\u015fi\u015fleri ve Gurbet\u00e7iler Bakan\u0131 Dr. Faysal\u00a0 Mikdad, Suriye&#8217;deki Birle\u015fmi\u015f Milletler Faaliyetleri Mukim Koordinat\u00f6r\u00fc \u0130mran Rida&#8217;n\u0131n \u00fclkedeki g\u00f6revlerinin sona ermesi vesilesiyle oynad\u0131\u011f\u0131 rol i\u00e7in takdirini dile getirdi.<\/p>\n<p><img loading=\"lazy\" decoding=\"async\" class=\"size-full wp-image-265753 alignright\" src=\"http:\/\/107.6.182.27\/tr\/wp-content\/uploads\/2022\/10\/photo_2022-10-30_17-32-32-copy-300x168-1.jpg\" alt=\"\" width=\"300\" height=\"168\" srcset=\"https:\/\/archive.sana.sy\/tr\/wp-content\/uploads\/2022\/10\/photo_2022-10-30_17-32-32-copy-300x168-1.jpg 300w, https:\/\/archive.sana.sy\/tr\/wp-content\/uploads\/2022\/10\/photo_2022-10-30_17-32-32-copy-300x168-1-150x84.jpg 150w\" sizes=\"auto, (max-width: 300px) 100vw, 300px\" \/>G\u00f6r\u00fc\u015fme s\u0131ras\u0131nda iki taraf, Suriye&#8217;deki Birle\u015fmi\u015f Milletler ekibi ile ba\u015fta D\u0131\u015fi\u015fleri ve Gurbet\u00e7iler Bakanl\u0131\u011f\u0131 olmak \u00fczere \u00e7e\u015fitli ilgili Suriye makamlar\u0131 aras\u0131nda i\u015fbirli\u011fi i\u00e7inde y\u00fcr\u00fct\u00fclen faaliyetleri ve projeleri g\u00f6zden ge\u00e7irerek, bir\u00e7ok alanda ortak \u00e7abalar\u0131n ba\u015far\u0131s\u0131n\u0131 teyit ettiklerini ve G\u00fcvenlik Konseyi&#8217;nin (2642) say\u0131l\u0131 Karar\u0131nda \u00f6ng\u00f6r\u00fclen erken kurtarma projelerini uygulamak i\u00e7in \u00e7al\u0131\u015fmalar\u0131n y\u00fcksek h\u0131zda devam etmesi gerekti\u011fini belirttiler.<\/p>\n<p>Bakan Mikdad, Rida&#8217;n\u0131n \u015eam&#8217;da mukim koordinat\u00f6r olarak yapt\u0131\u011f\u0131 \u00e7al\u0131\u015fmalar s\u0131ras\u0131ndaki \u00f6nemli rol\u00fcn\u00fc takdir ederek yeni g\u00f6revlerinde ba\u015far\u0131lar diledi.<\/p>\n<p>Rida ise, g\u00f6revlerini kolayla\u015ft\u0131rmak i\u00e7in Suriye devlet kurumlar\u0131ndan ald\u0131\u011f\u0131 destek ve i\u015fbirli\u011fi i\u00e7in takdir ve te\u015fekk\u00fcrlerini dile getirdi.<\/p>\n<p><a class=\"x1i10hfl xjbqb8w x6umtig x1b1mbwd xaqea5y xav7gou x9f619 x1ypdohk xt0psk2 xe8uvvx xdj266r x11i5rnm xat24cr x1mh8g0r xexx8yu x4uap5 x18d9i69 xkhd6sd x16tdsg8 x1hl2dhg xggy1nq x1a2a7pz xt0b8zv x1qq9wsj xo1l8bm\" tabindex=\"0\" role=\"link\" href=\"https:\/\/www.facebook.com\/hashtag\/telegram_kanal%C4%B1m%C4%B1z?__eep__=6&amp;__cft__[0]=AZUrgPr8Qo5iYzhca6_eku56d3olkJjKeSs6jF_4HFFOuxsOlqlFiEcnFAqGusX1ymWgBC7FnRZzlTnWvYRXwyF88n7KUw-KFQ3PZH28hSR4mZn31Dlk3XVTOCN4Ha9OkTw&amp;__tn__=*NK-R\">#Telegram_Kanal\u0131m\u0131z<\/a>:\u00a0<a class=\"x1i10hfl xjbqb8w x6umtig x1b1mbwd xaqea5y xav7gou x9f619 x1ypdohk xt0psk2 xe8uvvx xdj266r x11i5rnm xat24cr x1mh8g0r xexx8yu x4uap5 x18d9i69 xkhd6sd x16tdsg8 x1hl2dhg xggy1nq x1a2a7pz xt0b8zv x1fey0fg\" tabindex=\"0\" role=\"link\" href=\"https:\/\/t.me\/SuriyeArapHaberAjans%C4%B1?fbclid=IwAR0MqmNKf6y9KMVmYL236a9THCqgX8Uea0xSw0q4-PqVvQZ3PfsUSWaNkd4\" target=\"_blank\" rel=\"nofollow noopener\">https:\/\/t.me\/SuriyeArapHaberAjans\u0131<\/a><\/p>\n","protected":false},"excerpt":{"rendered":"<p>\u015eAM \u2013 D\u0131\u015fi\u015fleri ve Gurbet\u00e7iler Bakan\u0131 Dr. Faysal\u00a0 Mikdad, Suriye&#8217;deki Birle\u015fmi\u015f Milletler Faaliyetleri Mukim Koordinat\u00f6r\u00fc \u0130mran Rida&#8217;n\u0131n \u00fclkedeki g\u00f6revlerinin sona ermesi vesilesiyle oynad\u0131\u011f\u0131 rol i\u00e7in takdirini dile getirdi. G\u00f6r\u00fc\u015fme s\u0131ras\u0131nda iki taraf, Suriye&#8217;deki Birle\u015fmi\u015f Milletler ekibi ile ba\u015fta D\u0131\u015fi\u015fleri ve Gurbet\u00e7iler Bakanl\u0131\u011f\u0131 olmak \u00fczere \u00e7e\u015fitli ilgili Suriye makamlar\u0131 aras\u0131nda i\u015fbirli\u011fi i\u00e7inde y\u00fcr\u00fct\u00fclen faaliyetleri ve projeleri &hellip;<\/p>\n","protected":false},"author":41,"featured_media":265751,"comment_status":"closed","ping_status":"closed","sticky":false,"template":"","format":"standard","meta":{"footnotes":""},"categories":[479,17988,478],"tags":[],"class_list":["post-265750","post","type-post","status-publish","format-standard","has-post-thumbnail","","category-haberler-yerel","category-son-haberler","category-yerel"],"_links":{"self":[{"href":"https:\/\/archive.sana.sy\/tr\/index.php?rest_route=\/wp\/v2\/posts\/265750","targetHints":{"allow":["GET"]}}],"collection":[{"href":"https:\/\/archive.sana.sy\/tr\/index.php?rest_route=\/wp\/v2\/posts"}],"about":[{"href":"https:\/\/archive.sana.sy\/tr\/index.php?rest_route=\/wp\/v2\/types\/post"}],"author":[{"embeddable":true,"href":"https:\/\/archive.sana.sy\/tr\/index.php?rest_route=\/wp\/v2\/users\/41"}],"replies":[{"embeddable":true,"href":"https:\/\/archive.sana.sy\/tr\/index.php?rest_route=%2Fwp%2Fv2%2Fcomments&post=265750"}],"version-history":[{"count":0,"href":"https:\/\/archive.sana.sy\/tr\/index.php?rest_route=\/wp\/v2\/posts\/265750\/revisions"}],"wp:featuredmedia":[{"embeddable":true,"href":"https:\/\/archive.sana.sy\/tr\/index.php?rest_route=\/wp\/v2\/media\/265751"}],"wp:attachment":[{"href":"https:\/\/archive.sana.sy\/tr\/index.php?rest_route=%2Fwp%2Fv2%2Fmedia&parent=265750"}],"wp:term":[{"taxonomy":"category","embeddable":true,"href":"https:\/\/archive.sana.sy\/tr\/index.php?rest_route=%2Fwp%2Fv2%2Fcategories&post=265750"},{"taxonomy":"post_tag","embeddable":true,"href":"https:\/\/archive.sana.sy\/tr\/index.php?rest_route=%2Fwp%2Fv2%2Ftags&post=265750"}],"curies":[{"name":"wp","href":"https:\/\/api.w.org\/{rel}","templated":true}]}}