{"id":265762,"date":"2022-10-30T08:10:24","date_gmt":"2022-10-30T06:10:24","guid":{"rendered":"http:\/\/107.6.182.27\/tr\/?p=265762"},"modified":"2022-10-31T08:16:26","modified_gmt":"2022-10-31T06:16:26","slug":"israil-isgal-guclerinin-silvanda-saldirmasi-sonucu-onlarca-filistinli-yaralandi","status":"publish","type":"post","link":"https:\/\/archive.sana.sy\/tr\/?p=265762","title":{"rendered":"\u0130srail \u0130\u015fgal G\u00fc\u00e7lerinin, Silvan&#8217;da Sald\u0131rmas\u0131 Sonucu Onlarca Filistinli Yaraland\u0131"},"content":{"rendered":"<p>\u0130\u015eGAL ED\u0130LEN KUD\u00dcS &#8211; \u0130srail i\u015fgal g\u00fc\u00e7lerinin, i\u015fgal edilen Kud\u00fcs kentindeki filistinlerine sald\u0131r\u0131s\u0131 sonucu onlarca ki\u015fi yaraland\u0131.<\/p>\n<p>Filistinli WAFA Haber Ajans\u0131, \u0130srail i\u015fgal g\u00fc\u00e7lerinin, Mescid-i El Aksa&#8217;n\u0131n g\u00fcneyindeki Silvan beldesine bask\u0131n d\u00fczenleyerek Filistinlilere kur\u015fun ve gaz bombalar\u0131yla sald\u0131rarak onlarca Filistinli bo\u011fulmas\u0131na neden oldu\u011fun\u0131 belirtti.<\/p>\n<p>Ajans ayr\u0131ca, Bat\u0131 Yaka&#8217;n\u0131n El Halil kentindeki i\u015fgal g\u00fc\u00e7lerinin filistinlerine d\u00fczenledi\u011fi sald\u0131r\u0131 sonucu \u00e7ok say\u0131da Filistinli yaraland\u0131\u011f\u0131na i\u015faret etti.<\/p>\n<p><a class=\"x1i10hfl xjbqb8w x6umtig x1b1mbwd xaqea5y xav7gou x9f619 x1ypdohk xt0psk2 xe8uvvx xdj266r x11i5rnm xat24cr x1mh8g0r xexx8yu x4uap5 x18d9i69 xkhd6sd x16tdsg8 x1hl2dhg xggy1nq x1a2a7pz xt0b8zv x1qq9wsj xo1l8bm\" tabindex=\"0\" role=\"link\" href=\"https:\/\/www.facebook.com\/hashtag\/telegram_kanal%C4%B1m%C4%B1z?__eep__=6&amp;__cft__[0]=AZWAtDAFBUbe7Adwnx_zafmZEEiD4kT1He_4jBVmmY1hLViQZfO643bLkGD3pRH-SVR_BkI_TGXi2bN5ziW7B9PXqdlFhOJnOj9UrIuf_O7g_teObCmuETVs1to8LVP_zNw&amp;__tn__=*NK-R\">#Telegram_Kanal\u0131m\u0131z<\/a>: <a class=\"x1i10hfl xjbqb8w x6umtig x1b1mbwd xaqea5y xav7gou x9f619 x1ypdohk xt0psk2 xe8uvvx xdj266r x11i5rnm xat24cr x1mh8g0r xexx8yu x4uap5 x18d9i69 xkhd6sd x16tdsg8 x1hl2dhg xggy1nq x1a2a7pz xt0b8zv x1fey0fg\" tabindex=\"0\" role=\"link\" href=\"https:\/\/t.me\/SuriyeArapHaberAjans%C4%B1?fbclid=IwAR0bA2VXHQwvLIbd09tOSyWawn4LKlBhnk-6B5zGNRj0Nzo8pywbj5vFzLg\" target=\"_blank\" rel=\"nofollow noopener\">https:\/\/t.me\/SuriyeArapHaberAjans\u0131<\/a><\/p>\n","protected":false},"excerpt":{"rendered":"<p>\u0130\u015eGAL ED\u0130LEN KUD\u00dcS &#8211; \u0130srail i\u015fgal g\u00fc\u00e7lerinin, i\u015fgal edilen Kud\u00fcs kentindeki filistinlerine sald\u0131r\u0131s\u0131 sonucu onlarca ki\u015fi yaraland\u0131. Filistinli WAFA Haber Ajans\u0131, \u0130srail i\u015fgal g\u00fc\u00e7lerinin, Mescid-i El Aksa&#8217;n\u0131n g\u00fcneyindeki Silvan beldesine bask\u0131n d\u00fczenleyerek Filistinlilere kur\u015fun ve gaz bombalar\u0131yla sald\u0131rarak onlarca Filistinli bo\u011fulmas\u0131na neden oldu\u011fun\u0131 belirtti. Ajans ayr\u0131ca, Bat\u0131 Yaka&#8217;n\u0131n El Halil kentindeki i\u015fgal g\u00fc\u00e7lerinin filistinlerine d\u00fczenledi\u011fi &hellip;<\/p>\n","protected":false},"author":39,"featured_media":265763,"comment_status":"closed","ping_status":"closed","sticky":false,"template":"","format":"standard","meta":{"footnotes":""},"categories":[458,459,17988],"tags":[],"class_list":["post-265762","post","type-post","status-publish","format-standard","has-post-thumbnail","","category-dunya1","category-haberler-arap-uluslararasi-politika","category-son-haberler"],"_links":{"self":[{"href":"https:\/\/archive.sana.sy\/tr\/index.php?rest_route=\/wp\/v2\/posts\/265762","targetHints":{"allow":["GET"]}}],"collection":[{"href":"https:\/\/archive.sana.sy\/tr\/index.php?rest_route=\/wp\/v2\/posts"}],"about":[{"href":"https:\/\/archive.sana.sy\/tr\/index.php?rest_route=\/wp\/v2\/types\/post"}],"author":[{"embeddable":true,"href":"https:\/\/archive.sana.sy\/tr\/index.php?rest_route=\/wp\/v2\/users\/39"}],"replies":[{"embeddable":true,"href":"https:\/\/archive.sana.sy\/tr\/index.php?rest_route=%2Fwp%2Fv2%2Fcomments&post=265762"}],"version-history":[{"count":0,"href":"https:\/\/archive.sana.sy\/tr\/index.php?rest_route=\/wp\/v2\/posts\/265762\/revisions"}],"wp:featuredmedia":[{"embeddable":true,"href":"https:\/\/archive.sana.sy\/tr\/index.php?rest_route=\/wp\/v2\/media\/265763"}],"wp:attachment":[{"href":"https:\/\/archive.sana.sy\/tr\/index.php?rest_route=%2Fwp%2Fv2%2Fmedia&parent=265762"}],"wp:term":[{"taxonomy":"category","embeddable":true,"href":"https:\/\/archive.sana.sy\/tr\/index.php?rest_route=%2Fwp%2Fv2%2Fcategories&post=265762"},{"taxonomy":"post_tag","embeddable":true,"href":"https:\/\/archive.sana.sy\/tr\/index.php?rest_route=%2Fwp%2Fv2%2Ftags&post=265762"}],"curies":[{"name":"wp","href":"https:\/\/api.w.org\/{rel}","templated":true}]}}