{"id":265769,"date":"2022-10-31T13:32:38","date_gmt":"2022-10-31T11:32:38","guid":{"rendered":"http:\/\/107.6.182.27\/tr\/?p=265769"},"modified":"2022-11-01T07:24:45","modified_gmt":"2022-11-01T05:24:45","slug":"cumhurbaskani-esadi-temsilen-bakan-azzam-arap-partileri-konferansi-baskani-safuvan-el-kudsinin-vefati-nedeniyle-taziyelerini-sundu","status":"publish","type":"post","link":"https:\/\/archive.sana.sy\/tr\/?p=265769","title":{"rendered":"Cumhurba\u015fkan\u0131 Esad\u2019\u0131 Temsilen\u00a0 \u2026. Bakan Azzam, Arap Partileri Konferans\u0131 Ba\u015fkan\u0131 Safuvan El Kudsi\u2019nin Vefat\u0131 Nedeniyle Taziyelerini Sundu"},"content":{"rendered":"<p>\u015eAM \u2013 Cumhurba\u015fkan\u0131 Be\u015far Esad\u2019\u0131 temsilen Cumhurba\u015fkanl\u0131\u011f\u0131 \u0130\u015fleri Bakan\u0131 Mensur Azzam, Ulusal \u0130lerici Cephe Merkez Komutanl\u0131\u011f\u0131 \u00fcyesi, Arap Sosyalist Birlik Partisi Genel Sekreteri ve Arap Partileri Konferans\u0131 Ba\u015fkan\u0131 Safuvan El Kudsi\u2019nin vefat\u0131 nedeniyle taziyelerini sundu.<\/p>\n<p>Taziye Vecibelerine Halk Meclisi Ba\u015fkan\u0131 Hammuda Sabba\u011f, Ba\u015fbakan H\u00fcseyin Arnus, Arap Sosyalist Baas Partisi Genel Sekreter Yard\u0131mc\u0131s\u0131 Hilal El Hilal, halk ve dini faaliyetlerden \u00e7ok say\u0131da bakan ve delegasyon kat\u0131ld\u0131.<\/p>\n<p>Taziyeye kat\u0131lanlar, Suriye&#8217;nin medeni y\u00fcz\u00fcn\u00fc, rol\u00fcn\u00fc ve stat\u00fcs\u00fcn\u00fc yans\u0131tt\u0131\u011f\u0131 merhum ve entelekt\u00fcel \u00fcretimlerinin erdemlerini kaydettiler.<\/p>\n<p><a class=\"x1i10hfl xjbqb8w x6umtig x1b1mbwd xaqea5y xav7gou x9f619 x1ypdohk xt0psk2 xe8uvvx xdj266r x11i5rnm xat24cr x1mh8g0r xexx8yu x4uap5 x18d9i69 xkhd6sd x16tdsg8 x1hl2dhg xggy1nq x1a2a7pz xt0b8zv x1qq9wsj xo1l8bm\" tabindex=\"0\" role=\"link\" href=\"https:\/\/www.facebook.com\/hashtag\/telegram_kanal%C4%B1m%C4%B1z?__eep__=6&amp;__cft__[0]=AZWbGEG4krkmlR37HQdeRa_tm56Wm_RC0u1zo5iXDu5xV6XEJRwbLQFJC38G1tcWgZeX0p8zTSUd3uyeehoD7OhBF5QQI7DXPOTG-RSKBT0GYfKLZkWmnLBfVHBHy5SYz_aGgCq4tF1FyKaM3Ll7_puD3CQxRM61XsCjwkxuytTi1E9ZGHfz4-ZPSvnOSYFQ0KU&amp;__tn__=*NK-R\">#Telegram_Kanal\u0131m\u0131z<\/a>:\u00a0<a class=\"x1i10hfl xjbqb8w x6umtig x1b1mbwd xaqea5y xav7gou x9f619 x1ypdohk xt0psk2 xe8uvvx xdj266r x11i5rnm xat24cr x1mh8g0r xexx8yu x4uap5 x18d9i69 xkhd6sd x16tdsg8 x1hl2dhg xggy1nq x1a2a7pz xt0b8zv x1fey0fg\" tabindex=\"0\" role=\"link\" href=\"https:\/\/t.me\/SuriyeArapHaberAjans%C4%B1?fbclid=IwAR1mjgJbN7oiCUhCmbkxYbE3Yf-NwYxepsBh4WXMfHRx1gYI0RRefa-kvPs\" target=\"_blank\" rel=\"nofollow noopener\">https:\/\/t.me\/SuriyeArapHaberAjans\u0131<\/a><\/p>\n","protected":false},"excerpt":{"rendered":"<p>\u015eAM \u2013 Cumhurba\u015fkan\u0131 Be\u015far Esad\u2019\u0131 temsilen Cumhurba\u015fkanl\u0131\u011f\u0131 \u0130\u015fleri Bakan\u0131 Mensur Azzam, Ulusal \u0130lerici Cephe Merkez Komutanl\u0131\u011f\u0131 \u00fcyesi, Arap Sosyalist Birlik Partisi Genel Sekreteri ve Arap Partileri Konferans\u0131 Ba\u015fkan\u0131 Safuvan El Kudsi\u2019nin vefat\u0131 nedeniyle taziyelerini sundu. Taziye Vecibelerine Halk Meclisi Ba\u015fkan\u0131 Hammuda Sabba\u011f, Ba\u015fbakan H\u00fcseyin Arnus, Arap Sosyalist Baas Partisi Genel Sekreter Yard\u0131mc\u0131s\u0131 Hilal El Hilal, &hellip;<\/p>\n","protected":false},"author":41,"featured_media":265770,"comment_status":"closed","ping_status":"closed","sticky":false,"template":"","format":"standard","meta":{"footnotes":""},"categories":[479,17988,478],"tags":[],"class_list":["post-265769","post","type-post","status-publish","format-standard","has-post-thumbnail","","category-haberler-yerel","category-son-haberler","category-yerel"],"_links":{"self":[{"href":"https:\/\/archive.sana.sy\/tr\/index.php?rest_route=\/wp\/v2\/posts\/265769","targetHints":{"allow":["GET"]}}],"collection":[{"href":"https:\/\/archive.sana.sy\/tr\/index.php?rest_route=\/wp\/v2\/posts"}],"about":[{"href":"https:\/\/archive.sana.sy\/tr\/index.php?rest_route=\/wp\/v2\/types\/post"}],"author":[{"embeddable":true,"href":"https:\/\/archive.sana.sy\/tr\/index.php?rest_route=\/wp\/v2\/users\/41"}],"replies":[{"embeddable":true,"href":"https:\/\/archive.sana.sy\/tr\/index.php?rest_route=%2Fwp%2Fv2%2Fcomments&post=265769"}],"version-history":[{"count":0,"href":"https:\/\/archive.sana.sy\/tr\/index.php?rest_route=\/wp\/v2\/posts\/265769\/revisions"}],"wp:featuredmedia":[{"embeddable":true,"href":"https:\/\/archive.sana.sy\/tr\/index.php?rest_route=\/wp\/v2\/media\/265770"}],"wp:attachment":[{"href":"https:\/\/archive.sana.sy\/tr\/index.php?rest_route=%2Fwp%2Fv2%2Fmedia&parent=265769"}],"wp:term":[{"taxonomy":"category","embeddable":true,"href":"https:\/\/archive.sana.sy\/tr\/index.php?rest_route=%2Fwp%2Fv2%2Fcategories&post=265769"},{"taxonomy":"post_tag","embeddable":true,"href":"https:\/\/archive.sana.sy\/tr\/index.php?rest_route=%2Fwp%2Fv2%2Ftags&post=265769"}],"curies":[{"name":"wp","href":"https:\/\/api.w.org\/{rel}","templated":true}]}}