{"id":265775,"date":"2022-10-31T13:55:32","date_gmt":"2022-10-31T11:55:32","guid":{"rendered":"http:\/\/107.6.182.27\/tr\/?p=265775"},"modified":"2022-11-01T07:25:09","modified_gmt":"2022-11-01T05:25:09","slug":"cumhurbaskani-esad-kahramanlik-ve-fedakarliktan-bir-yuruyustur-dr-nacah-el-attarin-bir-kitabi","status":"publish","type":"post","link":"https:\/\/archive.sana.sy\/tr\/?p=265775","title":{"rendered":"(Cumhurba\u015fkan\u0131 Esad Kahramanl\u0131k Ve Fedakarl\u0131ktan Bir Y\u00fcr\u00fcy\u00fc\u015ft\u00fcr)&#8230; Dr. Nacah El Attar&#8217;\u0131n bir Kitab\u0131"},"content":{"rendered":"<p>\u015eAM \u2013 \u00a0Cumhurba\u015fkan\u0131 Yard\u0131mc\u0131s\u0131 Dr. Nacah El Attar, (Cumhurba\u015fkan\u0131 Esad Kahramanl\u0131k Ve Fedakarl\u0131ktan Bir Y\u00fcr\u00fcy\u00fc\u015ft\u00fcr) kitab\u0131nda \u00a0Cumhurba\u015fkan\u0131 Be\u015f\u015far Esad&#8217;\u0131n vatanseverlik ve ulus\u00e7uluk vizyonundaki liderlik yakla\u015f\u0131m\u0131, ba\u015far\u0131 ve zafer y\u00fcr\u00fcy\u00fc\u015f\u00fc, sabit pozisyonlar ve di\u011fer tarihi ger\u00e7ekleri sundu.<\/p>\n<p>Dr. Nacah El Attar Suriye Kitap Genel Kurumu taraf\u0131ndan ya\u0131nlanan kitab\u0131nda , Suriye&#8217;nin siyasi ve k\u00fclt\u00fcrel tarihinin \u00f6nemli bir a\u015famas\u0131n\u0131 belgelemi\u015f ve h\u0131rs ve entelekt\u00fcel s\u00f6ylem, direni\u015f biyografisi, sebat, a\u00e7\u0131kl\u0131k, diyalog ve insani ileti\u015fim gibi konular\u0131 \u00e7e\u015fitli eksenlerde ele alm\u0131\u015ft\u0131r.<\/p>\n<p>El Attar ayr\u0131ca, m\u00fccadele kavramlar\u0131n\u0131n a\u015f\u0131lanmas\u0131na katk\u0131da bulunan ve Arap ulusu \u00e7er\u00e7evesinde ne arayabilece\u011fimizi tan\u0131mlayan bir dizi ulusal entelekt\u00fcel konferansa at\u0131fta bulunarak, sad\u0131k vatansever ve milliyet\u00e7i konumlar\u0131 somutla\u015ft\u0131ran tarihin ger\u00e7eklerini sundu.<\/p>\n<p>Dr. El Attar kitab\u0131nda, Cumhurba\u015fkan\u0131 Esad&#8217;\u0131n vizyonunun, modernle\u015fme s\u00fcrecinin kendinden emin ve sa\u011flam olmas\u0131 i\u00e7in ulusal ve vatansever sabitlerimizin sa\u011flamla\u015ft\u0131r\u0131lmas\u0131ndan kaynakland\u0131\u011f\u0131na ve d\u00fc\u015f\u00fcnce ve k\u00fclt\u00fcr\u00fcn her d\u00fczeyde devlet kurumlar\u0131n\u0131n performans\u0131n\u0131 d\u00fczenleyen \u00e7er\u00e7eve oldu\u011fu iddias\u0131na \u00a0da dikkat \u00e7ekti.<\/p>\n<p>El Attar, Cumhurba\u015fkan\u0131 Esad&#8217;\u0131n ulusun medeni y\u00fcz\u00fcn\u00fc vurgulama, hakl\u0131 nedenlerini savunma, tarihini ve inan\u00e7lar\u0131n\u0131 k\u00f6t\u00fcye kullanma giri\u015fimlerine yan\u0131t verme ve g\u00fcncel d\u00fcnya meselelerindeki pozisyonlar\u0131n\u0131 netle\u015ftirmedeki rol\u00fcnden ve cumhurba\u015fkan\u0131 Esad&#8217;\u0131n d\u00fcnya ile ileti\u015fim k\u00f6pr\u00fcleri kurmay\u0131 ama\u00e7layan yap\u0131c\u0131 k\u00fclt\u00fcrel diyaloglar d\u00fczenleme vizyonundan bahsetti.<\/p>\n<p><a class=\"x1i10hfl xjbqb8w x6umtig x1b1mbwd xaqea5y xav7gou x9f619 x1ypdohk xt0psk2 xe8uvvx xdj266r x11i5rnm xat24cr x1mh8g0r xexx8yu x4uap5 x18d9i69 xkhd6sd x16tdsg8 x1hl2dhg xggy1nq x1a2a7pz xt0b8zv x1qq9wsj xo1l8bm\" tabindex=\"0\" role=\"link\" href=\"https:\/\/www.facebook.com\/hashtag\/telegram_kanal%C4%B1m%C4%B1z?__eep__=6&amp;__cft__[0]=AZWbGEG4krkmlR37HQdeRa_tm56Wm_RC0u1zo5iXDu5xV6XEJRwbLQFJC38G1tcWgZeX0p8zTSUd3uyeehoD7OhBF5QQI7DXPOTG-RSKBT0GYfKLZkWmnLBfVHBHy5SYz_aGgCq4tF1FyKaM3Ll7_puD3CQxRM61XsCjwkxuytTi1E9ZGHfz4-ZPSvnOSYFQ0KU&amp;__tn__=*NK-R\">#Telegram_Kanal\u0131m\u0131z<\/a>:\u00a0<a class=\"x1i10hfl xjbqb8w x6umtig x1b1mbwd xaqea5y xav7gou x9f619 x1ypdohk xt0psk2 xe8uvvx xdj266r x11i5rnm xat24cr x1mh8g0r xexx8yu x4uap5 x18d9i69 xkhd6sd x16tdsg8 x1hl2dhg xggy1nq x1a2a7pz xt0b8zv x1fey0fg\" tabindex=\"0\" role=\"link\" href=\"https:\/\/t.me\/SuriyeArapHaberAjans%C4%B1?fbclid=IwAR1mjgJbN7oiCUhCmbkxYbE3Yf-NwYxepsBh4WXMfHRx1gYI0RRefa-kvPs\" target=\"_blank\" rel=\"nofollow noopener\">https:\/\/t.me\/SuriyeArapHaberAjans\u0131<\/a><\/p>\n","protected":false},"excerpt":{"rendered":"<p>\u015eAM \u2013 \u00a0Cumhurba\u015fkan\u0131 Yard\u0131mc\u0131s\u0131 Dr. Nacah El Attar, (Cumhurba\u015fkan\u0131 Esad Kahramanl\u0131k Ve Fedakarl\u0131ktan Bir Y\u00fcr\u00fcy\u00fc\u015ft\u00fcr) kitab\u0131nda \u00a0Cumhurba\u015fkan\u0131 Be\u015f\u015far Esad&#8217;\u0131n vatanseverlik ve ulus\u00e7uluk vizyonundaki liderlik yakla\u015f\u0131m\u0131, ba\u015far\u0131 ve zafer y\u00fcr\u00fcy\u00fc\u015f\u00fc, sabit pozisyonlar ve di\u011fer tarihi ger\u00e7ekleri sundu. Dr. Nacah El Attar Suriye Kitap Genel Kurumu taraf\u0131ndan ya\u0131nlanan kitab\u0131nda , Suriye&#8217;nin siyasi ve k\u00fclt\u00fcrel tarihinin \u00f6nemli bir &hellip;<\/p>\n","protected":false},"author":41,"featured_media":265776,"comment_status":"closed","ping_status":"closed","sticky":false,"template":"","format":"standard","meta":{"footnotes":""},"categories":[516,511,17988],"tags":[],"class_list":["post-265775","post","type-post","status-publish","format-standard","has-post-thumbnail","","category-haberler-kultur-ve-sanat","category-kultur-ve-sanat","category-son-haberler"],"_links":{"self":[{"href":"https:\/\/archive.sana.sy\/tr\/index.php?rest_route=\/wp\/v2\/posts\/265775","targetHints":{"allow":["GET"]}}],"collection":[{"href":"https:\/\/archive.sana.sy\/tr\/index.php?rest_route=\/wp\/v2\/posts"}],"about":[{"href":"https:\/\/archive.sana.sy\/tr\/index.php?rest_route=\/wp\/v2\/types\/post"}],"author":[{"embeddable":true,"href":"https:\/\/archive.sana.sy\/tr\/index.php?rest_route=\/wp\/v2\/users\/41"}],"replies":[{"embeddable":true,"href":"https:\/\/archive.sana.sy\/tr\/index.php?rest_route=%2Fwp%2Fv2%2Fcomments&post=265775"}],"version-history":[{"count":0,"href":"https:\/\/archive.sana.sy\/tr\/index.php?rest_route=\/wp\/v2\/posts\/265775\/revisions"}],"wp:featuredmedia":[{"embeddable":true,"href":"https:\/\/archive.sana.sy\/tr\/index.php?rest_route=\/wp\/v2\/media\/265776"}],"wp:attachment":[{"href":"https:\/\/archive.sana.sy\/tr\/index.php?rest_route=%2Fwp%2Fv2%2Fmedia&parent=265775"}],"wp:term":[{"taxonomy":"category","embeddable":true,"href":"https:\/\/archive.sana.sy\/tr\/index.php?rest_route=%2Fwp%2Fv2%2Fcategories&post=265775"},{"taxonomy":"post_tag","embeddable":true,"href":"https:\/\/archive.sana.sy\/tr\/index.php?rest_route=%2Fwp%2Fv2%2Ftags&post=265775"}],"curies":[{"name":"wp","href":"https:\/\/api.w.org\/{rel}","templated":true}]}}