{"id":265802,"date":"2022-10-31T13:53:13","date_gmt":"2022-10-31T11:53:13","guid":{"rendered":"http:\/\/107.6.182.27\/tr\/?p=265802"},"modified":"2022-11-02T07:57:51","modified_gmt":"2022-11-02T05:57:51","slug":"rusya-savunma-bakanligi-ukraynadaki-askeri-komuta-merkezlerine-ve-enerji-sistemlerine-karsi-yuksek-hassasiyetli-saldirilar-gerceklestirdik","status":"publish","type":"post","link":"https:\/\/archive.sana.sy\/tr\/?p=265802","title":{"rendered":"Rusya Savunma Bakanl\u0131\u011f\u0131: Ukrayna&#8217;daki Askeri Komuta Merkezlerine Ve Enerji Sistemlerine Kar\u015f\u0131 Y\u00fcksek Hassasiyetli Sald\u0131r\u0131lar Ger\u00e7ekle\u015ftirdik"},"content":{"rendered":"<p>MOSKOVA &#8211; Rusya Savunma Bakanl\u0131\u011f\u0131, silahl\u0131 kuvvetlerinin Ukrayna&#8217;daki askeri komuta noktalar\u0131na ve enerji sistemlerine y\u00f6nelik y\u00fcksek hassasiyetli uzun menzilli hava ve deniz silahlar\u0131yla sald\u0131r\u0131lar\u0131na devam etti\u011fini duyurdu.<\/p>\n<p><img loading=\"lazy\" decoding=\"async\" class=\"size-medium wp-image-265803 alignright\" src=\"http:\/\/107.6.182.27\/tr\/wp-content\/uploads\/2022\/10\/01-\u0627\u0644\u0645\u062a\u062d\u062f\u062b-\u0627\u0644\u0631\u0633\u0645\u064a-\u0628\u0627\u0633\u0645-\u0648\u0632\u0627\u0631\u0629-\u0627\u0644\u062f\u0641\u0627\u0639-\u0627\u0644\u0631\u0648\u0633\u064a\u0629-\u0627\u0644\u0641\u0631\u064a\u0642-\u0625\u064a\u063a\u0648\u0631-\u0643\u0648\u0646\u0627\u0634\u064a\u0646\u0643\u0648\u0641-660370-300x168.jpg\" alt=\"\" width=\"300\" height=\"168\" srcset=\"https:\/\/archive.sana.sy\/tr\/wp-content\/uploads\/2022\/10\/01-\u0627\u0644\u0645\u062a\u062d\u062f\u062b-\u0627\u0644\u0631\u0633\u0645\u064a-\u0628\u0627\u0633\u0645-\u0648\u0632\u0627\u0631\u0629-\u0627\u0644\u062f\u0641\u0627\u0639-\u0627\u0644\u0631\u0648\u0633\u064a\u0629-\u0627\u0644\u0641\u0631\u064a\u0642-\u0625\u064a\u063a\u0648\u0631-\u0643\u0648\u0646\u0627\u0634\u064a\u0646\u0643\u0648\u0641-660370-300x168.jpg 300w, https:\/\/archive.sana.sy\/tr\/wp-content\/uploads\/2022\/10\/01-\u0627\u0644\u0645\u062a\u062d\u062f\u062b-\u0627\u0644\u0631\u0633\u0645\u064a-\u0628\u0627\u0633\u0645-\u0648\u0632\u0627\u0631\u0629-\u0627\u0644\u062f\u0641\u0627\u0639-\u0627\u0644\u0631\u0648\u0633\u064a\u0629-\u0627\u0644\u0641\u0631\u064a\u0642-\u0625\u064a\u063a\u0648\u0631-\u0643\u0648\u0646\u0627\u0634\u064a\u0646\u0643\u0648\u0641-660370-150x84.jpg 150w, https:\/\/archive.sana.sy\/tr\/wp-content\/uploads\/2022\/10\/01-\u0627\u0644\u0645\u062a\u062d\u062f\u062b-\u0627\u0644\u0631\u0633\u0645\u064a-\u0628\u0627\u0633\u0645-\u0648\u0632\u0627\u0631\u0629-\u0627\u0644\u062f\u0641\u0627\u0639-\u0627\u0644\u0631\u0648\u0633\u064a\u0629-\u0627\u0644\u0641\u0631\u064a\u0642-\u0625\u064a\u063a\u0648\u0631-\u0643\u0648\u0646\u0627\u0634\u064a\u0646\u0643\u0648\u0641-660370.jpg 660w\" sizes=\"auto, (max-width: 300px) 100vw, 300px\" \/>Bakanl\u0131k s\u00f6zc\u00fcs\u00fc Korgeneral \u0130gor Kona\u015fenkov \u00a0bug\u00fcn verdi\u011fi berfingde, Rus kuvvetlerinin Kobyansk y\u00f6n\u00fcndeki birimleri, Ukrayna kuvvetleri ve yabanc\u0131 paral\u0131 askerlerin birimleri taraf\u0131ndan ilerleme giri\u015fimlerini p\u00fcsk\u00fcrtt\u00fc\u011f\u00fcn\u00fc ve 110&#8217;dan fazla Ukrayna askeri ve militan\u0131, bir tank, \u00fc\u00e7 z\u0131rhl\u0131 sava\u015f arac\u0131, iki kamyon ve iki askeri ara\u00e7\u0131n imha edildi\u011fini belirtti.<\/p>\n<p>Konashenkov ayr\u0131ca, Krasno-Limansk ekseninde, Rus kuvvetlerinin Makivka ve Chernopopovka y\u00f6n\u00fcndeki taarruz operasyonlar\u0131n\u0131 p\u00fcsk\u00fcrtt\u00fc\u00fcn\u00fc ve bunun sonucunda 170&#8217;ten fazla Ukraynal\u0131 askerin \u00f6ld\u00fcr\u00fcld\u00fc\u011f\u00fcn\u00fc ve \u00fc\u00e7 tank, be\u015f z\u0131rhl\u0131 sava\u015f arac\u0131 ve dokuz \u00f6zel asker arac\u0131n imha edildi\u011fini kaydetti.<\/p>\n","protected":false},"excerpt":{"rendered":"<p>MOSKOVA &#8211; Rusya Savunma Bakanl\u0131\u011f\u0131, silahl\u0131 kuvvetlerinin Ukrayna&#8217;daki askeri komuta noktalar\u0131na ve enerji sistemlerine y\u00f6nelik y\u00fcksek hassasiyetli uzun menzilli hava ve deniz silahlar\u0131yla sald\u0131r\u0131lar\u0131na devam etti\u011fini duyurdu. Bakanl\u0131k s\u00f6zc\u00fcs\u00fc Korgeneral \u0130gor Kona\u015fenkov \u00a0bug\u00fcn verdi\u011fi berfingde, Rus kuvvetlerinin Kobyansk y\u00f6n\u00fcndeki birimleri, Ukrayna kuvvetleri ve yabanc\u0131 paral\u0131 askerlerin birimleri taraf\u0131ndan ilerleme giri\u015fimlerini p\u00fcsk\u00fcrtt\u00fc\u011f\u00fcn\u00fc ve 110&#8217;dan fazla Ukrayna &hellip;<\/p>\n","protected":false},"author":1,"featured_media":265804,"comment_status":"closed","ping_status":"closed","sticky":false,"template":"","format":"standard","meta":{"footnotes":""},"categories":[458,459,17988],"tags":[],"class_list":["post-265802","post","type-post","status-publish","format-standard","has-post-thumbnail","","category-dunya1","category-haberler-arap-uluslararasi-politika","category-son-haberler"],"_links":{"self":[{"href":"https:\/\/archive.sana.sy\/tr\/index.php?rest_route=\/wp\/v2\/posts\/265802","targetHints":{"allow":["GET"]}}],"collection":[{"href":"https:\/\/archive.sana.sy\/tr\/index.php?rest_route=\/wp\/v2\/posts"}],"about":[{"href":"https:\/\/archive.sana.sy\/tr\/index.php?rest_route=\/wp\/v2\/types\/post"}],"author":[{"embeddable":true,"href":"https:\/\/archive.sana.sy\/tr\/index.php?rest_route=\/wp\/v2\/users\/1"}],"replies":[{"embeddable":true,"href":"https:\/\/archive.sana.sy\/tr\/index.php?rest_route=%2Fwp%2Fv2%2Fcomments&post=265802"}],"version-history":[{"count":0,"href":"https:\/\/archive.sana.sy\/tr\/index.php?rest_route=\/wp\/v2\/posts\/265802\/revisions"}],"wp:featuredmedia":[{"embeddable":true,"href":"https:\/\/archive.sana.sy\/tr\/index.php?rest_route=\/wp\/v2\/media\/265804"}],"wp:attachment":[{"href":"https:\/\/archive.sana.sy\/tr\/index.php?rest_route=%2Fwp%2Fv2%2Fmedia&parent=265802"}],"wp:term":[{"taxonomy":"category","embeddable":true,"href":"https:\/\/archive.sana.sy\/tr\/index.php?rest_route=%2Fwp%2Fv2%2Fcategories&post=265802"},{"taxonomy":"post_tag","embeddable":true,"href":"https:\/\/archive.sana.sy\/tr\/index.php?rest_route=%2Fwp%2Fv2%2Ftags&post=265802"}],"curies":[{"name":"wp","href":"https:\/\/api.w.org\/{rel}","templated":true}]}}