{"id":26586,"date":"2015-03-16T08:54:24","date_gmt":"2015-03-16T06:54:24","guid":{"rendered":"http:\/\/www.sana.sy\/tr\/?p=26586"},"modified":"2015-03-16T14:35:47","modified_gmt":"2015-03-16T12:35:47","slug":"ogrenciler-kimsesiz-cocuklar-ve-teror-magduru-ailelerin-hayrina-kiyafet-topluyor","status":"publish","type":"post","link":"https:\/\/archive.sana.sy\/tr\/?p=26586","title":{"rendered":"\u00d6\u011frenciler Kimsesiz \u00c7ocuklar ve Ter\u00f6r Ma\u011fduru Ailelerin Hayr\u0131na K\u0131yafet Topluyor"},"content":{"rendered":"<p>S\u00dcVEYDA \u2013 Suriye \u00d6\u011frenci Birli\u011fi bug\u00fcn \u201cS\u0131cak Dokunu\u015f\u201d ba\u015fl\u0131\u011f\u0131 alt\u0131nda ba\u015flatt\u0131\u011f\u0131 kampanya kapsam\u0131nda kimsesiz \u00e7ocuklara ve ter\u00f6r ma\u011fduru ailelere da\u011f\u0131tmak \u00fczere k\u0131yafet toplamaya ba\u015flad\u0131.<\/p>\n<p>Suriye \u00d6\u011frenci Birli\u011fi S\u00fcveyda Ofisi Y\u00f6netim Kurulu \u00dcyesi Kenan Abdo, SANA\u2019ya yapt\u0131\u011f\u0131 a\u00e7\u0131klamada kampanyan\u0131n S\u00fcveyda\u2019da bulunan 2. E\u011fitim Fak\u00fcltesi \u00d6\u011frenci \u0130dare Komisyonunun giri\u015fimiyle ba\u015flad\u0131\u011f\u0131n\u0131 ifade etti.<\/p>\n<p>D\u00fcn S\u00fcveyda kentinde Sosyal G\u00f6zetim Cemiyetleri Birli\u011fi Binas\u0131nda d\u00fczenlenen kampanya a\u00e7\u0131l\u0131\u015f t\u00f6reninde kampanyan\u0131n i\u00e7eri\u011fi ve ama\u00e7lar\u0131na ili\u015fkin bir anlat\u0131m\u0131n yan\u0131 s\u0131ra m\u00fczik dinletisi, tiyatro g\u00f6sterimi ve \u015fiir dinletisi gibi sanatsal faaliyetler sergilendi.<\/p>\n<p>F.B. &#8211; R.H.<\/p>\n","protected":false},"excerpt":{"rendered":"<p>S\u00dcVEYDA \u2013 Suriye \u00d6\u011frenci Birli\u011fi bug\u00fcn \u201cS\u0131cak Dokunu\u015f\u201d ba\u015fl\u0131\u011f\u0131 alt\u0131nda ba\u015flatt\u0131\u011f\u0131 kampanya kapsam\u0131nda kimsesiz \u00e7ocuklara ve ter\u00f6r ma\u011fduru ailelere da\u011f\u0131tmak \u00fczere k\u0131yafet toplamaya ba\u015flad\u0131. Suriye \u00d6\u011frenci Birli\u011fi S\u00fcveyda Ofisi Y\u00f6netim Kurulu \u00dcyesi Kenan Abdo, SANA\u2019ya yapt\u0131\u011f\u0131 a\u00e7\u0131klamada kampanyan\u0131n S\u00fcveyda\u2019da bulunan 2. E\u011fitim Fak\u00fcltesi \u00d6\u011frenci \u0130dare Komisyonunun giri\u015fimiyle ba\u015flad\u0131\u011f\u0131n\u0131 ifade etti. D\u00fcn S\u00fcveyda kentinde Sosyal G\u00f6zetim &hellip;<\/p>\n","protected":false},"author":1,"featured_media":26588,"comment_status":"closed","ping_status":"closed","sticky":false,"template":"","format":"standard","meta":{"footnotes":""},"categories":[479,478],"tags":[12571],"class_list":["post-26586","post","type-post","status-publish","format-standard","has-post-thumbnail","","category-haberler-yerel","category-yerel","tag-ogrenciler-kimsesiz-cocuklar-ve-teror-magduru-ailelerin-hayrina-kiyafet-topluyor-suveyda-suriye-ogrenci-birligi-isi-bugun-sicak-dokunus-basligi-altinda-baslattigi-kampanya"],"_links":{"self":[{"href":"https:\/\/archive.sana.sy\/tr\/index.php?rest_route=\/wp\/v2\/posts\/26586","targetHints":{"allow":["GET"]}}],"collection":[{"href":"https:\/\/archive.sana.sy\/tr\/index.php?rest_route=\/wp\/v2\/posts"}],"about":[{"href":"https:\/\/archive.sana.sy\/tr\/index.php?rest_route=\/wp\/v2\/types\/post"}],"author":[{"embeddable":true,"href":"https:\/\/archive.sana.sy\/tr\/index.php?rest_route=\/wp\/v2\/users\/1"}],"replies":[{"embeddable":true,"href":"https:\/\/archive.sana.sy\/tr\/index.php?rest_route=%2Fwp%2Fv2%2Fcomments&post=26586"}],"version-history":[{"count":0,"href":"https:\/\/archive.sana.sy\/tr\/index.php?rest_route=\/wp\/v2\/posts\/26586\/revisions"}],"wp:featuredmedia":[{"embeddable":true,"href":"https:\/\/archive.sana.sy\/tr\/index.php?rest_route=\/wp\/v2\/media\/26588"}],"wp:attachment":[{"href":"https:\/\/archive.sana.sy\/tr\/index.php?rest_route=%2Fwp%2Fv2%2Fmedia&parent=26586"}],"wp:term":[{"taxonomy":"category","embeddable":true,"href":"https:\/\/archive.sana.sy\/tr\/index.php?rest_route=%2Fwp%2Fv2%2Fcategories&post=26586"},{"taxonomy":"post_tag","embeddable":true,"href":"https:\/\/archive.sana.sy\/tr\/index.php?rest_route=%2Fwp%2Fv2%2Ftags&post=26586"}],"curies":[{"name":"wp","href":"https:\/\/api.w.org\/{rel}","templated":true}]}}