{"id":265954,"date":"2022-11-01T22:33:18","date_gmt":"2022-11-01T20:33:18","guid":{"rendered":"http:\/\/107.6.182.27\/tr\/?p=265954"},"modified":"2022-11-03T07:30:09","modified_gmt":"2022-11-03T05:30:09","slug":"cuma-iran-tarafiyla-sam-ve-tahran-arasindaki-stratejik-iliskileri-guclendirmenin-yollarini-gorustu","status":"publish","type":"post","link":"https:\/\/archive.sana.sy\/tr\/?p=265954","title":{"rendered":"Cuma, \u0130ran Taraf\u0131yla \u015eam ve Tahran Aras\u0131ndaki Stratejik \u0130li\u015fkileri G\u00fc\u00e7lendirmenin Yollar\u0131n\u0131 G\u00f6r\u00fc\u015ft\u00fc"},"content":{"rendered":"<p>TAHRAN \u2013 Halk Meclisi \u00fcyesi ve Suriye-\u0130ran Dostluk Komitesi Ba\u015fkan Yard\u0131mc\u0131s\u0131 Hayfa Cuma&#8217;a, \u0130ran D\u0131\u015fi\u015fleri Bakan\u0131 H\u00fcseyin Emir Abd\u00fcllehyan ile Tahran&#8217;da ikili ili\u015fkileri geli\u015ftirmenin yollar\u0131n\u0131 g\u00f6r\u00fc\u015f\u00fcrken, Ulusal G\u00fcvenlik ve D\u0131\u015f Politika Komitesi ba\u015fkan\u0131 Vahid Celalzadeh ile ekonomik ili\u015fkileri geli\u015ftirmenin yollar\u0131n\u0131 da g\u00f6r\u00fc\u015ft\u00fc.<\/p>\n<p>Cuma&#8217;a, Abd\u00fcllehyan ile yapt\u0131\u011f\u0131 g\u00f6r\u00fc\u015fmede: &#8220;bu ili\u015fkiler, Suriye ile \u0130ran aras\u0131nda imzalanan anla\u015fmalar\u0131n etkinle\u015ftirilmesi ve \u00f6zellikle ekonomik olmak \u00fczere ziyaret ve heyet al\u0131\u015fveri\u015fi yoluyla sosyal ve k\u00fclt\u00fcrel her alanda peki\u015ftirilen bir irade ittifak\u0131d\u0131r&#8221; dedi.<\/p>\n<p>Cuma&#8217;a, medyan\u0131n Bat\u0131 medyas\u0131na direnmedeki rol\u00fcn\u00fc vurgularken, Halk Meclisi ve \u0130ran \u015eura Konseyi aras\u0131nda bilimsel i\u015fbirli\u011fi, teknoloji transferi ve deneyim al\u0131\u015fveri\u015finin bu ziyaretin ama\u00e7lar\u0131 aras\u0131nda oldu\u011funu a\u00e7\u0131klad\u0131.<\/p>\n<p><img loading=\"lazy\" decoding=\"async\" class=\"size-medium wp-image-265956 alignright\" src=\"http:\/\/107.6.182.27\/tr\/wp-content\/uploads\/2022\/11\/1-300x188.jpg\" alt=\"\" width=\"300\" height=\"188\" srcset=\"https:\/\/archive.sana.sy\/tr\/wp-content\/uploads\/2022\/11\/1-300x188.jpg 300w, https:\/\/archive.sana.sy\/tr\/wp-content\/uploads\/2022\/11\/1-150x94.jpg 150w, https:\/\/archive.sana.sy\/tr\/wp-content\/uploads\/2022\/11\/1.jpg 660w\" sizes=\"auto, (max-width: 300px) 100vw, 300px\" \/>Abd\u00fcllehyan ise, iki konsey aras\u0131ndaki ortak dostluk komitelerinin ikili ili\u015fkilerin geli\u015ftirilmesinde oynad\u0131\u011f\u0131 \u00f6nemli role de\u011finerek, \u0130ki \u00fclke aras\u0131ndaki bilimsel ve teknik i\u015fbirli\u011fini geli\u015ftirmek amac\u0131yla Suriye&#8217;de geli\u015fmi\u015f bir bilimsel ve teknik ara\u015ft\u0131rma merkezi kurma olas\u0131l\u0131\u011f\u0131n\u0131 dile getirdi.<\/p>\n<p>Ayn\u0131 ba\u011flamda Cuma&#8217;a ve Celalzadeh, iki \u00fclke aras\u0131ndaki ekonomik ili\u015fkileri geli\u015ftirerek siyasi ili\u015fkiler d\u00fczeyine y\u00fckseltmenin ve her iki \u00fclkenin \u00e7\u0131kar\u0131na yeni ufuklar a\u00e7man\u0131n yollar\u0131n\u0131 g\u00e7r\u00fc\u015ft\u00fc.<\/p>\n<p>Celalzade ise Suriye&#8217;nin egemenli\u011fini, ba\u011f\u0131ms\u0131zl\u0131\u011f\u0131n\u0131 ve toprak b\u00fct\u00fcnl\u00fc\u011f\u00fcn\u00fc vurgularken, Suriye&#8217;nin ter\u00f6rle m\u00fccadeledeki zaferinin en k\u0131sa s\u00fcrede ekonomide de zafere ula\u015faca\u011f\u0131na i\u015faret etti.<\/p>\n<p><span style=\"color: #0000ff;\">#Telegram_Kanal\u0131m\u0131z: https:\/\/t.me\/SuriyeArapHaberAjans\u0131<\/span><\/p>\n","protected":false},"excerpt":{"rendered":"<p>TAHRAN \u2013 Halk Meclisi \u00fcyesi ve Suriye-\u0130ran Dostluk Komitesi Ba\u015fkan Yard\u0131mc\u0131s\u0131 Hayfa Cuma&#8217;a, \u0130ran D\u0131\u015fi\u015fleri Bakan\u0131 H\u00fcseyin Emir Abd\u00fcllehyan ile Tahran&#8217;da ikili ili\u015fkileri geli\u015ftirmenin yollar\u0131n\u0131 g\u00f6r\u00fc\u015f\u00fcrken, Ulusal G\u00fcvenlik ve D\u0131\u015f Politika Komitesi ba\u015fkan\u0131 Vahid Celalzadeh ile ekonomik ili\u015fkileri geli\u015ftirmenin yollar\u0131n\u0131 da g\u00f6r\u00fc\u015ft\u00fc. Cuma&#8217;a, Abd\u00fcllehyan ile yapt\u0131\u011f\u0131 g\u00f6r\u00fc\u015fmede: &#8220;bu ili\u015fkiler, Suriye ile \u0130ran aras\u0131nda imzalanan anla\u015fmalar\u0131n &hellip;<\/p>\n","protected":false},"author":36,"featured_media":265955,"comment_status":"closed","ping_status":"closed","sticky":false,"template":"","format":"standard","meta":{"footnotes":""},"categories":[458,459,17988],"tags":[],"class_list":["post-265954","post","type-post","status-publish","format-standard","has-post-thumbnail","","category-dunya1","category-haberler-arap-uluslararasi-politika","category-son-haberler"],"_links":{"self":[{"href":"https:\/\/archive.sana.sy\/tr\/index.php?rest_route=\/wp\/v2\/posts\/265954","targetHints":{"allow":["GET"]}}],"collection":[{"href":"https:\/\/archive.sana.sy\/tr\/index.php?rest_route=\/wp\/v2\/posts"}],"about":[{"href":"https:\/\/archive.sana.sy\/tr\/index.php?rest_route=\/wp\/v2\/types\/post"}],"author":[{"embeddable":true,"href":"https:\/\/archive.sana.sy\/tr\/index.php?rest_route=\/wp\/v2\/users\/36"}],"replies":[{"embeddable":true,"href":"https:\/\/archive.sana.sy\/tr\/index.php?rest_route=%2Fwp%2Fv2%2Fcomments&post=265954"}],"version-history":[{"count":0,"href":"https:\/\/archive.sana.sy\/tr\/index.php?rest_route=\/wp\/v2\/posts\/265954\/revisions"}],"wp:featuredmedia":[{"embeddable":true,"href":"https:\/\/archive.sana.sy\/tr\/index.php?rest_route=\/wp\/v2\/media\/265955"}],"wp:attachment":[{"href":"https:\/\/archive.sana.sy\/tr\/index.php?rest_route=%2Fwp%2Fv2%2Fmedia&parent=265954"}],"wp:term":[{"taxonomy":"category","embeddable":true,"href":"https:\/\/archive.sana.sy\/tr\/index.php?rest_route=%2Fwp%2Fv2%2Fcategories&post=265954"},{"taxonomy":"post_tag","embeddable":true,"href":"https:\/\/archive.sana.sy\/tr\/index.php?rest_route=%2Fwp%2Fv2%2Ftags&post=265954"}],"curies":[{"name":"wp","href":"https:\/\/api.w.org\/{rel}","templated":true}]}}