{"id":265958,"date":"2022-11-01T22:42:16","date_gmt":"2022-11-01T20:42:16","guid":{"rendered":"http:\/\/107.6.182.27\/tr\/?p=265958"},"modified":"2022-11-03T07:30:18","modified_gmt":"2022-11-03T05:30:18","slug":"dr-mikdad-ikili-iliskileri-guclendirmek-icin-tahrani-ziyarete-basladi","status":"publish","type":"post","link":"https:\/\/archive.sana.sy\/tr\/?p=265958","title":{"rendered":"Dr. Mikdad, \u0130kili \u0130li\u015fkileri G\u00fc\u00e7lendirmek \u0130\u00e7in Tahran&#8217;\u0131 Ziyarete Ba\u015flad\u0131"},"content":{"rendered":"<p>TAHRAN \u2013 D\u0131\u015fi\u015fleri ve Gurbet\u00e7iler Bakan\u0131 Dr. Feysal El Mikdad, \u0130ranl\u0131 mevkida\u015f\u0131 H\u00fcseyin Emir Abd\u00fcllehyan ve \u00fcst d\u00fczey \u0130ranl\u0131 yetkililerle iki \u00fclkeyi birle\u015ftiren stratejik ili\u015fkileri g\u00fc\u00e7lendirmek amac\u0131yla temaslarda bulunaca\u011f\u0131 \u0130ran&#8217;\u0131n ba\u015fkenti Tahran&#8217;a resmi bir ziyarete ba\u015flad\u0131.<\/p>\n<p>El Mikdad, Tahran havaalan\u0131nda \u0130ran D\u0131\u015fi\u015fleri Bakan\u0131&#8217;n\u0131n dan\u0131\u015fman\u0131, \u0130ran D\u0131\u015fi\u015fleri Bakanl\u0131\u011f\u0131 Genel M\u00fcd\u00fcr\u00fc Muhammed Sad\u0131k Fadli, L\u00fcbnan ve Suriye dairesi ba\u015fkan\u0131 \u015eah H\u00fcseyni, Suriye&#8217;nin Tahran B\u00fcy\u00fckel\u00e7isi \u015eefik Diop, Suriye b\u00fcy\u00fckel\u00e7ili\u011fi \u00fcyeleri ve \u00e7ok say\u0131da \u0130ranl\u0131 yetkili taraf\u0131ndan kar\u015f\u0131land\u0131.<\/p>\n<p>Bakan El Mikdad\u2019a, Afro-Asya \u0130\u015fleri Dairesi M\u00fcd\u00fcr\u00fc Ramez El Ra&#8217;i, Bakan Ofisi M\u00fcd\u00fcr\u00fc Camal Najib ve Bakan Ofisinden \u0130hsan El Rumman e\u015flik ediyor.<\/p>\n<article id=\"the-post\" class=\"post-listing post-265954 post type-post status-publish format-standard has-post-thumbnail category-dunya1 category-haber-seridi category-haberler-arap-uluslararasi-politika category-son-haberler\">\n<div class=\"post-inner\">\n<div class=\"entry\">\n<p><span style=\"color: #0000ff;\">#Telegram_Kanal\u0131m\u0131z: https:\/\/t.me\/SuriyeArapHaberAjans\u0131<\/span><\/p>\n<\/div>\n<div class=\"clear\"><\/div>\n<\/div>\n<\/article>\n<section id=\"check-also-box\" class=\"post-listing check-also-right\"><\/section>\n","protected":false},"excerpt":{"rendered":"<p>TAHRAN \u2013 D\u0131\u015fi\u015fleri ve Gurbet\u00e7iler Bakan\u0131 Dr. Feysal El Mikdad, \u0130ranl\u0131 mevkida\u015f\u0131 H\u00fcseyin Emir Abd\u00fcllehyan ve \u00fcst d\u00fczey \u0130ranl\u0131 yetkililerle iki \u00fclkeyi birle\u015ftiren stratejik ili\u015fkileri g\u00fc\u00e7lendirmek amac\u0131yla temaslarda bulunaca\u011f\u0131 \u0130ran&#8217;\u0131n ba\u015fkenti Tahran&#8217;a resmi bir ziyarete ba\u015flad\u0131. El Mikdad, Tahran havaalan\u0131nda \u0130ran D\u0131\u015fi\u015fleri Bakan\u0131&#8217;n\u0131n dan\u0131\u015fman\u0131, \u0130ran D\u0131\u015fi\u015fleri Bakanl\u0131\u011f\u0131 Genel M\u00fcd\u00fcr\u00fc Muhammed Sad\u0131k Fadli, L\u00fcbnan ve Suriye &hellip;<\/p>\n","protected":false},"author":36,"featured_media":265959,"comment_status":"closed","ping_status":"closed","sticky":false,"template":"","format":"standard","meta":{"footnotes":""},"categories":[458,459,17988],"tags":[],"class_list":["post-265958","post","type-post","status-publish","format-standard","has-post-thumbnail","","category-dunya1","category-haberler-arap-uluslararasi-politika","category-son-haberler"],"_links":{"self":[{"href":"https:\/\/archive.sana.sy\/tr\/index.php?rest_route=\/wp\/v2\/posts\/265958","targetHints":{"allow":["GET"]}}],"collection":[{"href":"https:\/\/archive.sana.sy\/tr\/index.php?rest_route=\/wp\/v2\/posts"}],"about":[{"href":"https:\/\/archive.sana.sy\/tr\/index.php?rest_route=\/wp\/v2\/types\/post"}],"author":[{"embeddable":true,"href":"https:\/\/archive.sana.sy\/tr\/index.php?rest_route=\/wp\/v2\/users\/36"}],"replies":[{"embeddable":true,"href":"https:\/\/archive.sana.sy\/tr\/index.php?rest_route=%2Fwp%2Fv2%2Fcomments&post=265958"}],"version-history":[{"count":0,"href":"https:\/\/archive.sana.sy\/tr\/index.php?rest_route=\/wp\/v2\/posts\/265958\/revisions"}],"wp:featuredmedia":[{"embeddable":true,"href":"https:\/\/archive.sana.sy\/tr\/index.php?rest_route=\/wp\/v2\/media\/265959"}],"wp:attachment":[{"href":"https:\/\/archive.sana.sy\/tr\/index.php?rest_route=%2Fwp%2Fv2%2Fmedia&parent=265958"}],"wp:term":[{"taxonomy":"category","embeddable":true,"href":"https:\/\/archive.sana.sy\/tr\/index.php?rest_route=%2Fwp%2Fv2%2Fcategories&post=265958"},{"taxonomy":"post_tag","embeddable":true,"href":"https:\/\/archive.sana.sy\/tr\/index.php?rest_route=%2Fwp%2Fv2%2Ftags&post=265958"}],"curies":[{"name":"wp","href":"https:\/\/api.w.org\/{rel}","templated":true}]}}