{"id":265961,"date":"2022-11-01T22:50:21","date_gmt":"2022-11-01T20:50:21","guid":{"rendered":"http:\/\/107.6.182.27\/tr\/?p=265961"},"modified":"2022-11-03T07:30:42","modified_gmt":"2022-11-03T05:30:42","slug":"el-caferi-rusya-ile-iliskilerimiz-farkli-ve-tutumlarimiz-ortak","status":"publish","type":"post","link":"https:\/\/archive.sana.sy\/tr\/?p=265961","title":{"rendered":"El Caferi: Rusya \u0130le \u0130li\u015fkilerimiz Farkl\u0131 Ve Tutumlar\u0131m\u0131z Ortak"},"content":{"rendered":"<p>MOSKOVA \u2013 Suriye&#8217;nin Rusya Federasyonu b\u00fcy\u00fckel\u00e7isi Be\u015far el Caferi, Suriye ile Rusya aras\u0131ndaki ili\u015fkilerin se\u00e7kin oldu\u011funu belirtirken, iki dost \u00fclkeye hizmet etmek i\u00e7in ortak tutumlar\u0131n uyumuna i\u015faret etti.<\/p>\n<p><img loading=\"lazy\" decoding=\"async\" class=\"size-medium wp-image-265962 alignright\" src=\"http:\/\/107.6.182.27\/tr\/wp-content\/uploads\/2022\/11\/4-300x200.jpg\" alt=\"\" width=\"300\" height=\"200\" srcset=\"https:\/\/archive.sana.sy\/tr\/wp-content\/uploads\/2022\/11\/4-300x200.jpg 300w, https:\/\/archive.sana.sy\/tr\/wp-content\/uploads\/2022\/11\/4-150x100.jpg 150w, https:\/\/archive.sana.sy\/tr\/wp-content\/uploads\/2022\/11\/4.jpg 660w\" sizes=\"auto, (max-width: 300px) 100vw, 300px\" \/>Bu, Rusya Federasyonu&#8217;ndaki Suriye Arap Cumhuriyeti&#8217;nin Ola\u011fan\u00fcst\u00fc ve Tam Yetkili B\u00fcy\u00fckel\u00e7isi olarak itimatnamesinin bir kopyas\u0131n\u0131 Rusya Devlet Ba\u015fkan\u0131&#8217;n\u0131n Ortado\u011fu ve Afrika \u00dclkeleri \u00d6zel Temsilcisi D\u0131\u015fi\u015fleri Bakan Yard\u0131mc\u0131s\u0131 Mihail Bogdanov&#8217;a sunarken geldi.<\/p>\n<p>El Caferi, Suriye ve Rusya&#8217;n\u0131n jeopolitik anlamda \u00e7ok \u00f6nemli \u00fclkeler oldu\u011funu ve \u00e7ok uzun zaman \u00f6nce kurulan bu ili\u015fkileri kimse bozamaz ve sadece aralar\u0131nda diplomatik ili\u015fkilerin kurulu\u015f tarihine kadar geri gitmez.<\/p>\n<p>El Caferi, Cumhurba\u015fkan\u0131 Be\u015far Esad&#8217;\u0131n her zaman bu ili\u015fkilerin sadece m\u00fcttefikler d\u00fczeyine de\u011fil, ayn\u0131 zamanda karde\u015flik d\u00fczeyine de y\u00fckseltilmesi \u00e7a\u011fr\u0131s\u0131nda bulundu\u011funa dikkat \u00e7ekti.<\/p>\n<p><img loading=\"lazy\" decoding=\"async\" class=\"size-medium wp-image-265963 alignright\" src=\"http:\/\/107.6.182.27\/tr\/wp-content\/uploads\/2022\/11\/5-300x176.jpg\" alt=\"\" width=\"300\" height=\"176\" srcset=\"https:\/\/archive.sana.sy\/tr\/wp-content\/uploads\/2022\/11\/5-300x176.jpg 300w, https:\/\/archive.sana.sy\/tr\/wp-content\/uploads\/2022\/11\/5-150x88.jpg 150w, https:\/\/archive.sana.sy\/tr\/wp-content\/uploads\/2022\/11\/5.jpg 660w\" sizes=\"auto, (max-width: 300px) 100vw, 300px\" \/>Buna kar\u015f\u0131l\u0131k Bogdanov, &#8220;\u0130ki \u00fclke aras\u0131ndaki ili\u015fki ger\u00e7ekten tarihi ve se\u00e7kindir ve Ba\u015fkan Vladimir Putin, Suriyeli arkada\u015flar\u0131n tutumlar\u0131n\u0131 takdir ediyor ve kar\u015f\u0131la\u015ft\u0131klar\u0131 t\u00fcm zorluklar\u0131 biliyor\u201d diyerek, \u00a0Rusya&#8217;n\u0131n Suriye&#8217;nin yan\u0131nda oldu\u011funu ve her alanda deste\u011fini teyit etti.<\/p>\n<p>El Caferi ve Bogdanov ayr\u0131ca, iki taraf aras\u0131nda devam eden etkili diyalog da dahil olmak \u00fczere Suriye-Rus dostluk ili\u015fkilerinin g\u00fc\u00e7lendirilmesine ili\u015fkin acil konular\u0131 da g\u00f6r\u00fc\u015ft\u00fcler.<\/p>\n<article id=\"the-post\" class=\"post-listing post-265954 post type-post status-publish format-standard has-post-thumbnail category-dunya1 category-haber-seridi category-haberler-arap-uluslararasi-politika category-son-haberler\">\n<div class=\"post-inner\">\n<div class=\"entry\">\n<p><span style=\"color: #0000ff;\">#Telegram_Kanal\u0131m\u0131z: https:\/\/t.me\/SuriyeArapHaberAjans\u0131<\/span><\/p>\n<\/div>\n<div class=\"clear\"><\/div>\n<\/div>\n<\/article>\n","protected":false},"excerpt":{"rendered":"<p>MOSKOVA \u2013 Suriye&#8217;nin Rusya Federasyonu b\u00fcy\u00fckel\u00e7isi Be\u015far el Caferi, Suriye ile Rusya aras\u0131ndaki ili\u015fkilerin se\u00e7kin oldu\u011funu belirtirken, iki dost \u00fclkeye hizmet etmek i\u00e7in ortak tutumlar\u0131n uyumuna i\u015faret etti. Bu, Rusya Federasyonu&#8217;ndaki Suriye Arap Cumhuriyeti&#8217;nin Ola\u011fan\u00fcst\u00fc ve Tam Yetkili B\u00fcy\u00fckel\u00e7isi olarak itimatnamesinin bir kopyas\u0131n\u0131 Rusya Devlet Ba\u015fkan\u0131&#8217;n\u0131n Ortado\u011fu ve Afrika \u00dclkeleri \u00d6zel Temsilcisi D\u0131\u015fi\u015fleri Bakan Yard\u0131mc\u0131s\u0131 &hellip;<\/p>\n","protected":false},"author":36,"featured_media":265964,"comment_status":"closed","ping_status":"closed","sticky":false,"template":"","format":"standard","meta":{"footnotes":""},"categories":[458,459,17988],"tags":[],"class_list":["post-265961","post","type-post","status-publish","format-standard","has-post-thumbnail","","category-dunya1","category-haberler-arap-uluslararasi-politika","category-son-haberler"],"_links":{"self":[{"href":"https:\/\/archive.sana.sy\/tr\/index.php?rest_route=\/wp\/v2\/posts\/265961","targetHints":{"allow":["GET"]}}],"collection":[{"href":"https:\/\/archive.sana.sy\/tr\/index.php?rest_route=\/wp\/v2\/posts"}],"about":[{"href":"https:\/\/archive.sana.sy\/tr\/index.php?rest_route=\/wp\/v2\/types\/post"}],"author":[{"embeddable":true,"href":"https:\/\/archive.sana.sy\/tr\/index.php?rest_route=\/wp\/v2\/users\/36"}],"replies":[{"embeddable":true,"href":"https:\/\/archive.sana.sy\/tr\/index.php?rest_route=%2Fwp%2Fv2%2Fcomments&post=265961"}],"version-history":[{"count":0,"href":"https:\/\/archive.sana.sy\/tr\/index.php?rest_route=\/wp\/v2\/posts\/265961\/revisions"}],"wp:featuredmedia":[{"embeddable":true,"href":"https:\/\/archive.sana.sy\/tr\/index.php?rest_route=\/wp\/v2\/media\/265964"}],"wp:attachment":[{"href":"https:\/\/archive.sana.sy\/tr\/index.php?rest_route=%2Fwp%2Fv2%2Fmedia&parent=265961"}],"wp:term":[{"taxonomy":"category","embeddable":true,"href":"https:\/\/archive.sana.sy\/tr\/index.php?rest_route=%2Fwp%2Fv2%2Fcategories&post=265961"},{"taxonomy":"post_tag","embeddable":true,"href":"https:\/\/archive.sana.sy\/tr\/index.php?rest_route=%2Fwp%2Fv2%2Ftags&post=265961"}],"curies":[{"name":"wp","href":"https:\/\/api.w.org\/{rel}","templated":true}]}}