{"id":266091,"date":"2022-11-02T23:00:29","date_gmt":"2022-11-02T21:00:29","guid":{"rendered":"http:\/\/107.6.182.27\/tr\/?p=266091"},"modified":"2022-11-07T07:48:36","modified_gmt":"2022-11-07T05:48:36","slug":"sabbag-suriye-kubaya-dayatilan-haksiz-abd-ablukasini-kaldirma-gerekliligini-yineliyor","status":"publish","type":"post","link":"https:\/\/archive.sana.sy\/tr\/?p=266091","title":{"rendered":"Sabba\u011f: Suriye, K\u00fcba&#8217;ya Dayat\u0131lan Haks\u0131z ABD Ablukas\u0131n\u0131 Kald\u0131rma Gereklili\u011fini Yineliyor"},"content":{"rendered":"<p>NEW YORK &#8211; Suriye&#8217;nin Birle\u015fmi\u015f Milletler Daimi Temsilcisi B\u00fcy\u00fckel\u00e7i Bessam Sabba\u011f, 1962&#8217;den bu yana kendilerine uygulanan haks\u0131z ve yasad\u0131\u015f\u0131 Amerikan ablukas\u0131 kar\u015f\u0131s\u0131nda Suriye&#8217;nin dost K\u00fcba halk\u0131n\u0131n kararl\u0131l\u0131\u011f\u0131na kesin ve s\u00fcrekli deste\u011fini yineleyerek, \u0130nsan haklar\u0131, uluslararas\u0131 insanc\u0131l hukuk ve ilgili uluslararas\u0131 me\u015fruiyet kararlar\u0131n\u0131n a\u00e7\u0131k bir ihlalini olu\u015fturan, dayat\u0131lan ekonomik, ticari ve mali ablukaya derhal son verilmesi \u00e7a\u011fr\u0131s\u0131nda bulunan Birle\u015fmi\u015f Milletler kararlar\u0131na tam ba\u011fl\u0131l\u0131\u011f\u0131n\u0131 ve g\u00fc\u00e7l\u00fc deste\u011fini vurgulad\u0131.<\/p>\n<p>Sabba\u011f, bug\u00fcn (ABD&#8217;nin K\u00fcba&#8217;ya uygulad\u0131\u011f\u0131 ekonomik, ticari ve mali ambargonun sona erdirilmesinin gereklili\u011fi) konusunda Genel Kurul&#8217;da yapt\u0131\u011f\u0131 konu\u015fmada, K\u00fcba&#8217;ya uygulanan bu ABD ambargosunun ayn\u0131 zamanda BM S\u00f6zle\u015fmesi&#8217;nin de ciddi bir ihlali oldu\u011funu, K\u00fcba insan haklar\u0131n\u0131n sistematik ihlali say\u0131ld\u0131\u011f\u0131n\u0131, tek tarafl\u0131 zorlay\u0131c\u0131 yapt\u0131r\u0131mlar\u0131n en uzun vadeli ve en tehlikelisi olarak kabul edildi\u011fini, S\u00fcrd\u00fcr\u00fclebilir Kalk\u0131nma i\u00e7in 2030 G\u00fcndemi hedeflerine ula\u015fman\u0131n \u00f6n\u00fcndeki en b\u00fcy\u00fck engel oldu\u011funu, kimsenin geride kalmamas\u0131n\u0131 sa\u011flamak oldu\u011funu belirtti.<\/p>\n<p>Sabba\u011f &#8220;\u00dclkem heyeti, her y\u0131l Genel Kurul&#8217;a sunulan karar tasla\u011f\u0131 lehinde oy kullanmas\u0131ndan gurur duymaktad\u0131r. Bu karar\u0131n y\u0131ll\u0131k oylanmas\u0131 &#8211; bunun sonucu \u00fczerinde uluslararas\u0131 fikir birli\u011fine varmaya yak\u0131n- bir sonu\u00e7tur. Ard\u0131\u015f\u0131k ABD y\u00f6netimlerine halk \u00fczerindeki haks\u0131z ku\u015fatmay\u0131 kald\u0131rmalar\u0131 ve K\u00fcba halk\u0131na yasa d\u0131\u015f\u0131 tek tarafl\u0131 yapt\u0131r\u0131mlar uygulama politikalar\u0131n\u0131 tersine \u00e7evirmeleri, \u00fclkeye yak\u0131t ikmali yapan \u015firket ve gemilerin yarg\u0131lanmas\u0131 ve keyfi olarak K\u00fcba&#8217;n\u0131n ABD D\u0131\u015fi\u015fleri Bakanl\u0131\u011f\u0131&#8217;n\u0131n ter\u00f6rizmin devlet sponsorlar\u0131 listesine haks\u0131z yere dahil edilmesi oldu\u011funu&#8221; s\u00f6yledi.<\/p>\n<p>Sabba\u011f: \u00dclkedeki t\u00fcm gelir kaynaklar\u0131n\u0131n hedef al\u0131nmas\u0131 ve d\u00fcnyan\u0131n her yerinde ABD&#8217;nin K\u00fcba&#8217;y\u0131 tecrit etme ve ekonomik \u00e7\u00f6k\u00fc\u015fe neden olma stratejisinin \u00f6nemli bir par\u00e7as\u0131 olarak K\u00fcba ile u\u011fra\u015fan h\u00fck\u00fcmetleri, bankac\u0131l\u0131k kurumlar\u0131n\u0131 ve i\u015f adamlar\u0131n\u0131 korkutmak, K\u00fcba&#8217;y\u0131 olumsuz etkiledi\u011fini, K\u00fcbal\u0131lar\u0131n ya\u015fam durumu ve g\u00fcvenlikleri, kendilerine bankac\u0131l\u0131k hizmeti veren bankalarla ve hatta d\u00fcnyan\u0131n d\u00f6rt bir yan\u0131ndaki K\u00fcba diplomatik misyonlar\u0131yla ili\u015fkilerinin, ABD y\u00f6netiminin misilleme \u00f6nlemleri alma korkusundan etkilendi\u011fini&#8221; s\u00f6yledi.<\/p>\n<p>Sabba\u011f: Genel Sekreterin periyodik raporlar\u0131 ve K\u00fcba delegasyonunun \u00fcye devletlere da\u011f\u0131tt\u0131\u011f\u0131 ayl\u0131k raporlar, bir\u00e7ok ki\u015fiye dayat\u0131lan bu zorlay\u0131c\u0131 tedbirler sonucunda K\u00fcba halk\u0131n\u0131n \u00e7ekti\u011fi ac\u0131n\u0131n bir ba\u015fka kan\u0131t\u0131d\u0131r. K\u00fcba halk\u0131n\u0131n, Covid-19 pandemisinin patlak vermesi de dahil olmak \u00fczere bu bo\u011fucu ablukan\u0131n her g\u00fcn maruz kald\u0131\u011f\u0131 kay\u0131plar ve d\u00fcnya halklar\u0131 ve ekonomileri \u00fczerindeki y\u0131k\u0131c\u0131 etkilerinin, K\u00fcba&#8217;n\u0131n kendi \u00e7abalar\u0131yla binlerce hayat\u0131 kurtarmay\u0131 ba\u015fard\u0131\u011f\u0131n\u0131 s\u00f6yledi.<\/p>\n<p>Sabba\u011f, Suriye Arap Cumhuriyeti&#8217;nin, K\u00fcba ve di\u011fer bir\u00e7ok \u00fclke gibi, bug\u00fcne kadar, Birle\u015fmi\u015f Milletler ve uluslararas\u0131 me\u015fruiyet \u00e7er\u00e7evesi d\u0131\u015f\u0131nda, ABD taraf\u0131ndan tek tarafl\u0131 ve yasad\u0131\u015f\u0131 olarak dayat\u0131lan bir\u00e7ok tek tarafl\u0131 ve yasad\u0131\u015f\u0131 zorlay\u0131c\u0131 yapt\u0131r\u0131mlar\u0131n hedefi oldu\u011funu vurgulayarak, \u00dclkeme kar\u015f\u0131 ekonomik ter\u00f6rizmi temsil eden ter\u00f6r \u00f6rg\u00fctleri I\u015e\u0130D ve El Nusra gibi ter\u00f6r \u00f6rg\u00fctleri ve bunlarla ba\u011flant\u0131l\u0131 kurulu\u015flar taraf\u0131ndan uygulanan ter\u00f6rizmi tamamlamad\u0131\u011f\u0131na dikkat \u00e7ekti.<\/p>\n<p>Sabba\u011f, &#8220;\u00dclkeme y\u00f6nelik bu ekonomik ter\u00f6r, her Suriyeliyi g\u00fcnl\u00fck ya\u015fam\u0131nda etkiledi, temel ihtiya\u00e7lar\u0131n\u0131 kar\u015f\u0131lamaktan mahrum etti ve Suriye h\u00fck\u00fcmetinin ihtiya\u00e7 sahiplerine hizmet ve destek sa\u011flama yetene\u011fini s\u0131n\u0131rlad\u0131. Ekonomik kalk\u0131nma ve sosyal refah hakk\u0131 da dahil olmak \u00fczere insan haklar\u0131ndan yararlanmalar\u0131n\u0131 engellemektir&#8221; dedi.<\/p>\n<p>Sabba\u011f: Baz\u0131 \u00fclkeler taraf\u0131ndan s\u0131rf kendi politikalar\u0131n\u0131 izlemedikleri i\u00e7in di\u011fer \u00fclkelere kar\u015f\u0131 dayat\u0131lan bu adaletsiz, ahlaks\u0131z ve insanl\u0131k d\u0131\u015f\u0131 tedbirlerin derhal durdurulmas\u0131n\u0131 talep etmeden, hi\u00e7 kimsenin Birle\u015fmi\u015f Milletler Misak\u0131&#8217;na, uluslararas\u0131 insanc\u0131l hukuka ve uluslararas\u0131 insan haklar\u0131 hukukuna sayg\u0131 g\u00f6sterilmesi \u00e7a\u011fr\u0131s\u0131nda bulunmas\u0131 kabul edilemez. Bu alanda pazarlanan her t\u00fcrl\u00fc arg\u00fcman veya bahane, onlar\u0131n her zaman izledikleri siyasi ikiy\u00fczl\u00fcl\u00fck ve \u00e7ifte standart politikas\u0131 \u00e7er\u00e7evesine girmektedir, dedi.<\/p>\n<p><a class=\"x1i10hfl xjbqb8w x6umtig x1b1mbwd xaqea5y xav7gou x9f619 x1ypdohk xt0psk2 xe8uvvx xdj266r x11i5rnm xat24cr x1mh8g0r xexx8yu x4uap5 x18d9i69 xkhd6sd x16tdsg8 x1hl2dhg xggy1nq x1a2a7pz xt0b8zv x1qq9wsj xo1l8bm\" tabindex=\"0\" role=\"link\" href=\"https:\/\/www.facebook.com\/hashtag\/telegram_kanal%C4%B1m%C4%B1z?__eep__=6&amp;__cft__[0]=AZVjRnYP2_xKfD6mj8-JGou26X0u1mwsAJgfQHgqFLKcCZnC9-4WPb9MOTi3orbGbpj6DSIMlWODXl2I4OImrikahVvqvT0QB_5qNpu2niPsKhTwFwGnWwkGBBgg0ZAVM0a-J2cgSxd2Zowvdnrj_EvHNfeGkcOdHzG5eprx3aiqxnY-p_5xT7Lb5_cIwIE5j94&amp;__tn__=*NK-R\">#Telegram_Kanal\u0131m\u0131z<\/a>: <a class=\"x1i10hfl xjbqb8w x6umtig x1b1mbwd xaqea5y xav7gou x9f619 x1ypdohk xt0psk2 xe8uvvx xdj266r x11i5rnm xat24cr x1mh8g0r xexx8yu x4uap5 x18d9i69 xkhd6sd x16tdsg8 x1hl2dhg xggy1nq x1a2a7pz xt0b8zv x1fey0fg\" tabindex=\"0\" role=\"link\" href=\"https:\/\/l.facebook.com\/l.php?u=https%3A%2F%2Ft.me%2FSuriyeArapHaberAjans%C4%B1%3Ffbclid%3DIwAR1-y4k85zcnmyTgz2zv_05vDSz-GIyamumD3m9kiAhDoPz8alwPOBlrft8&amp;h=AT3IPbWZnFgAqH06ATn0vt7SrLLu5fzStavEaBKzpn4dfU4dfF5zIkHmdZu1dd3GI7Vi9ynSf8RvV1eogwRLAL_E5xQ48zzMV3K1NQ5uPCSm5_1lt8tzb1G8YWGvZUdehMc&amp;__tn__=-UK-R&amp;c[0]=AT2SZtLXxfhVGEjdetIlnUFChSqFo0QbLBigzqPM497xFClDOzkq263FaC3fPHgEmQsSzwZvjxu4sLRzaPC9QQl8QsFI-A3xCRilhh-A06DLwo1mu9AHwBrtoMLTuE8ipPDVepxkOgKQvXmTiTh5fSFzniK5nMwPETf1o5e3fKgjhUBPxYdYLXfSagZRXFtFUxFLypWtow_Q\" target=\"_blank\" rel=\"nofollow noopener\">https:\/\/t.me\/SuriyeArapHaberAjans\u0131<\/a><\/p>\n","protected":false},"excerpt":{"rendered":"<p>NEW YORK &#8211; Suriye&#8217;nin Birle\u015fmi\u015f Milletler Daimi Temsilcisi B\u00fcy\u00fckel\u00e7i Bessam Sabba\u011f, 1962&#8217;den bu yana kendilerine uygulanan haks\u0131z ve yasad\u0131\u015f\u0131 Amerikan ablukas\u0131 kar\u015f\u0131s\u0131nda Suriye&#8217;nin dost K\u00fcba halk\u0131n\u0131n kararl\u0131l\u0131\u011f\u0131na kesin ve s\u00fcrekli deste\u011fini yineleyerek, \u0130nsan haklar\u0131, uluslararas\u0131 insanc\u0131l hukuk ve ilgili uluslararas\u0131 me\u015fruiyet kararlar\u0131n\u0131n a\u00e7\u0131k bir ihlalini olu\u015fturan, dayat\u0131lan ekonomik, ticari ve mali ablukaya derhal son verilmesi &hellip;<\/p>\n","protected":false},"author":1,"featured_media":266092,"comment_status":"closed","ping_status":"closed","sticky":false,"template":"","format":"standard","meta":{"footnotes":""},"categories":[458,459,17988],"tags":[],"class_list":["post-266091","post","type-post","status-publish","format-standard","has-post-thumbnail","","category-dunya1","category-haberler-arap-uluslararasi-politika","category-son-haberler"],"_links":{"self":[{"href":"https:\/\/archive.sana.sy\/tr\/index.php?rest_route=\/wp\/v2\/posts\/266091","targetHints":{"allow":["GET"]}}],"collection":[{"href":"https:\/\/archive.sana.sy\/tr\/index.php?rest_route=\/wp\/v2\/posts"}],"about":[{"href":"https:\/\/archive.sana.sy\/tr\/index.php?rest_route=\/wp\/v2\/types\/post"}],"author":[{"embeddable":true,"href":"https:\/\/archive.sana.sy\/tr\/index.php?rest_route=\/wp\/v2\/users\/1"}],"replies":[{"embeddable":true,"href":"https:\/\/archive.sana.sy\/tr\/index.php?rest_route=%2Fwp%2Fv2%2Fcomments&post=266091"}],"version-history":[{"count":0,"href":"https:\/\/archive.sana.sy\/tr\/index.php?rest_route=\/wp\/v2\/posts\/266091\/revisions"}],"wp:featuredmedia":[{"embeddable":true,"href":"https:\/\/archive.sana.sy\/tr\/index.php?rest_route=\/wp\/v2\/media\/266092"}],"wp:attachment":[{"href":"https:\/\/archive.sana.sy\/tr\/index.php?rest_route=%2Fwp%2Fv2%2Fmedia&parent=266091"}],"wp:term":[{"taxonomy":"category","embeddable":true,"href":"https:\/\/archive.sana.sy\/tr\/index.php?rest_route=%2Fwp%2Fv2%2Fcategories&post=266091"},{"taxonomy":"post_tag","embeddable":true,"href":"https:\/\/archive.sana.sy\/tr\/index.php?rest_route=%2Fwp%2Fv2%2Ftags&post=266091"}],"curies":[{"name":"wp","href":"https:\/\/api.w.org\/{rel}","templated":true}]}}