{"id":266196,"date":"2022-11-05T16:39:39","date_gmt":"2022-11-05T14:39:39","guid":{"rendered":"http:\/\/107.6.182.27\/tr\/?p=266196"},"modified":"2022-11-06T07:55:23","modified_gmt":"2022-11-06T05:55:23","slug":"ermeni-insani-misyonu-halep-kirsalindaki-el-burc-koyundeki-mayinlari-ve-teror-kalintilarini-temizleme-calismalarini-tamamladi","status":"publish","type":"post","link":"https:\/\/archive.sana.sy\/tr\/?p=266196","title":{"rendered":"Ermeni \u0130nsani Misyonu, Halep K\u0131rsal\u0131ndaki El Burc K\u00f6y\u00fcndeki May\u0131nlar\u0131 Ve Ter\u00f6r Kal\u0131nt\u0131lar\u0131n\u0131 Temizleme \u00c7al\u0131\u015fmalar\u0131n\u0131 Tamamlad\u0131\u00a0"},"content":{"rendered":"<p>HALEP \u2013Ermeni insani misyonu, Halep&#8217;in g\u00fcneydo\u011fu k\u0131rsal\u0131ndaki Hanaser il\u00e7esine ba\u011fl\u0131 El Burc \u00a0k\u00f6y\u00fcnde 10 hektardan fazla may\u0131n ve ter\u00f6rist kal\u0131nt\u0131lar\u0131n\u0131 temizleme \u00e7al\u0131\u015fmalar\u0131n\u0131 tamamlad\u0131.<\/p>\n<p><img loading=\"lazy\" decoding=\"async\" class=\"size-medium wp-image-266198 alignright\" src=\"http:\/\/107.6.182.27\/tr\/wp-content\/uploads\/2022\/11\/15-12-300x200.jpg\" alt=\"\" width=\"300\" height=\"200\" srcset=\"https:\/\/archive.sana.sy\/tr\/wp-content\/uploads\/2022\/11\/15-12-300x200.jpg 300w, https:\/\/archive.sana.sy\/tr\/wp-content\/uploads\/2022\/11\/15-12-150x100.jpg 150w, https:\/\/archive.sana.sy\/tr\/wp-content\/uploads\/2022\/11\/15-12.jpg 660w\" sizes=\"auto, (max-width: 300px) 100vw, 300px\" \/>Halep \u0130l Meclisi \u0130cra Kurulu \u00dcyesi Abulkadir Devalibi de SANA muhabirine yapt\u0131\u011f\u0131 a\u00e7\u0131klamada, Ermeni insani yard\u0131m misyonunun, Rusya Koordinasyon Merkezi ile i\u015fbirli\u011fi i\u00e7inde, son d\u00f6nemde Halep&#8217;te Suriye Arap Ordusu taraf\u0131ndan kurtar\u0131lan bir dizi b\u00f6lgede may\u0131nlar\u0131n ve ter\u00f6r kal\u0131nt\u0131lar\u0131n\u0131n temizlenmesine yard\u0131m etmek i\u00e7in \u00e7al\u0131\u015ft\u0131\u011f\u0131n\u0131 belirtti.<\/p>\n<p>Ermeni insani yard\u0131m misyonu ba\u015fkan\u0131 Argadi Donoyan, Ermeni h\u00fck\u00fcmetinin \u00e7abalar\u0131 ve Suriye&#8217;de sa\u011flanan yard\u0131mlar ve Suriye devleti ile i\u015fbirli\u011fi i\u00e7inde son d\u00f6rt y\u0131lda may\u0131n ve ter\u00f6r kal\u0131nt\u0131lar\u0131n\u0131n temizlenmesi i\u00e7in y\u00fcr\u00fct\u00fclen g\u00f6revlerden bahsederek, b\u00fct\u00fcn bunlar\u0131n &#8220;iki dost \u00fclke Suriye ve Ermenistan aras\u0131ndaki karde\u015flik ili\u015fkilerinin bir terc\u00fcmesi ve somutla\u015fmas\u0131 olarak geldi\u011fini kaydetti.<\/p>\n<div id='gallery-1' class='gallery galleryid-266196 gallery-columns-3 gallery-size-full'><figure class='gallery-item'>\n\t\t\t<div class='gallery-icon landscape'>\n\t\t\t\t<a href='https:\/\/archive.sana.sy\/tr\/wp-content\/uploads\/2022\/11\/1-24.jpg'><img loading=\"lazy\" decoding=\"async\" width=\"660\" height=\"440\" src=\"https:\/\/archive.sana.sy\/tr\/wp-content\/uploads\/2022\/11\/1-24.jpg\" class=\"attachment-full size-full\" alt=\"\" srcset=\"https:\/\/archive.sana.sy\/tr\/wp-content\/uploads\/2022\/11\/1-24.jpg 660w, https:\/\/archive.sana.sy\/tr\/wp-content\/uploads\/2022\/11\/1-24-300x200.jpg 300w, https:\/\/archive.sana.sy\/tr\/wp-content\/uploads\/2022\/11\/1-24-150x100.jpg 150w\" sizes=\"auto, (max-width: 660px) 100vw, 660px\" \/><\/a>\n\t\t\t<\/div><\/figure><figure class='gallery-item'>\n\t\t\t<div class='gallery-icon landscape'>\n\t\t\t\t<a href='https:\/\/archive.sana.sy\/tr\/wp-content\/uploads\/2022\/11\/2-18.jpg'><img loading=\"lazy\" decoding=\"async\" width=\"660\" height=\"440\" src=\"https:\/\/archive.sana.sy\/tr\/wp-content\/uploads\/2022\/11\/2-18.jpg\" class=\"attachment-full size-full\" alt=\"\" srcset=\"https:\/\/archive.sana.sy\/tr\/wp-content\/uploads\/2022\/11\/2-18.jpg 660w, https:\/\/archive.sana.sy\/tr\/wp-content\/uploads\/2022\/11\/2-18-300x200.jpg 300w, https:\/\/archive.sana.sy\/tr\/wp-content\/uploads\/2022\/11\/2-18-150x100.jpg 150w\" sizes=\"auto, (max-width: 660px) 100vw, 660px\" \/><\/a>\n\t\t\t<\/div><\/figure><figure class='gallery-item'>\n\t\t\t<div class='gallery-icon landscape'>\n\t\t\t\t<a href='https:\/\/archive.sana.sy\/tr\/wp-content\/uploads\/2022\/11\/36.jpg'><img loading=\"lazy\" decoding=\"async\" width=\"660\" height=\"440\" src=\"https:\/\/archive.sana.sy\/tr\/wp-content\/uploads\/2022\/11\/36.jpg\" class=\"attachment-full size-full\" alt=\"\" srcset=\"https:\/\/archive.sana.sy\/tr\/wp-content\/uploads\/2022\/11\/36.jpg 660w, https:\/\/archive.sana.sy\/tr\/wp-content\/uploads\/2022\/11\/36-300x200.jpg 300w, https:\/\/archive.sana.sy\/tr\/wp-content\/uploads\/2022\/11\/36-150x100.jpg 150w\" sizes=\"auto, (max-width: 660px) 100vw, 660px\" \/><\/a>\n\t\t\t<\/div><\/figure>\n\t\t<\/div>\n\n<p><a class=\"x1i10hfl xjbqb8w x6umtig x1b1mbwd xaqea5y xav7gou x9f619 x1ypdohk xt0psk2 xe8uvvx xdj266r x11i5rnm xat24cr x1mh8g0r xexx8yu x4uap5 x18d9i69 xkhd6sd x16tdsg8 x1hl2dhg xggy1nq x1a2a7pz xt0b8zv x1qq9wsj xo1l8bm\" tabindex=\"0\" role=\"link\" href=\"https:\/\/www.facebook.com\/hashtag\/telegram_kanal%C4%B1m%C4%B1z?__eep__=6&amp;__cft__[0]=AZWbGEG4krkmlR37HQdeRa_tm56Wm_RC0u1zo5iXDu5xV6XEJRwbLQFJC38G1tcWgZeX0p8zTSUd3uyeehoD7OhBF5QQI7DXPOTG-RSKBT0GYfKLZkWmnLBfVHBHy5SYz_aGgCq4tF1FyKaM3Ll7_puD3CQxRM61XsCjwkxuytTi1E9ZGHfz4-ZPSvnOSYFQ0KU&amp;__tn__=*NK-R\">#Telegram_Kanal\u0131m\u0131z<\/a>:\u00a0<a class=\"x1i10hfl xjbqb8w x6umtig x1b1mbwd xaqea5y xav7gou x9f619 x1ypdohk xt0psk2 xe8uvvx xdj266r x11i5rnm xat24cr x1mh8g0r xexx8yu x4uap5 x18d9i69 xkhd6sd x16tdsg8 x1hl2dhg xggy1nq x1a2a7pz xt0b8zv x1fey0fg\" tabindex=\"0\" role=\"link\" href=\"https:\/\/t.me\/SuriyeArapHaberAjans%C4%B1?fbclid=IwAR1mjgJbN7oiCUhCmbkxYbE3Yf-NwYxepsBh4WXMfHRx1gYI0RRefa-kvPs\" target=\"_blank\" rel=\"nofollow noopener\">https:\/\/t.me\/SuriyeArapHaberAjans\u0131<\/a><\/p>\n","protected":false},"excerpt":{"rendered":"<p>HALEP \u2013Ermeni insani misyonu, Halep&#8217;in g\u00fcneydo\u011fu k\u0131rsal\u0131ndaki Hanaser il\u00e7esine ba\u011fl\u0131 El Burc \u00a0k\u00f6y\u00fcnde 10 hektardan fazla may\u0131n ve ter\u00f6rist kal\u0131nt\u0131lar\u0131n\u0131 temizleme \u00e7al\u0131\u015fmalar\u0131n\u0131 tamamlad\u0131. Halep \u0130l Meclisi \u0130cra Kurulu \u00dcyesi Abulkadir Devalibi de SANA muhabirine yapt\u0131\u011f\u0131 a\u00e7\u0131klamada, Ermeni insani yard\u0131m misyonunun, Rusya Koordinasyon Merkezi ile i\u015fbirli\u011fi i\u00e7inde, son d\u00f6nemde Halep&#8217;te Suriye Arap Ordusu taraf\u0131ndan kurtar\u0131lan bir &hellip;<\/p>\n","protected":false},"author":41,"featured_media":266197,"comment_status":"closed","ping_status":"closed","sticky":false,"template":"","format":"standard","meta":{"footnotes":""},"categories":[479,17988,478],"tags":[],"class_list":["post-266196","post","type-post","status-publish","format-standard","has-post-thumbnail","","category-haberler-yerel","category-son-haberler","category-yerel"],"_links":{"self":[{"href":"https:\/\/archive.sana.sy\/tr\/index.php?rest_route=\/wp\/v2\/posts\/266196","targetHints":{"allow":["GET"]}}],"collection":[{"href":"https:\/\/archive.sana.sy\/tr\/index.php?rest_route=\/wp\/v2\/posts"}],"about":[{"href":"https:\/\/archive.sana.sy\/tr\/index.php?rest_route=\/wp\/v2\/types\/post"}],"author":[{"embeddable":true,"href":"https:\/\/archive.sana.sy\/tr\/index.php?rest_route=\/wp\/v2\/users\/41"}],"replies":[{"embeddable":true,"href":"https:\/\/archive.sana.sy\/tr\/index.php?rest_route=%2Fwp%2Fv2%2Fcomments&post=266196"}],"version-history":[{"count":0,"href":"https:\/\/archive.sana.sy\/tr\/index.php?rest_route=\/wp\/v2\/posts\/266196\/revisions"}],"wp:featuredmedia":[{"embeddable":true,"href":"https:\/\/archive.sana.sy\/tr\/index.php?rest_route=\/wp\/v2\/media\/266197"}],"wp:attachment":[{"href":"https:\/\/archive.sana.sy\/tr\/index.php?rest_route=%2Fwp%2Fv2%2Fmedia&parent=266196"}],"wp:term":[{"taxonomy":"category","embeddable":true,"href":"https:\/\/archive.sana.sy\/tr\/index.php?rest_route=%2Fwp%2Fv2%2Fcategories&post=266196"},{"taxonomy":"post_tag","embeddable":true,"href":"https:\/\/archive.sana.sy\/tr\/index.php?rest_route=%2Fwp%2Fv2%2Ftags&post=266196"}],"curies":[{"name":"wp","href":"https:\/\/api.w.org\/{rel}","templated":true}]}}