{"id":266346,"date":"2022-11-06T18:34:32","date_gmt":"2022-11-06T16:34:32","guid":{"rendered":"http:\/\/107.6.182.27\/tr\/?p=266346"},"modified":"2022-11-08T07:42:02","modified_gmt":"2022-11-08T05:42:02","slug":"protez-kurulumu-ikinci-kampindan-530-kisi-faydalandi","status":"publish","type":"post","link":"https:\/\/archive.sana.sy\/tr\/?p=266346","title":{"rendered":"Protez Kurulumu \u0130kinci Kamp\u0131ndan 530 Ki\u015fi Faydaland\u0131"},"content":{"rendered":"<p>\u015eAM &#8211; Sosyal \u0130\u015fler ve \u00c7al\u0131\u015fma Bakanl\u0131\u011f\u0131 ile Hindistan&#8217;\u0131n \u015eam B\u00fcy\u00fckel\u00e7ili\u011fi taraf\u0131ndan bug\u00fcn ba\u015flat\u0131lan Suriye Arap Ordusu\u2019nun yaral\u0131lar\u0131 ve engelliler i\u00e7in ikinci protez uzuv kamp\u0131 \u015eam&#8217;daki Engelliler \u0130\u00e7in Mesleki Rehabilitasyon Enstit\u00fcs\u00fc&#8217;nde tamamland\u0131.<\/p>\n<p>Kamp, Hindistan Mahavir Engelli Ki\u015filerin Rehabilitasyonu Derne\u011fi taraf\u0131ndan Suriye Ad\u0131m Protez Derne\u011fi ve Sosyal Refah Derne\u011fi ile\u00a0 ortakla\u015fa ger\u00e7ekle\u015ftirildi.<\/p>\n<p>Kamp, Hindistan Mahaweer Engelli Ki\u015filerin Rehabilitasyonu Derne\u011fi taraf\u0131ndan Suriye Ad\u0131m Protez Derne\u011fi ile ortakla\u015fa uyguland\u0131.<\/p>\n<p>Y\u00fcksek E\u011fitim ve Bilimsel Ara\u015ft\u0131rma Bakan\u0131 \u00a0Bessam \u0130brahim, SANA&#8217;ya yapt\u0131\u011f\u0131 a\u00e7\u0131klamada, kamp\u0131n, bir Suriyelinin maruz kald\u0131\u011f\u0131 ter\u00f6r sava\u015f\u0131ndan etkilenen yaral\u0131 gruplar ba\u015fta olmak \u00fczere topluma hizmet sa\u011flamada kat\u0131l\u0131mc\u0131 hizmetlerin \u00f6nemini g\u00f6sterdi\u011fini belirterek, Suriye-Hindistan ili\u015fkilerinin \u00e7e\u015fitli alanlarda farkl\u0131l\u0131k g\u00f6sterdi\u011fine i\u015faret etti.<\/p>\n<p>Hindistan&#8217;\u0131n \u015eam B\u00fcy\u00fckel\u00e7ili\u011fi Maslahatg\u00fczar\u0131 Satinder Kumar Yadav ise, iki \u00fclkedeki taraflar\u0131n kurulumuyla ilgili t\u00fcm taraflarla koordineli olarak kamp haz\u0131rl\u0131klar\u0131n\u0131n alt\u0131 ay \u00f6nce ba\u015flad\u0131\u011f\u0131n\u0131 ifade ederek, Hindistan&#8217;\u0131n insani yard\u0131m ba\u015fta olmak \u00fczere t\u00fcm alanlarda yard\u0131m ve ortak i\u015fbirli\u011fi sa\u011flamak i\u00e7in \u00e7al\u0131\u015fmaya devam edece\u011fini kaydetti.<\/p>\n<div id='gallery-1' class='gallery galleryid-266346 gallery-columns-3 gallery-size-full'><figure class='gallery-item'>\n\t\t\t<div class='gallery-icon landscape'>\n\t\t\t\t<a href='https:\/\/archive.sana.sy\/tr\/wp-content\/uploads\/2022\/11\/KHL_7227-300x200-1-1.jpg'><img loading=\"lazy\" decoding=\"async\" width=\"300\" height=\"200\" src=\"https:\/\/archive.sana.sy\/tr\/wp-content\/uploads\/2022\/11\/KHL_7227-300x200-1-1.jpg\" class=\"attachment-full size-full\" alt=\"\" srcset=\"https:\/\/archive.sana.sy\/tr\/wp-content\/uploads\/2022\/11\/KHL_7227-300x200-1-1.jpg 300w, https:\/\/archive.sana.sy\/tr\/wp-content\/uploads\/2022\/11\/KHL_7227-300x200-1-1-150x100.jpg 150w\" sizes=\"auto, (max-width: 300px) 100vw, 300px\" \/><\/a>\n\t\t\t<\/div><\/figure><figure class='gallery-item'>\n\t\t\t<div class='gallery-icon landscape'>\n\t\t\t\t<a href='https:\/\/archive.sana.sy\/tr\/wp-content\/uploads\/2022\/11\/KHL_7159-300x200-1.jpg'><img loading=\"lazy\" decoding=\"async\" width=\"300\" height=\"200\" src=\"https:\/\/archive.sana.sy\/tr\/wp-content\/uploads\/2022\/11\/KHL_7159-300x200-1.jpg\" class=\"attachment-full size-full\" alt=\"\" srcset=\"https:\/\/archive.sana.sy\/tr\/wp-content\/uploads\/2022\/11\/KHL_7159-300x200-1.jpg 300w, https:\/\/archive.sana.sy\/tr\/wp-content\/uploads\/2022\/11\/KHL_7159-300x200-1-150x100.jpg 150w\" sizes=\"auto, (max-width: 300px) 100vw, 300px\" \/><\/a>\n\t\t\t<\/div><\/figure><figure class='gallery-item'>\n\t\t\t<div class='gallery-icon landscape'>\n\t\t\t\t<a href='https:\/\/archive.sana.sy\/tr\/wp-content\/uploads\/2022\/11\/KHL_7274.jpg'><img loading=\"lazy\" decoding=\"async\" width=\"660\" height=\"439\" src=\"https:\/\/archive.sana.sy\/tr\/wp-content\/uploads\/2022\/11\/KHL_7274.jpg\" class=\"attachment-full size-full\" alt=\"\" srcset=\"https:\/\/archive.sana.sy\/tr\/wp-content\/uploads\/2022\/11\/KHL_7274.jpg 660w, https:\/\/archive.sana.sy\/tr\/wp-content\/uploads\/2022\/11\/KHL_7274-300x200.jpg 300w, https:\/\/archive.sana.sy\/tr\/wp-content\/uploads\/2022\/11\/KHL_7274-150x100.jpg 150w, https:\/\/archive.sana.sy\/tr\/wp-content\/uploads\/2022\/11\/KHL_7274-310x205.jpg 310w\" sizes=\"auto, (max-width: 660px) 100vw, 660px\" \/><\/a>\n\t\t\t<\/div><\/figure><figure class='gallery-item'>\n\t\t\t<div class='gallery-icon landscape'>\n\t\t\t\t<a href='https:\/\/archive.sana.sy\/tr\/wp-content\/uploads\/2022\/11\/KHL_7173.jpg'><img loading=\"lazy\" decoding=\"async\" width=\"660\" height=\"439\" src=\"https:\/\/archive.sana.sy\/tr\/wp-content\/uploads\/2022\/11\/KHL_7173.jpg\" class=\"attachment-full size-full\" alt=\"\" srcset=\"https:\/\/archive.sana.sy\/tr\/wp-content\/uploads\/2022\/11\/KHL_7173.jpg 660w, https:\/\/archive.sana.sy\/tr\/wp-content\/uploads\/2022\/11\/KHL_7173-300x200.jpg 300w, https:\/\/archive.sana.sy\/tr\/wp-content\/uploads\/2022\/11\/KHL_7173-150x100.jpg 150w, https:\/\/archive.sana.sy\/tr\/wp-content\/uploads\/2022\/11\/KHL_7173-310x205.jpg 310w\" sizes=\"auto, (max-width: 660px) 100vw, 660px\" \/><\/a>\n\t\t\t<\/div><\/figure><figure class='gallery-item'>\n\t\t\t<div class='gallery-icon landscape'>\n\t\t\t\t<a href='https:\/\/archive.sana.sy\/tr\/wp-content\/uploads\/2022\/11\/KHL_7116.jpg'><img loading=\"lazy\" decoding=\"async\" width=\"660\" height=\"439\" src=\"https:\/\/archive.sana.sy\/tr\/wp-content\/uploads\/2022\/11\/KHL_7116.jpg\" class=\"attachment-full size-full\" alt=\"\" srcset=\"https:\/\/archive.sana.sy\/tr\/wp-content\/uploads\/2022\/11\/KHL_7116.jpg 660w, https:\/\/archive.sana.sy\/tr\/wp-content\/uploads\/2022\/11\/KHL_7116-300x200.jpg 300w, https:\/\/archive.sana.sy\/tr\/wp-content\/uploads\/2022\/11\/KHL_7116-150x100.jpg 150w, https:\/\/archive.sana.sy\/tr\/wp-content\/uploads\/2022\/11\/KHL_7116-310x205.jpg 310w\" sizes=\"auto, (max-width: 660px) 100vw, 660px\" \/><\/a>\n\t\t\t<\/div><\/figure><figure class='gallery-item'>\n\t\t\t<div class='gallery-icon landscape'>\n\t\t\t\t<a href='https:\/\/archive.sana.sy\/tr\/wp-content\/uploads\/2022\/11\/KHL_7053.jpg'><img loading=\"lazy\" decoding=\"async\" width=\"660\" height=\"439\" src=\"https:\/\/archive.sana.sy\/tr\/wp-content\/uploads\/2022\/11\/KHL_7053.jpg\" class=\"attachment-full size-full\" alt=\"\" srcset=\"https:\/\/archive.sana.sy\/tr\/wp-content\/uploads\/2022\/11\/KHL_7053.jpg 660w, https:\/\/archive.sana.sy\/tr\/wp-content\/uploads\/2022\/11\/KHL_7053-300x200.jpg 300w, https:\/\/archive.sana.sy\/tr\/wp-content\/uploads\/2022\/11\/KHL_7053-150x100.jpg 150w, https:\/\/archive.sana.sy\/tr\/wp-content\/uploads\/2022\/11\/KHL_7053-310x205.jpg 310w\" sizes=\"auto, (max-width: 660px) 100vw, 660px\" \/><\/a>\n\t\t\t<\/div><\/figure>\n\t\t<\/div>\n\n<p><a class=\"x1i10hfl xjbqb8w x6umtig x1b1mbwd xaqea5y xav7gou x9f619 x1ypdohk xt0psk2 xe8uvvx xdj266r x11i5rnm xat24cr x1mh8g0r xexx8yu x4uap5 x18d9i69 xkhd6sd x16tdsg8 x1hl2dhg xggy1nq x1a2a7pz xt0b8zv x1qq9wsj xo1l8bm\" tabindex=\"0\" role=\"link\" href=\"https:\/\/www.facebook.com\/hashtag\/telegram_kanal%C4%B1m%C4%B1z?__eep__=6&amp;__cft__[0]=AZX6ITp-SmQd10wnApx-dmxiu5rDV_jF3XQ_opTBPm8NsF2fOLX8R1DINxZcRpdBj2QVxUgw2xMc8NnlqAS45Ug7DW_n9ZBbtfpHjJC5QLpZTRQHuCLIlAW-XQywNewlo4Lzm0aIvXrWKMF3DVUBiOZTMb4HoPj1FoQGSfVdkwK3yszyMTxYSBZmBViF_nEDB6g&amp;__tn__=*NK-R\">#Telegram_Kanal\u0131m\u0131z<\/a>:\u00a0<a class=\"x1i10hfl xjbqb8w x6umtig x1b1mbwd xaqea5y xav7gou x9f619 x1ypdohk xt0psk2 xe8uvvx xdj266r x11i5rnm xat24cr x1mh8g0r xexx8yu x4uap5 x18d9i69 xkhd6sd x16tdsg8 x1hl2dhg xggy1nq x1a2a7pz xt0b8zv x1fey0fg\" tabindex=\"0\" role=\"link\" href=\"https:\/\/t.me\/SuriyeArapHaberAjans%C4%B1?fbclid=IwAR2pZtWDhLS7dNl_InPteymrJC83d7JxV2lco8n7tCmQJebGNf4QbchohKc\" target=\"_blank\" rel=\"nofollow noopener\">https:\/\/t.me\/SuriyeArapHaberAjans\u0131<\/a><\/p>\n","protected":false},"excerpt":{"rendered":"<p>\u015eAM &#8211; Sosyal \u0130\u015fler ve \u00c7al\u0131\u015fma Bakanl\u0131\u011f\u0131 ile Hindistan&#8217;\u0131n \u015eam B\u00fcy\u00fckel\u00e7ili\u011fi taraf\u0131ndan bug\u00fcn ba\u015flat\u0131lan Suriye Arap Ordusu\u2019nun yaral\u0131lar\u0131 ve engelliler i\u00e7in ikinci protez uzuv kamp\u0131 \u015eam&#8217;daki Engelliler \u0130\u00e7in Mesleki Rehabilitasyon Enstit\u00fcs\u00fc&#8217;nde tamamland\u0131. Kamp, Hindistan Mahavir Engelli Ki\u015filerin Rehabilitasyonu Derne\u011fi taraf\u0131ndan Suriye Ad\u0131m Protez Derne\u011fi ve Sosyal Refah Derne\u011fi ile\u00a0 ortakla\u015fa ger\u00e7ekle\u015ftirildi. Kamp, Hindistan Mahaweer Engelli &hellip;<\/p>\n","protected":false},"author":41,"featured_media":266347,"comment_status":"closed","ping_status":"closed","sticky":false,"template":"","format":"standard","meta":{"footnotes":""},"categories":[479,17988,478],"tags":[],"class_list":["post-266346","post","type-post","status-publish","format-standard","has-post-thumbnail","","category-haberler-yerel","category-son-haberler","category-yerel"],"_links":{"self":[{"href":"https:\/\/archive.sana.sy\/tr\/index.php?rest_route=\/wp\/v2\/posts\/266346","targetHints":{"allow":["GET"]}}],"collection":[{"href":"https:\/\/archive.sana.sy\/tr\/index.php?rest_route=\/wp\/v2\/posts"}],"about":[{"href":"https:\/\/archive.sana.sy\/tr\/index.php?rest_route=\/wp\/v2\/types\/post"}],"author":[{"embeddable":true,"href":"https:\/\/archive.sana.sy\/tr\/index.php?rest_route=\/wp\/v2\/users\/41"}],"replies":[{"embeddable":true,"href":"https:\/\/archive.sana.sy\/tr\/index.php?rest_route=%2Fwp%2Fv2%2Fcomments&post=266346"}],"version-history":[{"count":0,"href":"https:\/\/archive.sana.sy\/tr\/index.php?rest_route=\/wp\/v2\/posts\/266346\/revisions"}],"wp:featuredmedia":[{"embeddable":true,"href":"https:\/\/archive.sana.sy\/tr\/index.php?rest_route=\/wp\/v2\/media\/266347"}],"wp:attachment":[{"href":"https:\/\/archive.sana.sy\/tr\/index.php?rest_route=%2Fwp%2Fv2%2Fmedia&parent=266346"}],"wp:term":[{"taxonomy":"category","embeddable":true,"href":"https:\/\/archive.sana.sy\/tr\/index.php?rest_route=%2Fwp%2Fv2%2Fcategories&post=266346"},{"taxonomy":"post_tag","embeddable":true,"href":"https:\/\/archive.sana.sy\/tr\/index.php?rest_route=%2Fwp%2Fv2%2Ftags&post=266346"}],"curies":[{"name":"wp","href":"https:\/\/api.w.org\/{rel}","templated":true}]}}