{"id":266371,"date":"2022-11-06T22:41:50","date_gmt":"2022-11-06T20:41:50","guid":{"rendered":"http:\/\/107.6.182.27\/tr\/?p=266371"},"modified":"2022-11-08T07:42:12","modified_gmt":"2022-11-08T05:42:12","slug":"suriye-ile-iran-arasinda-siyasi-ve-diplomatik-alanlarda-mutabakat-muhtirasi","status":"publish","type":"post","link":"https:\/\/archive.sana.sy\/tr\/?p=266371","title":{"rendered":"Suriye \u0130le \u0130ran Aras\u0131nda Siyasi Ve Diplomatik Alanlarda Mutabakat Muht\u0131ras\u0131"},"content":{"rendered":"<p><span style=\"color: #ff0000;\">TAHRAN<\/span> \u2013 D\u0131\u015fi\u015fleri ve \u011eurbet\u00e7iler Bakanl\u0131\u011f\u0131 Diplomatik Enstit\u00fcs\u00fc ve \u0130ran D\u0131\u015fi\u015fleri Bakanl\u0131\u011f\u0131 Siyasi ve Uluslararas\u0131 Ara\u015ft\u0131rmalar Merkezi siyasi, diplomatik ve uluslararas\u0131 ili\u015fkiler alanlar\u0131nda i\u015fbirli\u011fi i\u00e7in bir mutabakat zapt\u0131 imzalad\u0131.<\/p>\n<p><img loading=\"lazy\" decoding=\"async\" class=\"size-medium wp-image-266374 alignright\" src=\"http:\/\/107.6.182.27\/tr\/wp-content\/uploads\/2022\/11\/1-30-660x330-2-300x150.jpg\" alt=\"\" width=\"300\" height=\"150\" srcset=\"https:\/\/archive.sana.sy\/tr\/wp-content\/uploads\/2022\/11\/1-30-660x330-2-300x150.jpg 300w, https:\/\/archive.sana.sy\/tr\/wp-content\/uploads\/2022\/11\/1-30-660x330-2-150x75.jpg 150w, https:\/\/archive.sana.sy\/tr\/wp-content\/uploads\/2022\/11\/1-30-660x330-2.jpg 660w\" sizes=\"auto, (max-width: 300px) 100vw, 300px\" \/>Mutabakat zapt\u0131, ortak ilgi alanlar\u0131nda akademisyenler, konferans konu\u015fmac\u0131lar\u0131, uzmanlar, ara\u015ft\u0131rmac\u0131lar ve e\u011fitim materyallerinin de\u011fi\u015fimini ve diplomatik kadrolar\u0131n e\u011fitimi ile ilgili bilgi, deneyim ve modern y\u00f6ntemlerin de\u011fi\u015fimini i\u00e7ermektedir.<\/p>\n<p>Mutabakat zapt\u0131 ayr\u0131ca, b\u00f6lgesel ve uluslararas\u0131 d\u00fczeylerde ortak \u00e7\u0131kar faaliyetleri hakk\u0131nda bilgi al\u0131\u015fveri\u015fini ve siyasi, diplomatik ve uluslararas\u0131 ili\u015fkiler alanlar\u0131nda ortak projelerin uygulanmas\u0131n\u0131 da i\u00e7eriyor.<\/p>\n<p><span style=\"color: #0000ff;\">#Telegram_Kanal\u0131m\u0131z: https:\/\/t.me\/SuriyeArapHaberAjans\u0131<\/span><\/p>\n","protected":false},"excerpt":{"rendered":"<p>TAHRAN \u2013 D\u0131\u015fi\u015fleri ve \u011eurbet\u00e7iler Bakanl\u0131\u011f\u0131 Diplomatik Enstit\u00fcs\u00fc ve \u0130ran D\u0131\u015fi\u015fleri Bakanl\u0131\u011f\u0131 Siyasi ve Uluslararas\u0131 Ara\u015ft\u0131rmalar Merkezi siyasi, diplomatik ve uluslararas\u0131 ili\u015fkiler alanlar\u0131nda i\u015fbirli\u011fi i\u00e7in bir mutabakat zapt\u0131 imzalad\u0131. Mutabakat zapt\u0131, ortak ilgi alanlar\u0131nda akademisyenler, konferans konu\u015fmac\u0131lar\u0131, uzmanlar, ara\u015ft\u0131rmac\u0131lar ve e\u011fitim materyallerinin de\u011fi\u015fimini ve diplomatik kadrolar\u0131n e\u011fitimi ile ilgili bilgi, deneyim ve modern y\u00f6ntemlerin de\u011fi\u015fimini &hellip;<\/p>\n","protected":false},"author":39,"featured_media":266372,"comment_status":"closed","ping_status":"closed","sticky":false,"template":"","format":"standard","meta":{"footnotes":""},"categories":[458,459,17988],"tags":[],"class_list":["post-266371","post","type-post","status-publish","format-standard","has-post-thumbnail","","category-dunya1","category-haberler-arap-uluslararasi-politika","category-son-haberler"],"_links":{"self":[{"href":"https:\/\/archive.sana.sy\/tr\/index.php?rest_route=\/wp\/v2\/posts\/266371","targetHints":{"allow":["GET"]}}],"collection":[{"href":"https:\/\/archive.sana.sy\/tr\/index.php?rest_route=\/wp\/v2\/posts"}],"about":[{"href":"https:\/\/archive.sana.sy\/tr\/index.php?rest_route=\/wp\/v2\/types\/post"}],"author":[{"embeddable":true,"href":"https:\/\/archive.sana.sy\/tr\/index.php?rest_route=\/wp\/v2\/users\/39"}],"replies":[{"embeddable":true,"href":"https:\/\/archive.sana.sy\/tr\/index.php?rest_route=%2Fwp%2Fv2%2Fcomments&post=266371"}],"version-history":[{"count":0,"href":"https:\/\/archive.sana.sy\/tr\/index.php?rest_route=\/wp\/v2\/posts\/266371\/revisions"}],"wp:featuredmedia":[{"embeddable":true,"href":"https:\/\/archive.sana.sy\/tr\/index.php?rest_route=\/wp\/v2\/media\/266372"}],"wp:attachment":[{"href":"https:\/\/archive.sana.sy\/tr\/index.php?rest_route=%2Fwp%2Fv2%2Fmedia&parent=266371"}],"wp:term":[{"taxonomy":"category","embeddable":true,"href":"https:\/\/archive.sana.sy\/tr\/index.php?rest_route=%2Fwp%2Fv2%2Fcategories&post=266371"},{"taxonomy":"post_tag","embeddable":true,"href":"https:\/\/archive.sana.sy\/tr\/index.php?rest_route=%2Fwp%2Fv2%2Ftags&post=266371"}],"curies":[{"name":"wp","href":"https:\/\/api.w.org\/{rel}","templated":true}]}}