{"id":266482,"date":"2022-11-07T22:21:19","date_gmt":"2022-11-07T20:21:19","guid":{"rendered":"http:\/\/107.6.182.27\/tr\/?p=266482"},"modified":"2022-11-12T11:23:08","modified_gmt":"2022-11-12T09:23:08","slug":"ordu-ve-rus-kuvvetlerinin-yogun-darbeleri-sonucunda-teroristler-olduruldu-karargahlari-imha-edildi","status":"publish","type":"post","link":"https:\/\/archive.sana.sy\/tr\/?p=266482","title":{"rendered":"Ordu ve Rus Kuvvetlerinin Yo\u011fun Darbeleri Sonucunda Ter\u00f6ristler \u00d6ld\u00fcr\u00fcld\u00fc Karargahlar\u0131 \u0130mha Edildi &#8220;V\u0130DEO&#8221;"},"content":{"rendered":"<p>\u0130DL\u0130B \u2013 Suriye Arab Ordu birlikleri, Rus Havac\u0131l\u0131k Kuvvetleri ile i\u015fbirli\u011fi i\u00e7inde \u0130dlib&#8217;de ter\u00f6r \u00f6rg\u00fctlerinin karargah ve e\u011fitim kamplar\u0131n\u0131 hedef alan bir operasyonda \u00e7ok say\u0131da ter\u00f6risti etkisiz hale getirdi.<\/p>\n<p>Bir saha kayna\u011f\u0131 SANA&#8217;ya verdi\u011fi deme\u00e7te, &#8220;\u0130dlib k\u0131rsal\u0131nda gerilimi azaltma anla\u015fmas\u0131n\u0131n s\u00fcrekli olarak ihlal edilmesi ve silahl\u0131 ter\u00f6r \u00f6rg\u00fctlerinin silahl\u0131 kuvvetlerimizin alanlar\u0131na ve g\u00fcvenli b\u00f6lgelerine\u00a0 tekrarlanan sald\u0131r\u0131lar\u0131 sonucunda son olarak birka\u00e7 sivil ve askeri \u015fehid d\u00fc\u015fmesine ve bu say\u0131n\u0131n y\u00fckselmesine neden oldu\u011funu, nitecede silahl\u0131 kuvvetlerimizin birlikleri, dost Rus havac\u0131l\u0131k kuvvetleri ile i\u015fbirli\u011fi i\u00e7inde ter\u00f6r \u00f6rg\u00fctlerinin komuta karargahlar\u0131na ve e\u011fitim kamplar\u0131na y\u00f6nelik bir operasyon ger\u00e7ekle\u015ftirdirdi\u011fini&#8221; belirtti.<\/p>\n<p>Kaynak ayr\u0131ca, hedeflerin dikkatlice izlendi\u011fini ve ard\u0131ndan Suriye Arap Ordusu ve Rus Havac\u0131l\u0131k Kuvvetleri&#8217;nin f\u00fcze top\u00e7u g\u00fc\u00e7lerinin ter\u00f6rist e\u011fitim kamplar\u0131na ve karargahlar\u0131na y\u00f6nelik odakl\u0131 sald\u0131r\u0131lar d\u00fczenledi\u011fini, bunun sonucunda da karargahlar\u0131n\u0131n imhas\u0131 ve onlarca ter\u00f6ristin \u00f6ld\u00fcr\u00fclmesi ve yaralanmas\u0131na neden oldu\u011funu a\u00e7\u0131klad\u0131.<\/p>\n<p>Kaynak: G\u00fc\u00e7lerimizin firar eden ter\u00f6ristlerin hareketlerini takip ederek, s\u0131\u011f\u0131nd\u0131klar\u0131 yer ve karargahlar\u0131n\u0131 belirledi\u011fini, f\u00fcze ve hava bombard\u0131manlar\u0131 ile hedef almas\u0131 sonucunda imha edildi\u011fini ve \u00e7ok say\u0131da ter\u00f6risti \u00f6l\u00fc ve yaral\u0131 d\u00fc\u015f\u00fcrd\u00fc\u011f\u00fcn\u00fc s\u00f6yledi.<\/p>\n<p>Kaynak, \u00f6ld\u00fcr\u00fclen ter\u00f6ristler aras\u0131nda kimli\u011fi belirlenenlerin, Abdul Munim Muti, R\u0131dvan H\u00fcseyin Mahnayeh, Filistinli Ebu Davud, Muhammed Ali El Kaddur, Ebu Huseyin Reddad, \u00c7adl\u0131 Ebu Hacer, \u0130skenderiyeli \u00d6mer Ebu Leys ve Muhammed S\u00fcleyman El Ali oldu\u011funu belirtti.<\/p>\n<p><a class=\"x1i10hfl xjbqb8w x6umtig x1b1mbwd xaqea5y xav7gou x9f619 x1ypdohk xt0psk2 xe8uvvx xdj266r x11i5rnm xat24cr x1mh8g0r xexx8yu x4uap5 x18d9i69 xkhd6sd x16tdsg8 x1hl2dhg xggy1nq x1a2a7pz xt0b8zv x1qq9wsj xo1l8bm\" tabindex=\"0\" role=\"link\" href=\"https:\/\/www.facebook.com\/hashtag\/telegram_kanal%C4%B1m%C4%B1z?__eep__=6&amp;__cft__[0]=AZXQHATCis1TY-ALZ5AlV1vWxSOn-5dSpU6jrqoih8gI77TGw7HMurwoqGdglYAqwvIa5M0JBK9NCw9iirSkEfvxnZpxgnIN022tbqKhC9tNjZYGZtLGFTEvMmhoJFDW1KPbFjCUQVQTt3EhlZldUMnnpPLwg65tzAyQFgzIRAg1IVesVVKrf-ylAibxlXAvfXQ&amp;__tn__=*NK-R\">#Telegram_Kanal\u0131m\u0131z<\/a>: <a class=\"x1i10hfl xjbqb8w x6umtig x1b1mbwd xaqea5y xav7gou x9f619 x1ypdohk xt0psk2 xe8uvvx xdj266r x11i5rnm xat24cr x1mh8g0r xexx8yu x4uap5 x18d9i69 xkhd6sd x16tdsg8 x1hl2dhg xggy1nq x1a2a7pz xt0b8zv x1fey0fg\" tabindex=\"0\" role=\"link\" href=\"https:\/\/t.me\/SuriyeArapHaberAjans%C4%B1?fbclid=IwAR3f-mf-gO5LA4drAKoOv1dKiT4muUo4JfkhP6-byRzlvOQXs-b_T_Y4gd8\" target=\"_blank\" rel=\"nofollow noopener\">https:\/\/t.me\/SuriyeArapHaberAjans\u0131<\/a><\/p>\n<p><iframe loading=\"lazy\" title=\"\u0627\u0644\u0642\u0636\u0627\u0621 \u0639\u0644\u0649 \u0625\u0631\u0647\u0627\u0628\u064a\u064a\u0646 \u0648\u062a\u062f\u0645\u064a\u0631 \u0645\u0642\u0631\u0627\u062a\u0647\u0645 \u0628\u0636\u0631\u0628\u0627\u062a \u0645\u0631\u0643\u0632\u0629 \u0644\u0644\u062c\u064a\u0634 \u0648\u0627\u0644\u0642\u0648\u0627\u062a \u0627\u0644\u0631\u0648\u0633\u064a\u0629 \u0641\u064a \u0625\u062f\u0644\u0628\" src=\"https:\/\/www.youtube.com\/embed\/kWpvvNvaAT4\" width=\"620\" height=\"348\" frameborder=\"0\" allowfullscreen=\"allowfullscreen\"><\/iframe><\/p>\n","protected":false},"excerpt":{"rendered":"<p>\u0130DL\u0130B \u2013 Suriye Arab Ordu birlikleri, Rus Havac\u0131l\u0131k Kuvvetleri ile i\u015fbirli\u011fi i\u00e7inde \u0130dlib&#8217;de ter\u00f6r \u00f6rg\u00fctlerinin karargah ve e\u011fitim kamplar\u0131n\u0131 hedef alan bir operasyonda \u00e7ok say\u0131da ter\u00f6risti etkisiz hale getirdi. Bir saha kayna\u011f\u0131 SANA&#8217;ya verdi\u011fi deme\u00e7te, &#8220;\u0130dlib k\u0131rsal\u0131nda gerilimi azaltma anla\u015fmas\u0131n\u0131n s\u00fcrekli olarak ihlal edilmesi ve silahl\u0131 ter\u00f6r \u00f6rg\u00fctlerinin silahl\u0131 kuvvetlerimizin alanlar\u0131na ve g\u00fcvenli b\u00f6lgelerine\u00a0 tekrarlanan &hellip;<\/p>\n","protected":false},"author":39,"featured_media":266483,"comment_status":"closed","ping_status":"closed","sticky":false,"template":"","format":"standard","meta":{"footnotes":""},"categories":[479,575,17988,478],"tags":[],"class_list":["post-266482","post","type-post","status-publish","format-standard","has-post-thumbnail","","category-haberler-yerel","category-olaylar-ve-gercekler","category-son-haberler","category-yerel"],"_links":{"self":[{"href":"https:\/\/archive.sana.sy\/tr\/index.php?rest_route=\/wp\/v2\/posts\/266482","targetHints":{"allow":["GET"]}}],"collection":[{"href":"https:\/\/archive.sana.sy\/tr\/index.php?rest_route=\/wp\/v2\/posts"}],"about":[{"href":"https:\/\/archive.sana.sy\/tr\/index.php?rest_route=\/wp\/v2\/types\/post"}],"author":[{"embeddable":true,"href":"https:\/\/archive.sana.sy\/tr\/index.php?rest_route=\/wp\/v2\/users\/39"}],"replies":[{"embeddable":true,"href":"https:\/\/archive.sana.sy\/tr\/index.php?rest_route=%2Fwp%2Fv2%2Fcomments&post=266482"}],"version-history":[{"count":0,"href":"https:\/\/archive.sana.sy\/tr\/index.php?rest_route=\/wp\/v2\/posts\/266482\/revisions"}],"wp:featuredmedia":[{"embeddable":true,"href":"https:\/\/archive.sana.sy\/tr\/index.php?rest_route=\/wp\/v2\/media\/266483"}],"wp:attachment":[{"href":"https:\/\/archive.sana.sy\/tr\/index.php?rest_route=%2Fwp%2Fv2%2Fmedia&parent=266482"}],"wp:term":[{"taxonomy":"category","embeddable":true,"href":"https:\/\/archive.sana.sy\/tr\/index.php?rest_route=%2Fwp%2Fv2%2Fcategories&post=266482"},{"taxonomy":"post_tag","embeddable":true,"href":"https:\/\/archive.sana.sy\/tr\/index.php?rest_route=%2Fwp%2Fv2%2Ftags&post=266482"}],"curies":[{"name":"wp","href":"https:\/\/api.w.org\/{rel}","templated":true}]}}