{"id":266525,"date":"2022-11-08T18:04:23","date_gmt":"2022-11-08T16:04:23","guid":{"rendered":"http:\/\/107.6.182.27\/tr\/?p=266525"},"modified":"2022-11-09T07:25:03","modified_gmt":"2022-11-09T05:25:03","slug":"adra-sanayi-kentinde-bu-yil-31-yeni-tesis-uretime-giriyor","status":"publish","type":"post","link":"https:\/\/archive.sana.sy\/tr\/?p=266525","title":{"rendered":"Adra Sanayi Kenti\u2019nde Bu Y\u0131l 31 Yeni Tesis \u00dcretime Giriyor"},"content":{"rendered":"<p>\u015eAM KIRSALI \u2013\u00a0 \u015eam K\u0131rsal\u0131 ilindeki yer alan Adra \u00a0Sanayi Kenti\u2019nde i\u015fg\u00fcc\u00fc ve \u00fcretim piyasas\u0131na giren yeni sanayi tesislerinin say\u0131s\u0131 g\u0131da, m\u00fchendislik ve kimya olmak \u00fczere 31 tesise ula\u015farak kentteki toplam \u00fcretim tesisini 1131&#8217;e \u00e7\u0131kard\u0131. Sanayi kenti m\u00fcd\u00fcr yard\u0131mc\u0131s\u0131na g\u00f6re tesislerin \u00a0yerel piyasadaki \u00fcretimi \u00a0%60\u2019dan fazlad\u0131r.<\/p>\n<p>Nasra SANA muhabirine yapt\u0131\u011f\u0131 a\u00e7\u0131klamada, \u015fu anda yap\u0131m\u0131 devam eden tesislerin toplam\u0131n\u0131n 3.383 tesis oldu\u011funu\u00a0 belirterek, toplam tahsis edilen tesislerin say\u0131s\u0131n\u0131n 5335 oldu\u011funu kaydetti.<\/p>\n<p>Nasra ayr\u0131ca, Adra Sanayi y\u00f6netiminin yeni tesisler i\u00e7in altyap\u0131 hizmetleri ve eski tesisler i\u00e7in altyap\u0131 bak\u0131mlar\u0131 ba\u015fta olmak \u00fczere end\u00fcstriyel tesisleri desteklemek i\u00e7in bir\u00e7ok \u00e7al\u0131\u015fma y\u00fcr\u00fctt\u00fc\u011f\u00fcn\u00fc a\u00e7\u0131klad\u0131.<\/p>\n<div id='gallery-1' class='gallery galleryid-266525 gallery-columns-2 gallery-size-full'><figure class='gallery-item'>\n\t\t\t<div class='gallery-icon landscape'>\n\t\t\t\t<a href='https:\/\/archive.sana.sy\/tr\/wp-content\/uploads\/2022\/11\/04-1-300x200-1.jpg'><img loading=\"lazy\" decoding=\"async\" width=\"300\" height=\"200\" src=\"https:\/\/archive.sana.sy\/tr\/wp-content\/uploads\/2022\/11\/04-1-300x200-1.jpg\" class=\"attachment-full size-full\" alt=\"\" srcset=\"https:\/\/archive.sana.sy\/tr\/wp-content\/uploads\/2022\/11\/04-1-300x200-1.jpg 300w, https:\/\/archive.sana.sy\/tr\/wp-content\/uploads\/2022\/11\/04-1-300x200-1-150x100.jpg 150w\" sizes=\"auto, (max-width: 300px) 100vw, 300px\" \/><\/a>\n\t\t\t<\/div><\/figure><figure class='gallery-item'>\n\t\t\t<div class='gallery-icon landscape'>\n\t\t\t\t<a href='https:\/\/archive.sana.sy\/tr\/wp-content\/uploads\/2022\/11\/01-3-300x200-1.jpg'><img loading=\"lazy\" decoding=\"async\" width=\"300\" height=\"200\" src=\"https:\/\/archive.sana.sy\/tr\/wp-content\/uploads\/2022\/11\/01-3-300x200-1.jpg\" class=\"attachment-full size-full\" alt=\"\" srcset=\"https:\/\/archive.sana.sy\/tr\/wp-content\/uploads\/2022\/11\/01-3-300x200-1.jpg 300w, https:\/\/archive.sana.sy\/tr\/wp-content\/uploads\/2022\/11\/01-3-300x200-1-150x100.jpg 150w\" sizes=\"auto, (max-width: 300px) 100vw, 300px\" \/><\/a>\n\t\t\t<\/div><\/figure>\n\t\t<\/div>\n\n<p><a class=\"x1i10hfl xjbqb8w x6umtig x1b1mbwd xaqea5y xav7gou x9f619 x1ypdohk xt0psk2 xe8uvvx xdj266r x11i5rnm xat24cr x1mh8g0r xexx8yu x4uap5 x18d9i69 xkhd6sd x16tdsg8 x1hl2dhg xggy1nq x1a2a7pz xt0b8zv x1qq9wsj xo1l8bm\" tabindex=\"0\" role=\"link\" href=\"https:\/\/www.facebook.com\/hashtag\/telegram_kanal%C4%B1m%C4%B1z?__eep__=6&amp;__cft__[0]=AZUzCa6i_NmkhhCnCYEhhxah37k2HHkeQjkh7vGnXka2pw_KSXeWPVofvjqNYuEEbBJuoLVNaAt_WFR-eBYPrJd6eTx0lZRzcWqtnLCdBWy1Wfo6A9biWm934EyNnRs06Bs&amp;__tn__=*NK-R\">#Telegram_Kanal\u0131m\u0131z<\/a>:\u00a0<a class=\"x1i10hfl xjbqb8w x6umtig x1b1mbwd xaqea5y xav7gou x9f619 x1ypdohk xt0psk2 xe8uvvx xdj266r x11i5rnm xat24cr x1mh8g0r xexx8yu x4uap5 x18d9i69 xkhd6sd x16tdsg8 x1hl2dhg xggy1nq x1a2a7pz xt0b8zv x1fey0fg\" tabindex=\"0\" role=\"link\" href=\"https:\/\/t.me\/SuriyeArapHaberAjans%C4%B1?fbclid=IwAR1bq1xWpXn6xRWTYwneTL-rhBIA-6JZao9UWcWqhEBbeblu3wQTX7kxSss\" target=\"_blank\" rel=\"nofollow noopener\">https:\/\/t.me\/SuriyeArapHaberAjans\u0131<\/a><\/p>\n","protected":false},"excerpt":{"rendered":"<p>\u015eAM KIRSALI \u2013\u00a0 \u015eam K\u0131rsal\u0131 ilindeki yer alan Adra \u00a0Sanayi Kenti\u2019nde i\u015fg\u00fcc\u00fc ve \u00fcretim piyasas\u0131na giren yeni sanayi tesislerinin say\u0131s\u0131 g\u0131da, m\u00fchendislik ve kimya olmak \u00fczere 31 tesise ula\u015farak kentteki toplam \u00fcretim tesisini 1131&#8217;e \u00e7\u0131kard\u0131. Sanayi kenti m\u00fcd\u00fcr yard\u0131mc\u0131s\u0131na g\u00f6re tesislerin \u00a0yerel piyasadaki \u00fcretimi \u00a0%60\u2019dan fazlad\u0131r. Nasra SANA muhabirine yapt\u0131\u011f\u0131 a\u00e7\u0131klamada, \u015fu anda yap\u0131m\u0131 devam &hellip;<\/p>\n","protected":false},"author":41,"featured_media":266526,"comment_status":"closed","ping_status":"closed","sticky":false,"template":"","format":"standard","meta":{"footnotes":""},"categories":[479,17988,478],"tags":[],"class_list":["post-266525","post","type-post","status-publish","format-standard","has-post-thumbnail","","category-haberler-yerel","category-son-haberler","category-yerel"],"_links":{"self":[{"href":"https:\/\/archive.sana.sy\/tr\/index.php?rest_route=\/wp\/v2\/posts\/266525","targetHints":{"allow":["GET"]}}],"collection":[{"href":"https:\/\/archive.sana.sy\/tr\/index.php?rest_route=\/wp\/v2\/posts"}],"about":[{"href":"https:\/\/archive.sana.sy\/tr\/index.php?rest_route=\/wp\/v2\/types\/post"}],"author":[{"embeddable":true,"href":"https:\/\/archive.sana.sy\/tr\/index.php?rest_route=\/wp\/v2\/users\/41"}],"replies":[{"embeddable":true,"href":"https:\/\/archive.sana.sy\/tr\/index.php?rest_route=%2Fwp%2Fv2%2Fcomments&post=266525"}],"version-history":[{"count":0,"href":"https:\/\/archive.sana.sy\/tr\/index.php?rest_route=\/wp\/v2\/posts\/266525\/revisions"}],"wp:featuredmedia":[{"embeddable":true,"href":"https:\/\/archive.sana.sy\/tr\/index.php?rest_route=\/wp\/v2\/media\/266526"}],"wp:attachment":[{"href":"https:\/\/archive.sana.sy\/tr\/index.php?rest_route=%2Fwp%2Fv2%2Fmedia&parent=266525"}],"wp:term":[{"taxonomy":"category","embeddable":true,"href":"https:\/\/archive.sana.sy\/tr\/index.php?rest_route=%2Fwp%2Fv2%2Fcategories&post=266525"},{"taxonomy":"post_tag","embeddable":true,"href":"https:\/\/archive.sana.sy\/tr\/index.php?rest_route=%2Fwp%2Fv2%2Ftags&post=266525"}],"curies":[{"name":"wp","href":"https:\/\/api.w.org\/{rel}","templated":true}]}}