{"id":266551,"date":"2022-11-08T22:25:30","date_gmt":"2022-11-08T20:25:30","guid":{"rendered":"http:\/\/107.6.182.27\/tr\/?p=266551"},"modified":"2022-11-10T07:09:32","modified_gmt":"2022-11-10T05:09:32","slug":"ordu-kontrol-noktasi-tel-temr-cevresinde-isgalci-amerikaya-ait-bir-konvoyu-kovdu-2","status":"publish","type":"post","link":"https:\/\/archive.sana.sy\/tr\/?p=266551","title":{"rendered":"Ordu Kontrol Noktas\u0131, Tel Temr \u00c7evresinde \u0130\u015fgalci Amerika\u2019ya Ait Bir Konvoyu Kovdu"},"content":{"rendered":"<p>HASEKE \u2013 Suriye Arap Ordusu&#8217;na ait bir kontrol noktas\u0131, Haseke k\u0131rsal\u0131n\u0131n kuzeybat\u0131s\u0131nda yer alan Tel Temr yak\u0131nlar\u0131nda Amerikan i\u015fgal g\u00fc\u00e7lerine ait askeri ara\u00e7lardan olu\u015fan bir konvoyun \u00f6n\u00fcn\u00fc keserek b\u00f6lgeden \u00e7\u0131kard\u0131.<\/p>\n<p>Yerel kaynaklar SANA muhabirine yapt\u0131\u011f\u0131 a\u00e7\u0131klamada, \u201cSuriye Arap Ordusu&#8217;nun Haseke k\u0131rsal\u0131n\u0131n kuzeybat\u0131s\u0131ndaki Tel Temr il\u00e7esine ba\u011fl\u0131 Kubur El \u011earacine k\u00f6y\u00fcndeki bir kontrol noktas\u0131, Amerikan i\u015fgal g\u00fc\u00e7lerine ait 8 askeri ara\u00e7tan olu\u015fan bir konvoyu durdurdu, k\u00f6ye girmesini engelledi\u201d dedi.<\/p>\n<p><a class=\"x1i10hfl xjbqb8w x6umtig x1b1mbwd xaqea5y xav7gou x9f619 x1ypdohk xt0psk2 xe8uvvx xdj266r x11i5rnm xat24cr x1mh8g0r xexx8yu x4uap5 x18d9i69 xkhd6sd x16tdsg8 x1hl2dhg xggy1nq x1a2a7pz xt0b8zv x1qq9wsj xo1l8bm\" tabindex=\"0\" role=\"link\" href=\"https:\/\/www.facebook.com\/hashtag\/telegram_kanal%C4%B1m%C4%B1z?__eep__=6&amp;__cft__[0]=AZWbGEG4krkmlR37HQdeRa_tm56Wm_RC0u1zo5iXDu5xV6XEJRwbLQFJC38G1tcWgZeX0p8zTSUd3uyeehoD7OhBF5QQI7DXPOTG-RSKBT0GYfKLZkWmnLBfVHBHy5SYz_aGgCq4tF1FyKaM3Ll7_puD3CQxRM61XsCjwkxuytTi1E9ZGHfz4-ZPSvnOSYFQ0KU&amp;__tn__=*NK-R\">#Telegram_Kanal\u0131m\u0131z<\/a>:\u00a0<a class=\"x1i10hfl xjbqb8w x6umtig x1b1mbwd xaqea5y xav7gou x9f619 x1ypdohk xt0psk2 xe8uvvx xdj266r x11i5rnm xat24cr x1mh8g0r xexx8yu x4uap5 x18d9i69 xkhd6sd x16tdsg8 x1hl2dhg xggy1nq x1a2a7pz xt0b8zv x1fey0fg\" tabindex=\"0\" role=\"link\" href=\"https:\/\/t.me\/SuriyeArapHaberAjans%C4%B1?fbclid=IwAR1mjgJbN7oiCUhCmbkxYbE3Yf-NwYxepsBh4WXMfHRx1gYI0RRefa-kvPs\" target=\"_blank\" rel=\"nofollow noopener\">https:\/\/t.me\/SuriyeArapHaberAjans\u0131<\/a><\/p>\n","protected":false},"excerpt":{"rendered":"<p>HASEKE \u2013 Suriye Arap Ordusu&#8217;na ait bir kontrol noktas\u0131, Haseke k\u0131rsal\u0131n\u0131n kuzeybat\u0131s\u0131nda yer alan Tel Temr yak\u0131nlar\u0131nda Amerikan i\u015fgal g\u00fc\u00e7lerine ait askeri ara\u00e7lardan olu\u015fan bir konvoyun \u00f6n\u00fcn\u00fc keserek b\u00f6lgeden \u00e7\u0131kard\u0131. Yerel kaynaklar SANA muhabirine yapt\u0131\u011f\u0131 a\u00e7\u0131klamada, \u201cSuriye Arap Ordusu&#8217;nun Haseke k\u0131rsal\u0131n\u0131n kuzeybat\u0131s\u0131ndaki Tel Temr il\u00e7esine ba\u011fl\u0131 Kubur El \u011earacine k\u00f6y\u00fcndeki bir kontrol noktas\u0131, Amerikan i\u015fgal &hellip;<\/p>\n","protected":false},"author":36,"featured_media":266552,"comment_status":"closed","ping_status":"closed","sticky":false,"template":"","format":"standard","meta":{"footnotes":""},"categories":[479,575,17988,478],"tags":[],"class_list":["post-266551","post","type-post","status-publish","format-standard","has-post-thumbnail","","category-haberler-yerel","category-olaylar-ve-gercekler","category-son-haberler","category-yerel"],"_links":{"self":[{"href":"https:\/\/archive.sana.sy\/tr\/index.php?rest_route=\/wp\/v2\/posts\/266551","targetHints":{"allow":["GET"]}}],"collection":[{"href":"https:\/\/archive.sana.sy\/tr\/index.php?rest_route=\/wp\/v2\/posts"}],"about":[{"href":"https:\/\/archive.sana.sy\/tr\/index.php?rest_route=\/wp\/v2\/types\/post"}],"author":[{"embeddable":true,"href":"https:\/\/archive.sana.sy\/tr\/index.php?rest_route=\/wp\/v2\/users\/36"}],"replies":[{"embeddable":true,"href":"https:\/\/archive.sana.sy\/tr\/index.php?rest_route=%2Fwp%2Fv2%2Fcomments&post=266551"}],"version-history":[{"count":0,"href":"https:\/\/archive.sana.sy\/tr\/index.php?rest_route=\/wp\/v2\/posts\/266551\/revisions"}],"wp:featuredmedia":[{"embeddable":true,"href":"https:\/\/archive.sana.sy\/tr\/index.php?rest_route=\/wp\/v2\/media\/266552"}],"wp:attachment":[{"href":"https:\/\/archive.sana.sy\/tr\/index.php?rest_route=%2Fwp%2Fv2%2Fmedia&parent=266551"}],"wp:term":[{"taxonomy":"category","embeddable":true,"href":"https:\/\/archive.sana.sy\/tr\/index.php?rest_route=%2Fwp%2Fv2%2Fcategories&post=266551"},{"taxonomy":"post_tag","embeddable":true,"href":"https:\/\/archive.sana.sy\/tr\/index.php?rest_route=%2Fwp%2Fv2%2Ftags&post=266551"}],"curies":[{"name":"wp","href":"https:\/\/api.w.org\/{rel}","templated":true}]}}