{"id":266560,"date":"2022-11-09T09:36:02","date_gmt":"2022-11-09T07:36:02","guid":{"rendered":"http:\/\/107.6.182.27\/tr\/?p=266560"},"modified":"2022-11-10T07:09:51","modified_gmt":"2022-11-10T05:09:51","slug":"israil-isgal-guclerinin-baskinlarinda-bir-filistinli-sehit-dustu-onlarca-yaralandi-ve-tutuklandi","status":"publish","type":"post","link":"https:\/\/archive.sana.sy\/tr\/?p=266560","title":{"rendered":"\u0130srail \u0130\u015fgal G\u00fc\u00e7lerinin Bask\u0131nlar\u0131nda Bir Filistinli \u015eehit D\u00fc\u015ft\u00fc, Onlarca Ki\u015fi Yaraland\u0131 Ve Tutukland\u0131"},"content":{"rendered":"<p><span style=\"color: #ff0000;\">\u0130\u015eGAL ED\u0130LEN KUD\u00dcS<\/span> &#8211; \u0130srail i\u015fgal g\u00fc\u00e7lerinin, Bat\u0131 Yaka\u2019n\u0131n farkl\u0131 b\u00f6lgelerine d\u00fczenledi\u011fi bask\u0131n s\u0131ras\u0131nda bir Filistinli \u015fehit d\u00fc\u015ft\u00fc, onlarca ki\u015fi de yaraland\u0131 ve tutukland\u0131.<\/p>\n<p>Filistinli WAFA Haber Ajans\u0131, i\u015fgal g\u00fc\u00e7lerinin, Nablus&#8217;un do\u011fusundaki \u201cKap\u0131r Yusuf, Yusuf&#8217;un Mezar\u0131\u201d b\u00f6lgesine bask\u0131n d\u00fczenledi\u011fini belirtirken, Filistinlilere kur\u015fun ve zehirli gaz bombalar\u0131 atarak bir genc\u0131n \u015fehit d\u00fc\u015fmesine, 3 ki\u015finin yaralanmas\u0131na ve onlarca bo\u011fulma vakas\u0131n\u0131n yol a\u00e7mas\u0131na neden oldu\u011funa i\u015faret etti.<\/p>\n<p>Ajans ayr\u0131ca, \u0130srail \u0130\u015fgal g\u00fc\u00e7lerinin, Ramallah&#8217;\u0131n kuzeybat\u0131s\u0131ndaki Nebi Salih k\u00f6y\u00fcn\u00fc bast\u0131\u011f\u0131n\u0131 ve bir genci vurarak yaralad\u0131\u011f\u0131n\u0131 ve bir ba\u015fkas\u0131n\u0131 da tutuklad\u0131\u011f\u0131n\u0131 belirtti.<\/p>\n<p>Wafa Ajans, \u0130srail \u0130\u015fgal g\u00fc\u00e7lerinin, Tulkarm, Beyt Lahm,El Halil kentlerinin birka\u00e7 mahallesi, Nablus&#8217;taki El Laban El \u015earkiye beldesi, Kud\u00fcs&#8217;teki Beyt Dko ve Beddu ve Ramallah&#8217;taki Beyt Rima beldelerine bask\u0131n d\u00fczenledi\u011fini ve 13 Filistinliyi tutuklad\u0131\u011f\u0131n\u0131 belirtti.<\/p>\n<p><span style=\"color: #0000ff;\">#Telegram_Kanal\u0131m\u0131z: https:\/\/t.me\/SuriyeArapHaberAjans<\/span><\/p>\n","protected":false},"excerpt":{"rendered":"<p>\u0130\u015eGAL ED\u0130LEN KUD\u00dcS &#8211; \u0130srail i\u015fgal g\u00fc\u00e7lerinin, Bat\u0131 Yaka\u2019n\u0131n farkl\u0131 b\u00f6lgelerine d\u00fczenledi\u011fi bask\u0131n s\u0131ras\u0131nda bir Filistinli \u015fehit d\u00fc\u015ft\u00fc, onlarca ki\u015fi de yaraland\u0131 ve tutukland\u0131. Filistinli WAFA Haber Ajans\u0131, i\u015fgal g\u00fc\u00e7lerinin, Nablus&#8217;un do\u011fusundaki \u201cKap\u0131r Yusuf, Yusuf&#8217;un Mezar\u0131\u201d b\u00f6lgesine bask\u0131n d\u00fczenledi\u011fini belirtirken, Filistinlilere kur\u015fun ve zehirli gaz bombalar\u0131 atarak bir genc\u0131n \u015fehit d\u00fc\u015fmesine, 3 ki\u015finin yaralanmas\u0131na ve &hellip;<\/p>\n","protected":false},"author":39,"featured_media":266561,"comment_status":"closed","ping_status":"closed","sticky":false,"template":"","format":"standard","meta":{"footnotes":""},"categories":[458,459,17988],"tags":[],"class_list":["post-266560","post","type-post","status-publish","format-standard","has-post-thumbnail","","category-dunya1","category-haberler-arap-uluslararasi-politika","category-son-haberler"],"_links":{"self":[{"href":"https:\/\/archive.sana.sy\/tr\/index.php?rest_route=\/wp\/v2\/posts\/266560","targetHints":{"allow":["GET"]}}],"collection":[{"href":"https:\/\/archive.sana.sy\/tr\/index.php?rest_route=\/wp\/v2\/posts"}],"about":[{"href":"https:\/\/archive.sana.sy\/tr\/index.php?rest_route=\/wp\/v2\/types\/post"}],"author":[{"embeddable":true,"href":"https:\/\/archive.sana.sy\/tr\/index.php?rest_route=\/wp\/v2\/users\/39"}],"replies":[{"embeddable":true,"href":"https:\/\/archive.sana.sy\/tr\/index.php?rest_route=%2Fwp%2Fv2%2Fcomments&post=266560"}],"version-history":[{"count":0,"href":"https:\/\/archive.sana.sy\/tr\/index.php?rest_route=\/wp\/v2\/posts\/266560\/revisions"}],"wp:featuredmedia":[{"embeddable":true,"href":"https:\/\/archive.sana.sy\/tr\/index.php?rest_route=\/wp\/v2\/media\/266561"}],"wp:attachment":[{"href":"https:\/\/archive.sana.sy\/tr\/index.php?rest_route=%2Fwp%2Fv2%2Fmedia&parent=266560"}],"wp:term":[{"taxonomy":"category","embeddable":true,"href":"https:\/\/archive.sana.sy\/tr\/index.php?rest_route=%2Fwp%2Fv2%2Fcategories&post=266560"},{"taxonomy":"post_tag","embeddable":true,"href":"https:\/\/archive.sana.sy\/tr\/index.php?rest_route=%2Fwp%2Fv2%2Ftags&post=266560"}],"curies":[{"name":"wp","href":"https:\/\/api.w.org\/{rel}","templated":true}]}}