{"id":266624,"date":"2022-11-09T18:28:28","date_gmt":"2022-11-09T16:28:28","guid":{"rendered":"http:\/\/107.6.182.27\/tr\/?p=266624"},"modified":"2022-11-10T13:19:28","modified_gmt":"2022-11-10T11:19:28","slug":"halk-meclisi-enformasyon-bakanliginin-performansini-ve-calismalariyla-ilgili-konulari-gorusuyor-bakan-el-hallak-enformasyon-bakanligini-olusturan-yasanin-ve-ureticiler-birligi-yasa-tasarisin","status":"publish","type":"post","link":"https:\/\/archive.sana.sy\/tr\/?p=266624","title":{"rendered":"Halk Meclisi, Enformasyon Bakanl\u0131\u011f\u0131&#8217;n\u0131n Performans\u0131n\u0131 Ve \u00c7al\u0131\u015fmalar\u0131yla \u0130lgili Konular\u0131 G\u00f6r\u00fc\u015f\u00fcyor"},"content":{"rendered":"<p>\u015eAM \u2013 Halk Meclisi, Meclis Ba\u015fkan\u0131 Hamuda Sabba\u011f ba\u015fkanl\u0131\u011f\u0131nda bug\u00fcn ger\u00e7ekle\u015ftirilen \u00fc\u00e7\u00fcnc\u00fc yasama d\u00f6neminin yedinci ola\u011fan oturumunun on sekizinci oturumunda, Enformasyon Bakanl\u0131\u011f\u0131&#8217;n\u0131n performans\u0131n\u0131 ve \u00e7al\u0131\u015fmalar\u0131yla ilgili konular\u0131 g\u00f6r\u00fc\u015ft\u00fc.<\/p>\n<p><img loading=\"lazy\" decoding=\"async\" class=\"size-full wp-image-266626 alignright\" src=\"http:\/\/107.6.182.27\/tr\/wp-content\/uploads\/2022\/11\/\u0627\u0644\u0631\u0626\u064a\u0633\u064a\u0629-1-300x168-1.jpg\" alt=\"\" width=\"300\" height=\"168\" srcset=\"https:\/\/archive.sana.sy\/tr\/wp-content\/uploads\/2022\/11\/\u0627\u0644\u0631\u0626\u064a\u0633\u064a\u0629-1-300x168-1.jpg 300w, https:\/\/archive.sana.sy\/tr\/wp-content\/uploads\/2022\/11\/\u0627\u0644\u0631\u0626\u064a\u0633\u064a\u0629-1-300x168-1-150x84.jpg 150w\" sizes=\"auto, (max-width: 300px) 100vw, 300px\" \/>Enformasyon Bakan\u0131 Butrus El Hallak, bakanl\u0131\u011f\u0131n bu y\u0131l\u0131n ba\u015f\u0131ndan bu yana yapt\u0131\u011f\u0131 \u00e7al\u0131\u015fmalar ve uygulad\u0131\u011f\u0131 plan hakk\u0131nda bir sunum yaparak, bakanl\u0131\u011f\u0131n yeni medya yasas\u0131n\u0131 i\u00e7eren, ilgili t\u00fcm kamu yetkilileri taraf\u0131ndan incelenen ve Bakanlar Kurulu&#8217;nun d\u00fcnk\u00fc oturumunda onaylanan bir yasama tasla\u011f\u0131 haz\u0131rlad\u0131\u011f\u0131n\u0131 belirtti.<\/p>\n<p>El Hallak ayr\u0131ca, bu modern kanunun, \u015fu anda y\u00fcr\u00fcrl\u00fckte olan kanunun kapsamad\u0131\u011f\u0131, sosyal medya ile ilgili usuli konular\u0131 ve di\u011fer konular\u0131 dikkate alarak t\u00fcm medya geli\u015fmeleri ile uyumlu oldu\u011funu vurgulad\u0131.<\/p>\n<p>Bakan El Hallak, 1961 tarihli 186 say\u0131l\u0131 Enformasyon Bakanl\u0131\u011f\u0131&#8217;n\u0131 kuran yasan\u0131n g\u00fcncellenmesinin tamamland\u0131\u011f\u0131n\u0131 ve yak\u0131nda \u0130nsani Geli\u015fme Komitesi&#8217;ne sunulaca\u011f\u0131n\u0131 kaydederek, Enformasyon Bakan\u0131, ilgili bakanl\u0131klardaki ve kamu kurumlar\u0131ndaki medya ofislerinin canland\u0131r\u0131lmas\u0131na y\u00f6nelik \u00e7al\u0131\u015fmalar\u0131n yap\u0131ld\u0131\u011f\u0131na dikkat \u00e7ekti.<\/p>\n<p>El Hallak, \u00a0Suriye, Umman Sultanl\u0131\u011f\u0131, Rusya Federasyonu ve \u0130ran \u0130slam Cumhuriyeti aras\u0131nda bu \u00fclkelerle D\u0131\u015fi\u015fleri ve Gurbe\u00e7iler Bakanl\u0131\u011f\u0131 i\u00e7inde imzalanan anla\u015fmalar arac\u0131l\u0131\u011f\u0131yla mevcut medya i\u015fbirli\u011fi ili\u015fkilerinin \u00f6nemine de dikkat \u00e7ekti.<\/p>\n<p><a class=\"oajrlxb2 g5ia77u1 qu0x051f esr5mh6w e9989ue4 r7d6kgcz rq0escxv nhd2j8a9 nc684nl6 p7hjln8o kvgmc6g5 cxmmr5t8 oygrvhab hcukyx3x jb3vyjys rz4wbd8a qt6c0cv9 a8nywdso i1ao9s8h esuyzwwr f1sip0of lzcic4wl gpro0wi8 q66pz984 b1v8xokw\" tabindex=\"0\" role=\"link\" href=\"https:\/\/www.facebook.com\/hashtag\/telegram_kanal%C4%B1m%C4%B1z?__eep__=6&amp;__cft__[0]=AZUwYpbp75owi-bo6N78gQAXaWyC4hsfEGEXd9qqVZYqbZVZ-0duydjU_Q0Lfc9kEYTX0wX3jz6IloRFRaIAoukRErS3Ot_naTpgBho3m16yQExMKiR8eC-ghILoUjVhtSMpOVYDHeHxOSScg_QXHylsPM9bW9IfLo4OBaf6EQi8BbFC8rmkZUnIa2XAj_YzV68&amp;__tn__=*NK-R\">#Telegram_Kanal\u0131m\u0131z<\/a>:\u00a0<a class=\"oajrlxb2 g5ia77u1 qu0x051f esr5mh6w e9989ue4 r7d6kgcz rq0escxv nhd2j8a9 nc684nl6 p7hjln8o kvgmc6g5 cxmmr5t8 oygrvhab hcukyx3x jb3vyjys rz4wbd8a qt6c0cv9 a8nywdso i1ao9s8h esuyzwwr f1sip0of lzcic4wl gpro0wi8 py34i1dx\" tabindex=\"0\" role=\"link\" href=\"https:\/\/t.me\/SuriyeArapHaberAjans?fbclid=IwAR1zggy-ugq9f0ruVXGjtZmiwTjTGoLI21wAbr_se182aGYznjgbOnQV-Zk\" target=\"_blank\" rel=\"nofollow noopener\">https:\/\/t.me\/SuriyeArapHaberAjans<\/a><\/p>\n","protected":false},"excerpt":{"rendered":"<p>\u015eAM \u2013 Halk Meclisi, Meclis Ba\u015fkan\u0131 Hamuda Sabba\u011f ba\u015fkanl\u0131\u011f\u0131nda bug\u00fcn ger\u00e7ekle\u015ftirilen \u00fc\u00e7\u00fcnc\u00fc yasama d\u00f6neminin yedinci ola\u011fan oturumunun on sekizinci oturumunda, Enformasyon Bakanl\u0131\u011f\u0131&#8217;n\u0131n performans\u0131n\u0131 ve \u00e7al\u0131\u015fmalar\u0131yla ilgili konular\u0131 g\u00f6r\u00fc\u015ft\u00fc. Enformasyon Bakan\u0131 Butrus El Hallak, bakanl\u0131\u011f\u0131n bu y\u0131l\u0131n ba\u015f\u0131ndan bu yana yapt\u0131\u011f\u0131 \u00e7al\u0131\u015fmalar ve uygulad\u0131\u011f\u0131 plan hakk\u0131nda bir sunum yaparak, bakanl\u0131\u011f\u0131n yeni medya yasas\u0131n\u0131 i\u00e7eren, ilgili t\u00fcm &hellip;<\/p>\n","protected":false},"author":41,"featured_media":266625,"comment_status":"closed","ping_status":"closed","sticky":false,"template":"","format":"standard","meta":{"footnotes":""},"categories":[479,17988,478],"tags":[],"class_list":["post-266624","post","type-post","status-publish","format-standard","has-post-thumbnail","","category-haberler-yerel","category-son-haberler","category-yerel"],"_links":{"self":[{"href":"https:\/\/archive.sana.sy\/tr\/index.php?rest_route=\/wp\/v2\/posts\/266624","targetHints":{"allow":["GET"]}}],"collection":[{"href":"https:\/\/archive.sana.sy\/tr\/index.php?rest_route=\/wp\/v2\/posts"}],"about":[{"href":"https:\/\/archive.sana.sy\/tr\/index.php?rest_route=\/wp\/v2\/types\/post"}],"author":[{"embeddable":true,"href":"https:\/\/archive.sana.sy\/tr\/index.php?rest_route=\/wp\/v2\/users\/41"}],"replies":[{"embeddable":true,"href":"https:\/\/archive.sana.sy\/tr\/index.php?rest_route=%2Fwp%2Fv2%2Fcomments&post=266624"}],"version-history":[{"count":0,"href":"https:\/\/archive.sana.sy\/tr\/index.php?rest_route=\/wp\/v2\/posts\/266624\/revisions"}],"wp:featuredmedia":[{"embeddable":true,"href":"https:\/\/archive.sana.sy\/tr\/index.php?rest_route=\/wp\/v2\/media\/266625"}],"wp:attachment":[{"href":"https:\/\/archive.sana.sy\/tr\/index.php?rest_route=%2Fwp%2Fv2%2Fmedia&parent=266624"}],"wp:term":[{"taxonomy":"category","embeddable":true,"href":"https:\/\/archive.sana.sy\/tr\/index.php?rest_route=%2Fwp%2Fv2%2Fcategories&post=266624"},{"taxonomy":"post_tag","embeddable":true,"href":"https:\/\/archive.sana.sy\/tr\/index.php?rest_route=%2Fwp%2Fv2%2Ftags&post=266624"}],"curies":[{"name":"wp","href":"https:\/\/api.w.org\/{rel}","templated":true}]}}