{"id":266636,"date":"2022-11-10T09:32:15","date_gmt":"2022-11-10T07:32:15","guid":{"rendered":"http:\/\/107.6.182.27\/tr\/?p=266636"},"modified":"2022-11-11T07:57:21","modified_gmt":"2022-11-11T05:57:21","slug":"moskova-washington-baglantili-teroristler-binlerce-suriyeli-multeciyi-rukban-kampinda-canli-kalkan-olarak-kullaniyor","status":"publish","type":"post","link":"https:\/\/archive.sana.sy\/tr\/?p=266636","title":{"rendered":"Moskova: Washington Ba\u011flant\u0131l\u0131 Ter\u00f6ristler Binlerce Suriyeli M\u00fclteciyi Rukban Kamp\u0131nda Canl\u0131 Kalkan Olarak Kullan\u0131yor"},"content":{"rendered":"<p>MOSKOVA \u2013 Rusya Savunma Bakanl\u0131\u011f\u0131, Homa k\u0131rsal\u0131n\u0131n do\u011fusunda yer alan El Tenf b\u00f6lgesindeki Rukban kamp\u0131nda ABD i\u015fgal g\u00fc\u00e7lerinin destekledi\u011fi ve denetledi\u011fi ter\u00f6r \u00f6rg\u00fctlerinin binlerce Suriyeli m\u00fclteciyi canl\u0131 kalkan olarak kulland\u0131\u011f\u0131n\u0131 ilan etti.<\/p>\n<p>Rusya&#8217;n\u0131n Suriye&#8217;deki Koordinasyon Merkezi Ba\u015fkan Yard\u0131mc\u0131s\u0131 Oleg Egorov yapt\u0131\u011f\u0131 bas\u0131n a\u00e7\u0131klamas\u0131nda, &#8220;Amerika Birle\u015fik Devletleri taraf\u0131ndan y\u00f6netilen ter\u00f6r gruplar\u0131n Rukban kamp\u0131nda binlerce Suriyeli m\u00fclteciyi tuttu\u011funu ve trajik ko\u015fullar alt\u0131nda canl\u0131 kalkan olarak kulland\u0131\u011f\u0131n\u0131&#8221; s\u00f6yledi.<\/p>\n<p>D\u00fcn El Rukban kamp\u0131ndan ka\u00e7may\u0131 ba\u015faran \u00e7ok say\u0131da ki\u015fi SANA muhabirine yapt\u0131klar\u0131 a\u00e7\u0131klamalarda, \u201c\u0130\u00e7inde ya\u015fad\u0131klar\u0131 trajik ko\u015fullara ve zorlu ko\u015fullara i\u015faret ederek, \u015fantajlara maruz kald\u0131klar\u0131n\u0131 ve d\u0131\u015far\u0131 \u00e7\u0131kmalar\u0131na yard\u0131m edenlere para \u00f6dediklerini belirtti.<\/p>\n<p>Egorov, ter\u00f6ristlerin m\u00fcltecilere Rukban kamp\u0131n\u0131 terk etmelerine izin vermek i\u00e7in b\u00fcy\u00fck mebla\u011flarda para \u00f6demeleri i\u00e7in \u015fantaj yapt\u0131klar\u0131na dikkat \u00e7ekerek, ABD taraf\u0131n\u0131n, Rus Koordinasyon Merkezi uzman ekibinin insani durumu de\u011ferlendirmek i\u00e7in kampa gitmesine izin verilmesi y\u00f6n\u00fcndeki Rus \u00f6nerisini reddetti\u011fini belirtti.<\/p>\n<p><span style=\"color: #0000ff;\">#Telegram_Kanal\u0131m\u0131z: https:\/\/t.me\/SuriyeArapHaberAjans\u0131<\/span><\/p>\n","protected":false},"excerpt":{"rendered":"<p>MOSKOVA \u2013 Rusya Savunma Bakanl\u0131\u011f\u0131, Homa k\u0131rsal\u0131n\u0131n do\u011fusunda yer alan El Tenf b\u00f6lgesindeki Rukban kamp\u0131nda ABD i\u015fgal g\u00fc\u00e7lerinin destekledi\u011fi ve denetledi\u011fi ter\u00f6r \u00f6rg\u00fctlerinin binlerce Suriyeli m\u00fclteciyi canl\u0131 kalkan olarak kulland\u0131\u011f\u0131n\u0131 ilan etti. Rusya&#8217;n\u0131n Suriye&#8217;deki Koordinasyon Merkezi Ba\u015fkan Yard\u0131mc\u0131s\u0131 Oleg Egorov yapt\u0131\u011f\u0131 bas\u0131n a\u00e7\u0131klamas\u0131nda, &#8220;Amerika Birle\u015fik Devletleri taraf\u0131ndan y\u00f6netilen ter\u00f6r gruplar\u0131n Rukban kamp\u0131nda binlerce Suriyeli m\u00fclteciyi &hellip;<\/p>\n","protected":false},"author":36,"featured_media":266637,"comment_status":"closed","ping_status":"closed","sticky":false,"template":"","format":"standard","meta":{"footnotes":""},"categories":[458,459,17988],"tags":[],"class_list":["post-266636","post","type-post","status-publish","format-standard","has-post-thumbnail","","category-dunya1","category-haberler-arap-uluslararasi-politika","category-son-haberler"],"_links":{"self":[{"href":"https:\/\/archive.sana.sy\/tr\/index.php?rest_route=\/wp\/v2\/posts\/266636","targetHints":{"allow":["GET"]}}],"collection":[{"href":"https:\/\/archive.sana.sy\/tr\/index.php?rest_route=\/wp\/v2\/posts"}],"about":[{"href":"https:\/\/archive.sana.sy\/tr\/index.php?rest_route=\/wp\/v2\/types\/post"}],"author":[{"embeddable":true,"href":"https:\/\/archive.sana.sy\/tr\/index.php?rest_route=\/wp\/v2\/users\/36"}],"replies":[{"embeddable":true,"href":"https:\/\/archive.sana.sy\/tr\/index.php?rest_route=%2Fwp%2Fv2%2Fcomments&post=266636"}],"version-history":[{"count":0,"href":"https:\/\/archive.sana.sy\/tr\/index.php?rest_route=\/wp\/v2\/posts\/266636\/revisions"}],"wp:featuredmedia":[{"embeddable":true,"href":"https:\/\/archive.sana.sy\/tr\/index.php?rest_route=\/wp\/v2\/media\/266637"}],"wp:attachment":[{"href":"https:\/\/archive.sana.sy\/tr\/index.php?rest_route=%2Fwp%2Fv2%2Fmedia&parent=266636"}],"wp:term":[{"taxonomy":"category","embeddable":true,"href":"https:\/\/archive.sana.sy\/tr\/index.php?rest_route=%2Fwp%2Fv2%2Fcategories&post=266636"},{"taxonomy":"post_tag","embeddable":true,"href":"https:\/\/archive.sana.sy\/tr\/index.php?rest_route=%2Fwp%2Fv2%2Ftags&post=266636"}],"curies":[{"name":"wp","href":"https:\/\/api.w.org\/{rel}","templated":true}]}}