{"id":266645,"date":"2022-11-10T09:10:56","date_gmt":"2022-11-10T07:10:56","guid":{"rendered":"http:\/\/107.6.182.27\/tr\/?p=266645"},"modified":"2022-11-11T07:57:18","modified_gmt":"2022-11-11T05:57:18","slug":"ukraynanin-lugansk-cumhuriyetini-bombalamasi-sonucu-6-sivil-yaralandi","status":"publish","type":"post","link":"https:\/\/archive.sana.sy\/tr\/?p=266645","title":{"rendered":"Ukrayna\u2019n\u0131n Lugansk Cumhuriyeti\u2019ni bombalamas\u0131 sonucu 6 sivil yaraland\u0131"},"content":{"rendered":"<p>LUGANSK \u2013 Ukrayna g\u00fc\u00e7lerinin Lugansk Cumhuriyeti topraklar\u0131na bombard\u0131man\u0131 sonucu bug\u00fcn alt\u0131 sivil yaraland\u0131.<\/p>\n<p>Lugansk Halk Cumhuriyeti kuvvetlerinde g\u00f6revli bir subay olan Andrei Maruchko, TASS haber ajans\u0131na yapt\u0131\u011f\u0131 a\u00e7\u0131klamada, &#8220;Ukrayna silahl\u0131 kuvvetleri taraf\u0131ndan Kremenaya kentinde, NATO \u00fclkeleri taraf\u0131ndan sa\u011flanan top\u00e7u sistemleri kullan\u0131larak bombard\u0131man kaydedildi&#8221; dedi.<\/p>\n<p>Maruchko, s\u00f6z konusu bombard\u0131man sonucunda, alt\u0131 sivilin yaraland\u0131\u011f\u0131na ve tek katl\u0131 bir konutta maddi hasarlar meydana geldi\u011fine i\u015faret etti.<\/p>\n<p><span style=\"color: #0000ff;\">#Telegram_Kanal\u0131m\u0131z: https:\/\/t.me\/SuriyeArapHaberAjans\u0131<\/span><\/p>\n","protected":false},"excerpt":{"rendered":"<p>LUGANSK \u2013 Ukrayna g\u00fc\u00e7lerinin Lugansk Cumhuriyeti topraklar\u0131na bombard\u0131man\u0131 sonucu bug\u00fcn alt\u0131 sivil yaraland\u0131. Lugansk Halk Cumhuriyeti kuvvetlerinde g\u00f6revli bir subay olan Andrei Maruchko, TASS haber ajans\u0131na yapt\u0131\u011f\u0131 a\u00e7\u0131klamada, &#8220;Ukrayna silahl\u0131 kuvvetleri taraf\u0131ndan Kremenaya kentinde, NATO \u00fclkeleri taraf\u0131ndan sa\u011flanan top\u00e7u sistemleri kullan\u0131larak bombard\u0131man kaydedildi&#8221; dedi. Maruchko, s\u00f6z konusu bombard\u0131man sonucunda, alt\u0131 sivilin yaraland\u0131\u011f\u0131na ve tek katl\u0131 &hellip;<\/p>\n","protected":false},"author":36,"featured_media":266646,"comment_status":"closed","ping_status":"closed","sticky":false,"template":"","format":"standard","meta":{"footnotes":""},"categories":[458,459,17988],"tags":[],"class_list":["post-266645","post","type-post","status-publish","format-standard","has-post-thumbnail","","category-dunya1","category-haberler-arap-uluslararasi-politika","category-son-haberler"],"_links":{"self":[{"href":"https:\/\/archive.sana.sy\/tr\/index.php?rest_route=\/wp\/v2\/posts\/266645","targetHints":{"allow":["GET"]}}],"collection":[{"href":"https:\/\/archive.sana.sy\/tr\/index.php?rest_route=\/wp\/v2\/posts"}],"about":[{"href":"https:\/\/archive.sana.sy\/tr\/index.php?rest_route=\/wp\/v2\/types\/post"}],"author":[{"embeddable":true,"href":"https:\/\/archive.sana.sy\/tr\/index.php?rest_route=\/wp\/v2\/users\/36"}],"replies":[{"embeddable":true,"href":"https:\/\/archive.sana.sy\/tr\/index.php?rest_route=%2Fwp%2Fv2%2Fcomments&post=266645"}],"version-history":[{"count":0,"href":"https:\/\/archive.sana.sy\/tr\/index.php?rest_route=\/wp\/v2\/posts\/266645\/revisions"}],"wp:featuredmedia":[{"embeddable":true,"href":"https:\/\/archive.sana.sy\/tr\/index.php?rest_route=\/wp\/v2\/media\/266646"}],"wp:attachment":[{"href":"https:\/\/archive.sana.sy\/tr\/index.php?rest_route=%2Fwp%2Fv2%2Fmedia&parent=266645"}],"wp:term":[{"taxonomy":"category","embeddable":true,"href":"https:\/\/archive.sana.sy\/tr\/index.php?rest_route=%2Fwp%2Fv2%2Fcategories&post=266645"},{"taxonomy":"post_tag","embeddable":true,"href":"https:\/\/archive.sana.sy\/tr\/index.php?rest_route=%2Fwp%2Fv2%2Ftags&post=266645"}],"curies":[{"name":"wp","href":"https:\/\/api.w.org\/{rel}","templated":true}]}}