{"id":266663,"date":"2022-11-10T13:02:17","date_gmt":"2022-11-10T11:02:17","guid":{"rendered":"http:\/\/107.6.182.27\/tr\/?p=266663"},"modified":"2022-11-11T07:57:52","modified_gmt":"2022-11-11T05:57:52","slug":"enformasyon-bakani-pakistan-buyukelcisi-ile-iki-ulke-arasindaki-mevcut-mutabakat-muhtirasinin-gelisimini-gorustu","status":"publish","type":"post","link":"https:\/\/archive.sana.sy\/tr\/?p=266663","title":{"rendered":"Enformasyon Bakan\u0131, Pakistan B\u00fcy\u00fckel\u00e7isi \u0130le \u0130ki \u00dclke Aras\u0131ndaki Mevcut Mutabakat Muht\u0131ras\u0131n\u0131n Geli\u015fimini G\u00f6r\u00fc\u015ft\u00fc"},"content":{"rendered":"<p>\u015eAM \u2013 Enformasyon Bakan\u0131 Dr. Dr. Butros Al Hallak bug\u00fcn Pakistan \u0130slam Cumhuriyeti B\u00fcy\u00fckel\u00e7isi \u015eahid Ahtar ile iki \u00fclke aras\u0131ndaki mevcut mutabakat muht\u0131ralar\u0131n\u0131 geli\u015ftirerek ve iki \u00fclkenin medya alan\u0131ndaki deneyimlerinden faydalanmak i\u00e7in y\u00fcr\u00fctme programlar\u0131 belirleyerek i\u015fbirli\u011fini geli\u015ftirmenin yollar\u0131n\u0131 g\u00f6r\u00fc\u015ft\u00fc.<\/p>\n<p>Enformasyon Bakanl\u0131\u011f\u0131 binas\u0131nda ger\u00e7ekle\u015ftirilen g\u00f6r\u00fc\u015fmede Bakan El Hallak, Suriye sava\u015f\u0131nda medyan\u0131n bilgi ve ger\u00e7ekleri aktarmadaki rol\u00fcn\u00fc vurgularak, Bat\u0131 medyas\u0131 ve ileti\u015fim kurumlar\u0131n\u0131n a\u011fdaki ve \u201cSosyal Medya\u201ddaki Suriye i\u00e7eri\u011fine y\u00f6nelik uygulad\u0131\u011f\u0131 k\u0131s\u0131tlama ve engellemeye at\u0131fta bulundu.<\/p>\n<p>Pakistan B\u00fcy\u00fckel\u00e7isi ise, gazetecilere kar\u015f\u0131l\u0131kl\u0131 ziyaretlerin, iki \u00fclke hakk\u0131nda belgeseller \u00e7ekmenin, Ve Pakistan dizileri i\u00e7in Suriye drama ve dublaj\u0131ndan yararlan\u0131n, ve drama ve ortak yap\u0131mlar ger\u00e7ekle\u015ftirme imkan\u0131 ile iki \u00fclkenin halklar\u0131n\u0131 kendi k\u00fclt\u00fcrleriyle tan\u0131tman\u0131n \u00f6nemini vurgulad\u0131.<\/p>\n<p><span style=\"color: #0000ff;\">#Telegram_Kanal\u0131m\u0131z: https:\/\/t.me\/SuriyeArapHaberAjans\u0131<\/span><\/p>\n<div>\n<div id='gallery-1' class='gallery galleryid-266663 gallery-columns-2 gallery-size-full'><figure class='gallery-item'>\n\t\t\t<div class='gallery-icon landscape'>\n\t\t\t\t<a href='https:\/\/archive.sana.sy\/tr\/wp-content\/uploads\/2022\/11\/ROD_9980.jpg'><img loading=\"lazy\" decoding=\"async\" width=\"556\" height=\"370\" src=\"https:\/\/archive.sana.sy\/tr\/wp-content\/uploads\/2022\/11\/ROD_9980.jpg\" class=\"attachment-full size-full\" alt=\"\" srcset=\"https:\/\/archive.sana.sy\/tr\/wp-content\/uploads\/2022\/11\/ROD_9980.jpg 556w, https:\/\/archive.sana.sy\/tr\/wp-content\/uploads\/2022\/11\/ROD_9980-300x200.jpg 300w, https:\/\/archive.sana.sy\/tr\/wp-content\/uploads\/2022\/11\/ROD_9980-150x100.jpg 150w, https:\/\/archive.sana.sy\/tr\/wp-content\/uploads\/2022\/11\/ROD_9980-310x205.jpg 310w\" sizes=\"auto, (max-width: 556px) 100vw, 556px\" \/><\/a>\n\t\t\t<\/div><\/figure><figure class='gallery-item'>\n\t\t\t<div class='gallery-icon landscape'>\n\t\t\t\t<a href='https:\/\/archive.sana.sy\/tr\/wp-content\/uploads\/2022\/11\/ROD_9987.jpg'><img loading=\"lazy\" decoding=\"async\" width=\"660\" height=\"439\" src=\"https:\/\/archive.sana.sy\/tr\/wp-content\/uploads\/2022\/11\/ROD_9987.jpg\" class=\"attachment-full size-full\" alt=\"\" srcset=\"https:\/\/archive.sana.sy\/tr\/wp-content\/uploads\/2022\/11\/ROD_9987.jpg 660w, https:\/\/archive.sana.sy\/tr\/wp-content\/uploads\/2022\/11\/ROD_9987-300x200.jpg 300w, https:\/\/archive.sana.sy\/tr\/wp-content\/uploads\/2022\/11\/ROD_9987-150x100.jpg 150w, https:\/\/archive.sana.sy\/tr\/wp-content\/uploads\/2022\/11\/ROD_9987-310x205.jpg 310w\" sizes=\"auto, (max-width: 660px) 100vw, 660px\" \/><\/a>\n\t\t\t<\/div><\/figure>\n\t\t<\/div>\n\n<\/div>\n","protected":false},"excerpt":{"rendered":"<p>\u015eAM \u2013 Enformasyon Bakan\u0131 Dr. Dr. Butros Al Hallak bug\u00fcn Pakistan \u0130slam Cumhuriyeti B\u00fcy\u00fckel\u00e7isi \u015eahid Ahtar ile iki \u00fclke aras\u0131ndaki mevcut mutabakat muht\u0131ralar\u0131n\u0131 geli\u015ftirerek ve iki \u00fclkenin medya alan\u0131ndaki deneyimlerinden faydalanmak i\u00e7in y\u00fcr\u00fctme programlar\u0131 belirleyerek i\u015fbirli\u011fini geli\u015ftirmenin yollar\u0131n\u0131 g\u00f6r\u00fc\u015ft\u00fc. Enformasyon Bakanl\u0131\u011f\u0131 binas\u0131nda ger\u00e7ekle\u015ftirilen g\u00f6r\u00fc\u015fmede Bakan El Hallak, Suriye sava\u015f\u0131nda medyan\u0131n bilgi ve ger\u00e7ekleri aktarmadaki rol\u00fcn\u00fc &hellip;<\/p>\n","protected":false},"author":36,"featured_media":266666,"comment_status":"closed","ping_status":"closed","sticky":false,"template":"","format":"standard","meta":{"footnotes":""},"categories":[596,479,17988,478],"tags":[],"class_list":["post-266663","post","type-post","status-publish","format-standard","has-post-thumbnail","","category-fotografli-raporlar","category-haberler-yerel","category-son-haberler","category-yerel"],"_links":{"self":[{"href":"https:\/\/archive.sana.sy\/tr\/index.php?rest_route=\/wp\/v2\/posts\/266663","targetHints":{"allow":["GET"]}}],"collection":[{"href":"https:\/\/archive.sana.sy\/tr\/index.php?rest_route=\/wp\/v2\/posts"}],"about":[{"href":"https:\/\/archive.sana.sy\/tr\/index.php?rest_route=\/wp\/v2\/types\/post"}],"author":[{"embeddable":true,"href":"https:\/\/archive.sana.sy\/tr\/index.php?rest_route=\/wp\/v2\/users\/36"}],"replies":[{"embeddable":true,"href":"https:\/\/archive.sana.sy\/tr\/index.php?rest_route=%2Fwp%2Fv2%2Fcomments&post=266663"}],"version-history":[{"count":0,"href":"https:\/\/archive.sana.sy\/tr\/index.php?rest_route=\/wp\/v2\/posts\/266663\/revisions"}],"wp:featuredmedia":[{"embeddable":true,"href":"https:\/\/archive.sana.sy\/tr\/index.php?rest_route=\/wp\/v2\/media\/266666"}],"wp:attachment":[{"href":"https:\/\/archive.sana.sy\/tr\/index.php?rest_route=%2Fwp%2Fv2%2Fmedia&parent=266663"}],"wp:term":[{"taxonomy":"category","embeddable":true,"href":"https:\/\/archive.sana.sy\/tr\/index.php?rest_route=%2Fwp%2Fv2%2Fcategories&post=266663"},{"taxonomy":"post_tag","embeddable":true,"href":"https:\/\/archive.sana.sy\/tr\/index.php?rest_route=%2Fwp%2Fv2%2Ftags&post=266663"}],"curies":[{"name":"wp","href":"https:\/\/api.w.org\/{rel}","templated":true}]}}