{"id":266672,"date":"2022-11-10T09:33:53","date_gmt":"2022-11-10T07:33:53","guid":{"rendered":"http:\/\/107.6.182.27\/tr\/?p=266672"},"modified":"2022-11-11T07:57:25","modified_gmt":"2022-11-11T05:57:25","slug":"abdullehyan-alman-mudahalelerine-tepkimiz-belirleyici-olacaktir","status":"publish","type":"post","link":"https:\/\/archive.sana.sy\/tr\/?p=266672","title":{"rendered":"Abd\u00fcllehyan: Alman M\u00fcdahalelerine Tepkimiz Belirleyici Olacakt\u0131r"},"content":{"rendered":"<p>TAHRAN \u2013 \u0130ran D\u0131\u015fi\u015fleri Bakan\u0131\u00a0 H\u00fcseyin Emir Abd\u00fcllehyan, Berlin&#8217;in &#8220;k\u0131\u015fk\u0131rt\u0131c\u0131, m\u00fcdahaleci ve diplomatik olmayan tutumlar\u0131n\u0131n olgunlu\u011fu g\u00f6stermedi\u011fini ve \u0130ran taraf\u0131ndan kararl\u0131 bir yan\u0131tla kar\u015f\u0131lanaca\u011f\u0131n\u0131&#8221; vurgulad\u0131.<\/p>\n<p>Abd\u00fcllehyan, bug\u00fcn Twitter&#8217;da Alman mevkida\u015f\u0131 Annalina Barbock&#8217;a hitaben yay\u0131nlad\u0131\u011f\u0131 bir tweette: &#8220;Almanya ortak zorluklarla y\u00fczle\u015fmek veya y\u00fczle\u015fmek i\u00e7in angajman ve i\u015fbirli\u011fi yolunu se\u00e7ebilir ve bizim tepkimiz belirleyici ve Almanya&#8217;n\u0131n pozisyonuyla orant\u0131l\u0131 olacakt\u0131r&#8221; dedi.<\/p>\n<p><span style=\"color: #0000ff;\">#Telegram_Kanal\u0131m\u0131z: https:\/\/t.me\/SuriyeArapHaberAjans\u0131<\/span><\/p>\n","protected":false},"excerpt":{"rendered":"<p>TAHRAN \u2013 \u0130ran D\u0131\u015fi\u015fleri Bakan\u0131\u00a0 H\u00fcseyin Emir Abd\u00fcllehyan, Berlin&#8217;in &#8220;k\u0131\u015fk\u0131rt\u0131c\u0131, m\u00fcdahaleci ve diplomatik olmayan tutumlar\u0131n\u0131n olgunlu\u011fu g\u00f6stermedi\u011fini ve \u0130ran taraf\u0131ndan kararl\u0131 bir yan\u0131tla kar\u015f\u0131lanaca\u011f\u0131n\u0131&#8221; vurgulad\u0131. Abd\u00fcllehyan, bug\u00fcn Twitter&#8217;da Alman mevkida\u015f\u0131 Annalina Barbock&#8217;a hitaben yay\u0131nlad\u0131\u011f\u0131 bir tweette: &#8220;Almanya ortak zorluklarla y\u00fczle\u015fmek veya y\u00fczle\u015fmek i\u00e7in angajman ve i\u015fbirli\u011fi yolunu se\u00e7ebilir ve bizim tepkimiz belirleyici ve Almanya&#8217;n\u0131n pozisyonuyla &hellip;<\/p>\n","protected":false},"author":36,"featured_media":266673,"comment_status":"closed","ping_status":"closed","sticky":false,"template":"","format":"standard","meta":{"footnotes":""},"categories":[458,459,17988],"tags":[],"class_list":["post-266672","post","type-post","status-publish","format-standard","has-post-thumbnail","","category-dunya1","category-haberler-arap-uluslararasi-politika","category-son-haberler"],"_links":{"self":[{"href":"https:\/\/archive.sana.sy\/tr\/index.php?rest_route=\/wp\/v2\/posts\/266672","targetHints":{"allow":["GET"]}}],"collection":[{"href":"https:\/\/archive.sana.sy\/tr\/index.php?rest_route=\/wp\/v2\/posts"}],"about":[{"href":"https:\/\/archive.sana.sy\/tr\/index.php?rest_route=\/wp\/v2\/types\/post"}],"author":[{"embeddable":true,"href":"https:\/\/archive.sana.sy\/tr\/index.php?rest_route=\/wp\/v2\/users\/36"}],"replies":[{"embeddable":true,"href":"https:\/\/archive.sana.sy\/tr\/index.php?rest_route=%2Fwp%2Fv2%2Fcomments&post=266672"}],"version-history":[{"count":0,"href":"https:\/\/archive.sana.sy\/tr\/index.php?rest_route=\/wp\/v2\/posts\/266672\/revisions"}],"wp:featuredmedia":[{"embeddable":true,"href":"https:\/\/archive.sana.sy\/tr\/index.php?rest_route=\/wp\/v2\/media\/266673"}],"wp:attachment":[{"href":"https:\/\/archive.sana.sy\/tr\/index.php?rest_route=%2Fwp%2Fv2%2Fmedia&parent=266672"}],"wp:term":[{"taxonomy":"category","embeddable":true,"href":"https:\/\/archive.sana.sy\/tr\/index.php?rest_route=%2Fwp%2Fv2%2Fcategories&post=266672"},{"taxonomy":"post_tag","embeddable":true,"href":"https:\/\/archive.sana.sy\/tr\/index.php?rest_route=%2Fwp%2Fv2%2Ftags&post=266672"}],"curies":[{"name":"wp","href":"https:\/\/api.w.org\/{rel}","templated":true}]}}