{"id":2667,"date":"2014-06-10T13:59:29","date_gmt":"2014-06-10T10:59:29","guid":{"rendered":"http:\/\/sanasyria.org\/tr\/?p=2667"},"modified":"2014-06-14T13:32:54","modified_gmt":"2014-06-14T10:32:54","slug":"secimler-suriye-halkinin-gucunu-ibraz-etti","status":"publish","type":"post","link":"https:\/\/archive.sana.sy\/tr\/?p=2667","title":{"rendered":"El Esad Se\u00e7im Adaylar\u0131 Nuri ve Haccar&#8217;\u0131 Kabul Etti"},"content":{"rendered":"<p><span style=\"color: #800000\">\u015eAM \u2013<\/span> Cumhurba\u015fkan\u0131 Be\u015f\u015far el Esad bug\u00fcn 3 Haziran tarihinde yap\u0131lan cumhurba\u015fkanl\u0131\u011f\u0131 se\u00e7imlerinde adaylar Hassan el Nuri ve Mahir Haccar\u2019\u0131 ayr\u0131 ayr\u0131 kabul etti.<\/p>\n<p>G\u00f6r\u00fc\u015fmede Nuri cumhurba\u015fkanl\u0131\u011f\u0131 se\u00e7imlerinin \u015feffaf ve d\u00fcr\u00fcst bir ortamda yap\u0131ld\u0131\u011f\u0131n\u0131, on y\u0131llardan beri Suriye&#8217;nin \u00e7ok partili siyasi sistemle tan\u0131k oldu\u011fu ilk se\u00e7imler olmas\u0131yla demokrasi ilkelerini peki\u015ftirme yolunda \u00f6nemli bir ad\u0131m te\u015fkil etti\u011fini belirtti.<\/p>\n<p>Cumhurba\u015fkan\u0131 el Esad se\u00e7im s\u00fcrecinin ba\u015far\u0131l\u0131 olmas\u0131yla birlikte vatanda\u015flar\u0131n yo\u011fun bir \u015fekilde kat\u0131lmalar\u0131n\u0131n Suriye halk\u0131n\u0131n g\u00fcc\u00fcn\u00fc a\u00e7\u0131k bir \u015fekilde ibraz etti\u011fini vurgulad\u0131. El Esad se\u00e7im s\u00fcrecinin ba\u015far\u0131s\u0131 ve sa\u011flanan yo\u011fun kat\u0131l\u0131m\u0131n ayn\u0131 zamanda Suriye&#8217;nin tan\u0131k oldu\u011fu zor ve istisnai ko\u015fullarla birlikte kimi d\u0131\u015f taraflar\u0131n kendi iradelerini Suriyelilere dayatmaya \u00e7al\u0131\u015fmalar\u0131na ra\u011fmen Suriye halk\u0131n\u0131n egemen ve h\u00fcr karar\u0131na s\u0131ms\u0131k\u0131 tutuldu\u011funu ortaya koydu\u011funun alt\u0131n\u0131 \u00e7izdi.<\/p>\n<p>Cumhurba\u015fkan\u0131 el Esad se\u00e7imleri kazanmas\u0131 m\u00fcnasebetiyle kendisini tebrik eden Nuri\u2019ye \u015f\u00fckranlar\u0131n\u0131 ifade etti.<\/p>\n<p><a href=\"http:\/\/sanasyria.org\/tr\/wp-content\/uploads\/2014\/06\/az-1.jpg\"><img loading=\"lazy\" decoding=\"async\" class=\"aligncenter wp-image-2676 size-full\" src=\"http:\/\/sanasyria.org\/tr\/wp-content\/uploads\/2014\/06\/az-1.jpg\" alt=\"az 1\" width=\"620\" height=\"330\" srcset=\"https:\/\/archive.sana.sy\/tr\/wp-content\/uploads\/2014\/06\/az-1.jpg 620w, https:\/\/archive.sana.sy\/tr\/wp-content\/uploads\/2014\/06\/az-1-150x79.jpg 150w, https:\/\/archive.sana.sy\/tr\/wp-content\/uploads\/2014\/06\/az-1-300x160.jpg 300w\" sizes=\"auto, (max-width: 620px) 100vw, 620px\" \/><\/a><\/p>\n<p><strong>En B\u00fcy\u00fck Zafer Suriye Halk\u0131n\u0131n Zaferidir<\/strong><\/p>\n<p>G\u00f6r\u00fc\u015fmede Haccar Suriye halk\u0131n\u0131n se\u00e7imler arac\u0131l\u0131\u011f\u0131 ile el Esad\u2019a verdikleri b\u00fcy\u00fck g\u00fcvenin, bu halk\u0131n yurdun her yerinden tamamen bertaraf edilinceye dek ter\u00f6re kar\u015f\u0131 sava\u015f\u0131 s\u00fcrd\u00fcrme azim ve kararl\u0131l\u0131\u011f\u0131n\u0131 vurgulad\u0131\u011f\u0131n\u0131 ifade etti. Ayn\u0131 zamanda Suriye&#8217;nin her yerine g\u00fcvenlik ve istikrar\u0131n geri d\u00f6nmesiyle birlikte daha iyi bir gelece\u011fe emin ad\u0131mlarla ilerleme h\u0131rs\u0131n\u0131 ortaya koydu\u011funu s\u00f6zlerine ekledi.<\/p>\n<p>Cumhurba\u015fkan\u0131 el Esad nitelik a\u00e7\u0131s\u0131ndan ilk olarak Suriye&#8217;de ya\u015fanan bu deneyimin g\u00fczel \u00e7a\u011fda\u015f bir deneyim olup Suriyelilerin demokrasiyi uygulamada bilin\u00e7 ve k\u00fclt\u00fcrlerini ibraz etti\u011fini ifade etti.<\/p>\n<p>Suriye halk\u0131n\u0131n t\u00fcm meydan okumalara ve dayatmalara ra\u011fmen azim ve iradeyle kendi s\u00f6z\u00fcn\u00fc s\u00f6yledi\u011fine i\u015faret eden el Esad; bu se\u00e7imlerde en b\u00fcy\u00fck zaferin Suriye halk\u0131n\u0131n zaferi oldu\u011funu belirtti.<\/p>\n<p>G\u00f6r\u00fc\u015fmede el Esad se\u00e7imleri kazanmas\u0131ndan dolay\u0131 kendisini tebrik eden Haccar\u2019a \u015f\u00fckranlar\u0131n\u0131 dile getirdi.<\/p>\n<p><img loading=\"lazy\" decoding=\"async\" class=\"aligncenter wp-image-2680 size-full\" src=\"http:\/\/sanasyria.org\/tr\/wp-content\/uploads\/2014\/06\/az-5.jpg\" alt=\"az 5\" width=\"620\" height=\"330\" srcset=\"https:\/\/archive.sana.sy\/tr\/wp-content\/uploads\/2014\/06\/az-5.jpg 620w, https:\/\/archive.sana.sy\/tr\/wp-content\/uploads\/2014\/06\/az-5-150x79.jpg 150w, https:\/\/archive.sana.sy\/tr\/wp-content\/uploads\/2014\/06\/az-5-300x160.jpg 300w\" sizes=\"auto, (max-width: 620px) 100vw, 620px\" \/><\/p>\n<p><img loading=\"lazy\" decoding=\"async\" class=\"aligncenter wp-image-2679 size-full\" src=\"http:\/\/sanasyria.org\/tr\/wp-content\/uploads\/2014\/06\/az-4.jpg\" alt=\"az 4\" width=\"620\" height=\"330\" srcset=\"https:\/\/archive.sana.sy\/tr\/wp-content\/uploads\/2014\/06\/az-4.jpg 620w, https:\/\/archive.sana.sy\/tr\/wp-content\/uploads\/2014\/06\/az-4-150x79.jpg 150w, https:\/\/archive.sana.sy\/tr\/wp-content\/uploads\/2014\/06\/az-4-300x160.jpg 300w\" sizes=\"auto, (max-width: 620px) 100vw, 620px\" \/><\/p>\n<p>&nbsp;<\/p>\n","protected":false},"excerpt":{"rendered":"<p>\u015eAM \u2013 Cumhurba\u015fkan\u0131 Be\u015f\u015far el Esad bug\u00fcn 3 Haziran tarihinde yap\u0131lan cumhurba\u015fkanl\u0131\u011f\u0131 se\u00e7imlerinde adaylar Hassan el Nuri ve Mahir Haccar\u2019\u0131 ayr\u0131 ayr\u0131 kabul etti. G\u00f6r\u00fc\u015fmede Nuri cumhurba\u015fkanl\u0131\u011f\u0131 se\u00e7imlerinin \u015feffaf ve d\u00fcr\u00fcst bir ortamda yap\u0131ld\u0131\u011f\u0131n\u0131, on y\u0131llardan beri Suriye&#8217;nin \u00e7ok partili siyasi sistemle tan\u0131k oldu\u011fu ilk se\u00e7imler olmas\u0131yla demokrasi ilkelerini peki\u015ftirme yolunda \u00f6nemli bir ad\u0131m te\u015fkil &hellip;<\/p>\n","protected":false},"author":1,"featured_media":2678,"comment_status":"closed","ping_status":"closed","sticky":false,"template":"","format":"standard","meta":{"footnotes":""},"categories":[608,479,447,605,478],"tags":[602,600],"class_list":["post-2667","post","type-post","status-publish","format-standard","has-post-thumbnail","","category-etkinlikler","category-haberler-yerel","category-politika","category-sayin-cumhurbaskani","category-yerel","tag-el-esad-secim-adaylari-nuri-ve-haccari-kabul-etti","tag-secimler-suriye-halkinin-gucunu-ibraz-etti"],"_links":{"self":[{"href":"https:\/\/archive.sana.sy\/tr\/index.php?rest_route=\/wp\/v2\/posts\/2667","targetHints":{"allow":["GET"]}}],"collection":[{"href":"https:\/\/archive.sana.sy\/tr\/index.php?rest_route=\/wp\/v2\/posts"}],"about":[{"href":"https:\/\/archive.sana.sy\/tr\/index.php?rest_route=\/wp\/v2\/types\/post"}],"author":[{"embeddable":true,"href":"https:\/\/archive.sana.sy\/tr\/index.php?rest_route=\/wp\/v2\/users\/1"}],"replies":[{"embeddable":true,"href":"https:\/\/archive.sana.sy\/tr\/index.php?rest_route=%2Fwp%2Fv2%2Fcomments&post=2667"}],"version-history":[{"count":0,"href":"https:\/\/archive.sana.sy\/tr\/index.php?rest_route=\/wp\/v2\/posts\/2667\/revisions"}],"wp:featuredmedia":[{"embeddable":true,"href":"https:\/\/archive.sana.sy\/tr\/index.php?rest_route=\/wp\/v2\/media\/2678"}],"wp:attachment":[{"href":"https:\/\/archive.sana.sy\/tr\/index.php?rest_route=%2Fwp%2Fv2%2Fmedia&parent=2667"}],"wp:term":[{"taxonomy":"category","embeddable":true,"href":"https:\/\/archive.sana.sy\/tr\/index.php?rest_route=%2Fwp%2Fv2%2Fcategories&post=2667"},{"taxonomy":"post_tag","embeddable":true,"href":"https:\/\/archive.sana.sy\/tr\/index.php?rest_route=%2Fwp%2Fv2%2Ftags&post=2667"}],"curies":[{"name":"wp","href":"https:\/\/api.w.org\/{rel}","templated":true}]}}