{"id":266715,"date":"2022-11-11T22:50:00","date_gmt":"2022-11-11T20:50:00","guid":{"rendered":"http:\/\/107.6.182.27\/tr\/?p=266715"},"modified":"2022-11-13T08:09:25","modified_gmt":"2022-11-13T06:09:25","slug":"turk-isgali-ebu-raseyn-ve-cevresine-yonelik-saldirilarini-yeniledi-2","status":"publish","type":"post","link":"https:\/\/archive.sana.sy\/tr\/?p=266715","title":{"rendered":"T\u00fcrk \u0130\u015fgali Ebu Raseyn Ve \u00c7evresine Y\u00f6nelik Sald\u0131r\u0131lar\u0131n\u0131 Yeniledi"},"content":{"rendered":"<p>HASEKE \u2013 T\u00fcrk i\u015fgal g\u00fc\u00e7leri ve onlara ba\u011fl\u0131 ter\u00f6ristler, Haseke k\u0131rsal\u0131n\u0131n kuzeybat\u0131s\u0131nda yer alan Ebu Raseyn beldesini ve \u00e7evresindeki \u00e7ok say\u0131da k\u00f6y\u00fc top\u00e7u ate\u015fiyle bombalad\u0131.<\/p>\n<p>Yerel \u00a0kaynaklar SANA muhabirine yapt\u0131\u011f\u0131 a\u00e7\u0131klamada, T\u00fcrk i\u015fgal g\u00fc\u00e7lerinin Ebu Raseyn beldesine \u00a0ve Suriye Arap Ordusu ile T\u00fcrk i\u015fgal g\u00fc\u00e7leri karas\u0131ndaki temas hatlar\u0131nda bulunan bir dizi k\u00f6ye top\u00e7u ile sald\u0131rd\u0131\u011f\u0131n\u0131 s\u00f6yledi.<\/p>\n<p>Kaynaklar, top\u00e7u ate\u015finin sabah saat ikiden birka\u00e7 saat devam etti\u011fini ve baz\u0131 evlerde ciddi maddi hasara yol a\u00e7t\u0131\u011f\u0131n\u0131 belirtti.<\/p>\n<p><a class=\"x1i10hfl xjbqb8w x6umtig x1b1mbwd xaqea5y xav7gou x9f619 x1ypdohk xt0psk2 xe8uvvx xdj266r x11i5rnm xat24cr x1mh8g0r xexx8yu x4uap5 x18d9i69 xkhd6sd x16tdsg8 x1hl2dhg xggy1nq x1a2a7pz xt0b8zv x1qq9wsj xo1l8bm\" tabindex=\"0\" role=\"link\" href=\"https:\/\/www.facebook.com\/hashtag\/telegram_kanal%C4%B1m%C4%B1z?__eep__=6&amp;__cft__[0]=AZWda9545zcnDDGg1BiyBm_zLD5bnK19szOcaRMlf3N8yprGSOl8fdDzpSk_oWoE1ZNd9r53YFeYbPR8S2-4Id-NunljPtN0YQjXo6Va8u-7BL0RRsSV25qOhM4GGLjBz6W7lKxZSBJXb0v_qMuaIFy50GU9RMMwUHs2jPhUGfrI4GDDlFLoFrLlBzE_wHDJKZ4&amp;__tn__=*NK-R\">#Telegram_Kanal\u0131m\u0131z<\/a>:\u00a0<a class=\"x1i10hfl xjbqb8w x6umtig x1b1mbwd xaqea5y xav7gou x9f619 x1ypdohk xt0psk2 xe8uvvx xdj266r x11i5rnm xat24cr x1mh8g0r xexx8yu x4uap5 x18d9i69 xkhd6sd x16tdsg8 x1hl2dhg xggy1nq x1a2a7pz xt0b8zv x1fey0fg\" tabindex=\"0\" role=\"link\" href=\"https:\/\/t.me\/SuriyeArapHaberAjans?fbclid=IwAR0y6bKux2a0PbzaPFoVxOwtnBDAoWq1C0N4TAzR1MECwbEi_W471ZRga4A\" target=\"_blank\" rel=\"nofollow noopener\">https:\/\/t.me\/SuriyeArapHaberAjans<\/a><\/p>\n","protected":false},"excerpt":{"rendered":"<p>HASEKE \u2013 T\u00fcrk i\u015fgal g\u00fc\u00e7leri ve onlara ba\u011fl\u0131 ter\u00f6ristler, Haseke k\u0131rsal\u0131n\u0131n kuzeybat\u0131s\u0131nda yer alan Ebu Raseyn beldesini ve \u00e7evresindeki \u00e7ok say\u0131da k\u00f6y\u00fc top\u00e7u ate\u015fiyle bombalad\u0131. Yerel \u00a0kaynaklar SANA muhabirine yapt\u0131\u011f\u0131 a\u00e7\u0131klamada, T\u00fcrk i\u015fgal g\u00fc\u00e7lerinin Ebu Raseyn beldesine \u00a0ve Suriye Arap Ordusu ile T\u00fcrk i\u015fgal g\u00fc\u00e7leri karas\u0131ndaki temas hatlar\u0131nda bulunan bir dizi k\u00f6ye top\u00e7u ile sald\u0131rd\u0131\u011f\u0131n\u0131 &hellip;<\/p>\n","protected":false},"author":36,"featured_media":266716,"comment_status":"closed","ping_status":"closed","sticky":false,"template":"","format":"standard","meta":{"footnotes":""},"categories":[479,575,17988,2554,2555,478],"tags":[],"class_list":["post-266715","post","type-post","status-publish","format-standard","has-post-thumbnail","","category-haberler-yerel","category-olaylar-ve-gercekler","category-son-haberler","category-suriye-ve-dunya","category-suriye-ve-turkiye","category-yerel"],"_links":{"self":[{"href":"https:\/\/archive.sana.sy\/tr\/index.php?rest_route=\/wp\/v2\/posts\/266715","targetHints":{"allow":["GET"]}}],"collection":[{"href":"https:\/\/archive.sana.sy\/tr\/index.php?rest_route=\/wp\/v2\/posts"}],"about":[{"href":"https:\/\/archive.sana.sy\/tr\/index.php?rest_route=\/wp\/v2\/types\/post"}],"author":[{"embeddable":true,"href":"https:\/\/archive.sana.sy\/tr\/index.php?rest_route=\/wp\/v2\/users\/36"}],"replies":[{"embeddable":true,"href":"https:\/\/archive.sana.sy\/tr\/index.php?rest_route=%2Fwp%2Fv2%2Fcomments&post=266715"}],"version-history":[{"count":0,"href":"https:\/\/archive.sana.sy\/tr\/index.php?rest_route=\/wp\/v2\/posts\/266715\/revisions"}],"wp:featuredmedia":[{"embeddable":true,"href":"https:\/\/archive.sana.sy\/tr\/index.php?rest_route=\/wp\/v2\/media\/266716"}],"wp:attachment":[{"href":"https:\/\/archive.sana.sy\/tr\/index.php?rest_route=%2Fwp%2Fv2%2Fmedia&parent=266715"}],"wp:term":[{"taxonomy":"category","embeddable":true,"href":"https:\/\/archive.sana.sy\/tr\/index.php?rest_route=%2Fwp%2Fv2%2Fcategories&post=266715"},{"taxonomy":"post_tag","embeddable":true,"href":"https:\/\/archive.sana.sy\/tr\/index.php?rest_route=%2Fwp%2Fv2%2Ftags&post=266715"}],"curies":[{"name":"wp","href":"https:\/\/api.w.org\/{rel}","templated":true}]}}