{"id":266718,"date":"2022-11-11T19:54:31","date_gmt":"2022-11-11T17:54:31","guid":{"rendered":"http:\/\/107.6.182.27\/tr\/?p=266718"},"modified":"2022-11-13T08:08:54","modified_gmt":"2022-11-13T06:08:54","slug":"vershinin-caferi-ile-suriye-ve-bolgedeki-durumu-gorustu","status":"publish","type":"post","link":"https:\/\/archive.sana.sy\/tr\/?p=266718","title":{"rendered":"Vershinin, Caferi ile Suriye Ve B\u00f6lgedeki Durumu G\u00f6r\u00fc\u015ft\u00fc"},"content":{"rendered":"<p>MOSKOVA \u2013 Rusya D\u0131\u015fi\u015fleri Bakan Yard\u0131mc\u0131s\u0131 Sergei Vershinin, Moskova&#8217;daki Suriye B\u00fcy\u00fckel\u00e7isi Dr. Be\u015far El Caferi ile Suriye ve b\u00f6lgedeki durumu ve iki \u00fclke aras\u0131ndaki s\u00fcrekli koordinasyonu g\u00f6r\u00fc\u015ft\u00fc.<\/p>\n<p>Rusya D\u0131\u015fi\u015fleri Bakanl\u0131\u011f\u0131&#8217;ndan yap\u0131lan a\u00e7\u0131klamada, toplant\u0131da Suriye&#8217;de uluslararas\u0131 hukuk kurallar\u0131na uymak i\u00e7in uluslararas\u0131 eylem gere\u011finin vurguland\u0131\u011f\u0131 ve bunun tek tarafl\u0131 ekonomik yapt\u0131r\u0131mlar\u0131n kald\u0131r\u0131lmas\u0131na ve acil \u00f6neme sahip sivil altyap\u0131 projelerinin yeniden in\u015fas\u0131na yol a\u00e7aca\u011f\u0131 belirtildi.<\/p>\n<p>Toplant\u0131da ayr\u0131ca, Suriyelilerin Birle\u015fmi\u015f Milletler&#8217;in deste\u011fiyle y\u00fcr\u00fctt\u00fc\u011f\u00fc siyasi s\u00fcrecin \u00f6z\u00fcnde Suriye Arap Cumhuriyeti&#8217;nin egemenli\u011fine, ba\u011f\u0131ms\u0131zl\u0131\u011f\u0131na, birli\u011fine ve toprak b\u00fct\u00fcnl\u00fc\u011f\u00fcne sayg\u0131 g\u00f6sterilmesinin gereklili\u011fi vurguland\u0131.<\/p>\n<p><a class=\"x1i10hfl xjbqb8w x6umtig x1b1mbwd xaqea5y xav7gou x9f619 x1ypdohk xt0psk2 xe8uvvx xdj266r x11i5rnm xat24cr x1mh8g0r xexx8yu x4uap5 x18d9i69 xkhd6sd x16tdsg8 x1hl2dhg xggy1nq x1a2a7pz xt0b8zv x1qq9wsj xo1l8bm\" tabindex=\"0\" role=\"link\" href=\"https:\/\/www.facebook.com\/hashtag\/telegram_kanal%C4%B1m%C4%B1z?__eep__=6&amp;__cft__[0]=AZWda9545zcnDDGg1BiyBm_zLD5bnK19szOcaRMlf3N8yprGSOl8fdDzpSk_oWoE1ZNd9r53YFeYbPR8S2-4Id-NunljPtN0YQjXo6Va8u-7BL0RRsSV25qOhM4GGLjBz6W7lKxZSBJXb0v_qMuaIFy50GU9RMMwUHs2jPhUGfrI4GDDlFLoFrLlBzE_wHDJKZ4&amp;__tn__=*NK-R\">#Telegram_Kanal\u0131m\u0131z<\/a>:\u00a0<a class=\"x1i10hfl xjbqb8w x6umtig x1b1mbwd xaqea5y xav7gou x9f619 x1ypdohk xt0psk2 xe8uvvx xdj266r x11i5rnm xat24cr x1mh8g0r xexx8yu x4uap5 x18d9i69 xkhd6sd x16tdsg8 x1hl2dhg xggy1nq x1a2a7pz xt0b8zv x1fey0fg\" tabindex=\"0\" role=\"link\" href=\"https:\/\/t.me\/SuriyeArapHaberAjans?fbclid=IwAR0y6bKux2a0PbzaPFoVxOwtnBDAoWq1C0N4TAzR1MECwbEi_W471ZRga4A\" target=\"_blank\" rel=\"nofollow noopener\">https:\/\/t.me\/SuriyeArapHaberAjans<\/a><\/p>\n","protected":false},"excerpt":{"rendered":"<p>MOSKOVA \u2013 Rusya D\u0131\u015fi\u015fleri Bakan Yard\u0131mc\u0131s\u0131 Sergei Vershinin, Moskova&#8217;daki Suriye B\u00fcy\u00fckel\u00e7isi Dr. Be\u015far El Caferi ile Suriye ve b\u00f6lgedeki durumu ve iki \u00fclke aras\u0131ndaki s\u00fcrekli koordinasyonu g\u00f6r\u00fc\u015ft\u00fc. Rusya D\u0131\u015fi\u015fleri Bakanl\u0131\u011f\u0131&#8217;ndan yap\u0131lan a\u00e7\u0131klamada, toplant\u0131da Suriye&#8217;de uluslararas\u0131 hukuk kurallar\u0131na uymak i\u00e7in uluslararas\u0131 eylem gere\u011finin vurguland\u0131\u011f\u0131 ve bunun tek tarafl\u0131 ekonomik yapt\u0131r\u0131mlar\u0131n kald\u0131r\u0131lmas\u0131na ve acil \u00f6neme sahip sivil &hellip;<\/p>\n","protected":false},"author":36,"featured_media":266719,"comment_status":"closed","ping_status":"closed","sticky":false,"template":"","format":"standard","meta":{"footnotes":""},"categories":[458,459,17988],"tags":[],"class_list":["post-266718","post","type-post","status-publish","format-standard","has-post-thumbnail","","category-dunya1","category-haberler-arap-uluslararasi-politika","category-son-haberler"],"_links":{"self":[{"href":"https:\/\/archive.sana.sy\/tr\/index.php?rest_route=\/wp\/v2\/posts\/266718","targetHints":{"allow":["GET"]}}],"collection":[{"href":"https:\/\/archive.sana.sy\/tr\/index.php?rest_route=\/wp\/v2\/posts"}],"about":[{"href":"https:\/\/archive.sana.sy\/tr\/index.php?rest_route=\/wp\/v2\/types\/post"}],"author":[{"embeddable":true,"href":"https:\/\/archive.sana.sy\/tr\/index.php?rest_route=\/wp\/v2\/users\/36"}],"replies":[{"embeddable":true,"href":"https:\/\/archive.sana.sy\/tr\/index.php?rest_route=%2Fwp%2Fv2%2Fcomments&post=266718"}],"version-history":[{"count":0,"href":"https:\/\/archive.sana.sy\/tr\/index.php?rest_route=\/wp\/v2\/posts\/266718\/revisions"}],"wp:featuredmedia":[{"embeddable":true,"href":"https:\/\/archive.sana.sy\/tr\/index.php?rest_route=\/wp\/v2\/media\/266719"}],"wp:attachment":[{"href":"https:\/\/archive.sana.sy\/tr\/index.php?rest_route=%2Fwp%2Fv2%2Fmedia&parent=266718"}],"wp:term":[{"taxonomy":"category","embeddable":true,"href":"https:\/\/archive.sana.sy\/tr\/index.php?rest_route=%2Fwp%2Fv2%2Fcategories&post=266718"},{"taxonomy":"post_tag","embeddable":true,"href":"https:\/\/archive.sana.sy\/tr\/index.php?rest_route=%2Fwp%2Fv2%2Ftags&post=266718"}],"curies":[{"name":"wp","href":"https:\/\/api.w.org\/{rel}","templated":true}]}}