{"id":266860,"date":"2022-11-13T10:06:21","date_gmt":"2022-11-13T08:06:21","guid":{"rendered":"http:\/\/107.6.182.27\/tr\/?p=266860"},"modified":"2022-11-14T07:42:34","modified_gmt":"2022-11-14T05:42:34","slug":"cumhurbaskani-esad-universiteler-teskilat-yasasinin-emeklilik-yasinin-yukseltilmesi-ve-atamalarin-uzatilmasina-iliskin-bazi-maddelerinde-degisiklik-yapan-bir-yasa-cikardi","status":"publish","type":"post","link":"https:\/\/archive.sana.sy\/tr\/?p=266860","title":{"rendered":"Cumhurba\u015fkan\u0131 Esad, \u00dcniversiteler Te\u015fkilat Yasas\u0131&#8217;n\u0131n Emeklilik Ya\u015f\u0131n\u0131n Y\u00fckseltilmesi Ve Atamalar\u0131n Uzat\u0131lmas\u0131na \u0130li\u015fkin Baz\u0131 Maddelerinde De\u011fi\u015fiklik Yapan Bir Yasa \u00c7\u0131kard\u0131"},"content":{"rendered":"<p>\u015eAM \u2013 Cumhurba\u015fkan\u0131 Be\u015far Esad bug\u00fcn, \u00dcniversiteler Te\u015fkilat Kanununun \u00f6\u011fretmenler, yard\u0131mc\u0131 do\u00e7entler, profes\u00f6rler, i\u015fletme m\u00fcfetti\u015fleri ve i\u015fletme m\u00fcd\u00fcrleri i\u00e7in emeklilik ya\u015f\u0131n\u0131n y\u00fckseltilmesine ve \u00f6\u011fretim \u00fcyesinin emekliye ayr\u0131lmas\u0131ndan sonra en fazla be\u015f y\u0131l s\u00fcre ile g\u00f6rev s\u00fcresinin uzat\u0131lmas\u0131na ili\u015fkin baz\u0131 maddelerinde de\u011fi\u015fiklik yapan \u201c43\u201d say\u0131l\u0131 Kanun&#8217;u yay\u0131nlad\u0131.<\/p>\n<p><span style=\"color: #0000ff;\">#Telegram_Kanal\u0131m\u0131z: https:\/\/t.me\/SuriyeArapHaberAjans\u0131<\/span><\/p>\n","protected":false},"excerpt":{"rendered":"<p>\u015eAM \u2013 Cumhurba\u015fkan\u0131 Be\u015far Esad bug\u00fcn, \u00dcniversiteler Te\u015fkilat Kanununun \u00f6\u011fretmenler, yard\u0131mc\u0131 do\u00e7entler, profes\u00f6rler, i\u015fletme m\u00fcfetti\u015fleri ve i\u015fletme m\u00fcd\u00fcrleri i\u00e7in emeklilik ya\u015f\u0131n\u0131n y\u00fckseltilmesine ve \u00f6\u011fretim \u00fcyesinin emekliye ayr\u0131lmas\u0131ndan sonra en fazla be\u015f y\u0131l s\u00fcre ile g\u00f6rev s\u00fcresinin uzat\u0131lmas\u0131na ili\u015fkin baz\u0131 maddelerinde de\u011fi\u015fiklik yapan \u201c43\u201d say\u0131l\u0131 Kanun&#8217;u yay\u0131nlad\u0131. #Telegram_Kanal\u0131m\u0131z: https:\/\/t.me\/SuriyeArapHaberAjans\u0131<\/p>\n","protected":false},"author":36,"featured_media":266861,"comment_status":"closed","ping_status":"closed","sticky":false,"template":"","format":"standard","meta":{"footnotes":""},"categories":[479,17988,599,478],"tags":[],"class_list":["post-266860","post","type-post","status-publish","format-standard","has-post-thumbnail","","category-haberler-yerel","category-son-haberler","category-yasama-ve-kanunlar","category-yerel"],"_links":{"self":[{"href":"https:\/\/archive.sana.sy\/tr\/index.php?rest_route=\/wp\/v2\/posts\/266860","targetHints":{"allow":["GET"]}}],"collection":[{"href":"https:\/\/archive.sana.sy\/tr\/index.php?rest_route=\/wp\/v2\/posts"}],"about":[{"href":"https:\/\/archive.sana.sy\/tr\/index.php?rest_route=\/wp\/v2\/types\/post"}],"author":[{"embeddable":true,"href":"https:\/\/archive.sana.sy\/tr\/index.php?rest_route=\/wp\/v2\/users\/36"}],"replies":[{"embeddable":true,"href":"https:\/\/archive.sana.sy\/tr\/index.php?rest_route=%2Fwp%2Fv2%2Fcomments&post=266860"}],"version-history":[{"count":0,"href":"https:\/\/archive.sana.sy\/tr\/index.php?rest_route=\/wp\/v2\/posts\/266860\/revisions"}],"wp:featuredmedia":[{"embeddable":true,"href":"https:\/\/archive.sana.sy\/tr\/index.php?rest_route=\/wp\/v2\/media\/266861"}],"wp:attachment":[{"href":"https:\/\/archive.sana.sy\/tr\/index.php?rest_route=%2Fwp%2Fv2%2Fmedia&parent=266860"}],"wp:term":[{"taxonomy":"category","embeddable":true,"href":"https:\/\/archive.sana.sy\/tr\/index.php?rest_route=%2Fwp%2Fv2%2Fcategories&post=266860"},{"taxonomy":"post_tag","embeddable":true,"href":"https:\/\/archive.sana.sy\/tr\/index.php?rest_route=%2Fwp%2Fv2%2Ftags&post=266860"}],"curies":[{"name":"wp","href":"https:\/\/api.w.org\/{rel}","templated":true}]}}