{"id":266923,"date":"2022-11-13T17:16:54","date_gmt":"2022-11-13T15:16:54","guid":{"rendered":"http:\/\/107.6.182.27\/tr\/?p=266923"},"modified":"2022-11-14T07:44:16","modified_gmt":"2022-11-14T05:44:16","slug":"istanbuldeki-istiklal-caddesinde-patlama-sonucu-cok-sayida-olu-ve-yarali-dustu","status":"publish","type":"post","link":"https:\/\/archive.sana.sy\/tr\/?p=266923","title":{"rendered":"\u0130stanbul\u2019deki \u0130stiklal Caddesinde Patlama Sonucu \u00c7ok Say\u0131da \u00d6l\u00fc Ve Yaral\u0131 D\u00fc\u015ft\u00fc"},"content":{"rendered":"<p>\u0130STANBUL &#8211; Bug\u00fcn saat 16.20 s\u0131ralar\u0131nda Beyo\u011flu il\u00e7esi&#8217;nin Taksim \u0130stiklal Caddesi\u2019nde bir patlama meydana gelmi\u015ftir. Meydana gelen patlamada \u00e7ok say\u0131da yaral\u0131n\u0131n ve can kayb\u0131n\u0131n oldu\u011fu \u00f6\u011frenildi. Caddede b\u00fcy\u00fck panik ya\u015fan\u0131rken, olay yerine \u00e7ok say\u0131da polis, itfaiye ve sa\u011fl\u0131k ekibi sevk edildi.<\/p>\n<p>\u0130stanbul Valisi Ali Yerlikaya\u00a0 patlama ile ilgili \u00a0Twitter hesab\u0131ndan yapt\u0131\u011f\u0131 a\u00e7\u0131klamada,\u00a0 meydana gelen patlamada 6 ki\u015finin ya\u015fam\u0131n\u0131 yitirdi\u011fi ve 53 ki\u015finin de yaraland\u0131\u011f\u0131n\u0131 belirtti.<\/p>\n<p>T\u00fcrk medyas\u0131, patlaman\u0131n nedeninin\u00a0 bir ter\u00f6r eylemi olabilece\u011fine dikkat \u00e7ekti.<\/p>\n<p><a class=\"x1i10hfl xjbqb8w x6umtig x1b1mbwd xaqea5y xav7gou x9f619 x1ypdohk xt0psk2 xe8uvvx xdj266r x11i5rnm xat24cr x1mh8g0r xexx8yu x4uap5 x18d9i69 xkhd6sd x16tdsg8 x1hl2dhg xggy1nq x1a2a7pz xt0b8zv x1qq9wsj xo1l8bm\" tabindex=\"0\" role=\"link\" href=\"https:\/\/www.facebook.com\/hashtag\/telegram_kanal%C4%B1m%C4%B1z?__eep__=6&amp;__cft__[0]=AZXMRmkkrGzheemfJ1VJXV-9h-3lASRHTO2T1VY4PIx36JQcuU8e74r6m7FE8QwJfqqrJqytOnKp5e0FrxschFS3eQefYcNTdx6lpEEHOLL6Qk5krr2gL4N5tESoqz9WrhU&amp;__tn__=*NK-R\">#Telegram_Kanal\u0131m\u0131z<\/a>:\u00a0<a class=\"x1i10hfl xjbqb8w x6umtig x1b1mbwd xaqea5y xav7gou x9f619 x1ypdohk xt0psk2 xe8uvvx xdj266r x11i5rnm xat24cr x1mh8g0r xexx8yu x4uap5 x18d9i69 xkhd6sd x16tdsg8 x1hl2dhg xggy1nq x1a2a7pz xt0b8zv x1fey0fg\" tabindex=\"0\" role=\"link\" href=\"https:\/\/t.me\/SuriyeArapHaberAjansI?fbclid=IwAR3S0dAxhHc9bO-gFoagZiIEnQBphY6SosWDrPiZDldeR_qkhOW6u3DxzfY\" target=\"_blank\" rel=\"nofollow noopener\">https:\/\/t.me\/SuriyeArapHaberAjans\u0131<\/a><\/p>\n<p>&nbsp;<\/p>\n<p>&nbsp;<\/p>\n","protected":false},"excerpt":{"rendered":"<p>\u0130STANBUL &#8211; Bug\u00fcn saat 16.20 s\u0131ralar\u0131nda Beyo\u011flu il\u00e7esi&#8217;nin Taksim \u0130stiklal Caddesi\u2019nde bir patlama meydana gelmi\u015ftir. Meydana gelen patlamada \u00e7ok say\u0131da yaral\u0131n\u0131n ve can kayb\u0131n\u0131n oldu\u011fu \u00f6\u011frenildi. Caddede b\u00fcy\u00fck panik ya\u015fan\u0131rken, olay yerine \u00e7ok say\u0131da polis, itfaiye ve sa\u011fl\u0131k ekibi sevk edildi. \u0130stanbul Valisi Ali Yerlikaya\u00a0 patlama ile ilgili \u00a0Twitter hesab\u0131ndan yapt\u0131\u011f\u0131 a\u00e7\u0131klamada,\u00a0 meydana gelen patlamada &hellip;<\/p>\n","protected":false},"author":41,"featured_media":266924,"comment_status":"closed","ping_status":"closed","sticky":false,"template":"","format":"standard","meta":{"footnotes":""},"categories":[458,459,17988],"tags":[],"class_list":["post-266923","post","type-post","status-publish","format-standard","has-post-thumbnail","","category-dunya1","category-haberler-arap-uluslararasi-politika","category-son-haberler"],"_links":{"self":[{"href":"https:\/\/archive.sana.sy\/tr\/index.php?rest_route=\/wp\/v2\/posts\/266923","targetHints":{"allow":["GET"]}}],"collection":[{"href":"https:\/\/archive.sana.sy\/tr\/index.php?rest_route=\/wp\/v2\/posts"}],"about":[{"href":"https:\/\/archive.sana.sy\/tr\/index.php?rest_route=\/wp\/v2\/types\/post"}],"author":[{"embeddable":true,"href":"https:\/\/archive.sana.sy\/tr\/index.php?rest_route=\/wp\/v2\/users\/41"}],"replies":[{"embeddable":true,"href":"https:\/\/archive.sana.sy\/tr\/index.php?rest_route=%2Fwp%2Fv2%2Fcomments&post=266923"}],"version-history":[{"count":0,"href":"https:\/\/archive.sana.sy\/tr\/index.php?rest_route=\/wp\/v2\/posts\/266923\/revisions"}],"wp:featuredmedia":[{"embeddable":true,"href":"https:\/\/archive.sana.sy\/tr\/index.php?rest_route=\/wp\/v2\/media\/266924"}],"wp:attachment":[{"href":"https:\/\/archive.sana.sy\/tr\/index.php?rest_route=%2Fwp%2Fv2%2Fmedia&parent=266923"}],"wp:term":[{"taxonomy":"category","embeddable":true,"href":"https:\/\/archive.sana.sy\/tr\/index.php?rest_route=%2Fwp%2Fv2%2Fcategories&post=266923"},{"taxonomy":"post_tag","embeddable":true,"href":"https:\/\/archive.sana.sy\/tr\/index.php?rest_route=%2Fwp%2Fv2%2Ftags&post=266923"}],"curies":[{"name":"wp","href":"https:\/\/api.w.org\/{rel}","templated":true}]}}