{"id":266963,"date":"2022-11-13T19:25:18","date_gmt":"2022-11-13T17:25:18","guid":{"rendered":"http:\/\/107.6.182.27\/tr\/?p=266963"},"modified":"2022-11-16T07:17:13","modified_gmt":"2022-11-16T05:17:13","slug":"hava-savunma-sistemlerimiz-isail-saldirganligina-karsi-koydu-2","status":"publish","type":"post","link":"https:\/\/archive.sana.sy\/tr\/?p=266963","title":{"rendered":"Hava Savunma Sistemlerimiz \u0130srail Sald\u0131rganl\u0131\u011f\u0131na Kar\u015f\u0131 Koydu"},"content":{"rendered":"<p>HOMS\u2013Bu ak\u015fam \u00a0saat 23:18 s\u0131ralar\u0131nda\u00a0 d\u00fc\u015fman \u0130srail, kuzey L\u00fcbnan&#8217;daki Trablus-Hermel y\u00f6n\u00fcnden Homs k\u0131rsal\u0131ndaki \u015euayrat askeri havaalan\u0131n\u0131 hedef alan bir hava sald\u0131r\u0131s\u0131 d\u00fczenledi.<\/p>\n<p>Askeri kaynak, hava savunma sistemlerimiz sald\u0131rganl\u0131\u011fa kar\u015f\u0131 koyup d\u00fc\u015fman f\u00fczelerinin \u00e7o\u011funu d\u00fc\u015f\u00fcrd\u00fc\u011f\u00fcn\u00fc ifade etti.<\/p>\n<p>Kaynak ayr\u0131ca, d\u00fczenlenen sald\u0131rganl\u0131\u011f\u0131n, \u00a0iki askerin \u015fehit d\u00fc\u015fmesine, \u00fc\u00e7 askerin yaralnmas\u0131na \u00a0ve baz\u0131 maddi hasarlar\u0131n olmas\u0131na neden oldu\u011funu belirtti.<\/p>\n<p><a class=\"x1i10hfl xjbqb8w x6umtig x1b1mbwd xaqea5y xav7gou x9f619 x1ypdohk xt0psk2 xe8uvvx xdj266r x11i5rnm xat24cr x1mh8g0r xexx8yu x4uap5 x18d9i69 xkhd6sd x16tdsg8 x1hl2dhg xggy1nq x1a2a7pz xt0b8zv x1qq9wsj xo1l8bm\" tabindex=\"0\" role=\"link\" href=\"https:\/\/www.facebook.com\/hashtag\/telegram_kanal%C4%B1m%C4%B1z?__eep__=6&amp;__cft__[0]=AZXMRmkkrGzheemfJ1VJXV-9h-3lASRHTO2T1VY4PIx36JQcuU8e74r6m7FE8QwJfqqrJqytOnKp5e0FrxschFS3eQefYcNTdx6lpEEHOLL6Qk5krr2gL4N5tESoqz9WrhU&amp;__tn__=*NK-R\">#Telegram_Kanal\u0131m\u0131z<\/a>:\u00a0<a class=\"x1i10hfl xjbqb8w x6umtig x1b1mbwd xaqea5y xav7gou x9f619 x1ypdohk xt0psk2 xe8uvvx xdj266r x11i5rnm xat24cr x1mh8g0r xexx8yu x4uap5 x18d9i69 xkhd6sd x16tdsg8 x1hl2dhg xggy1nq x1a2a7pz xt0b8zv x1fey0fg\" tabindex=\"0\" role=\"link\" href=\"https:\/\/t.me\/SuriyeArapHaberAjansI?fbclid=IwAR3S0dAxhHc9bO-gFoagZiIEnQBphY6SosWDrPiZDldeR_qkhOW6u3DxzfY\" target=\"_blank\" rel=\"nofollow noopener\">https:\/\/t.me\/SuriyeArapHaberAjans\u0131<\/a><\/p>\n","protected":false},"excerpt":{"rendered":"<p>HOMS\u2013Bu ak\u015fam \u00a0saat 23:18 s\u0131ralar\u0131nda\u00a0 d\u00fc\u015fman \u0130srail, kuzey L\u00fcbnan&#8217;daki Trablus-Hermel y\u00f6n\u00fcnden Homs k\u0131rsal\u0131ndaki \u015euayrat askeri havaalan\u0131n\u0131 hedef alan bir hava sald\u0131r\u0131s\u0131 d\u00fczenledi. Askeri kaynak, hava savunma sistemlerimiz sald\u0131rganl\u0131\u011fa kar\u015f\u0131 koyup d\u00fc\u015fman f\u00fczelerinin \u00e7o\u011funu d\u00fc\u015f\u00fcrd\u00fc\u011f\u00fcn\u00fc ifade etti. Kaynak ayr\u0131ca, d\u00fczenlenen sald\u0131rganl\u0131\u011f\u0131n, \u00a0iki askerin \u015fehit d\u00fc\u015fmesine, \u00fc\u00e7 askerin yaralnmas\u0131na \u00a0ve baz\u0131 maddi hasarlar\u0131n olmas\u0131na neden oldu\u011funu belirtti. &hellip;<\/p>\n","protected":false},"author":36,"featured_media":266964,"comment_status":"closed","ping_status":"closed","sticky":false,"template":"","format":"standard","meta":{"footnotes":""},"categories":[479,575,478],"tags":[],"class_list":["post-266963","post","type-post","status-publish","format-standard","has-post-thumbnail","","category-haberler-yerel","category-olaylar-ve-gercekler","category-yerel"],"_links":{"self":[{"href":"https:\/\/archive.sana.sy\/tr\/index.php?rest_route=\/wp\/v2\/posts\/266963","targetHints":{"allow":["GET"]}}],"collection":[{"href":"https:\/\/archive.sana.sy\/tr\/index.php?rest_route=\/wp\/v2\/posts"}],"about":[{"href":"https:\/\/archive.sana.sy\/tr\/index.php?rest_route=\/wp\/v2\/types\/post"}],"author":[{"embeddable":true,"href":"https:\/\/archive.sana.sy\/tr\/index.php?rest_route=\/wp\/v2\/users\/36"}],"replies":[{"embeddable":true,"href":"https:\/\/archive.sana.sy\/tr\/index.php?rest_route=%2Fwp%2Fv2%2Fcomments&post=266963"}],"version-history":[{"count":0,"href":"https:\/\/archive.sana.sy\/tr\/index.php?rest_route=\/wp\/v2\/posts\/266963\/revisions"}],"wp:featuredmedia":[{"embeddable":true,"href":"https:\/\/archive.sana.sy\/tr\/index.php?rest_route=\/wp\/v2\/media\/266964"}],"wp:attachment":[{"href":"https:\/\/archive.sana.sy\/tr\/index.php?rest_route=%2Fwp%2Fv2%2Fmedia&parent=266963"}],"wp:term":[{"taxonomy":"category","embeddable":true,"href":"https:\/\/archive.sana.sy\/tr\/index.php?rest_route=%2Fwp%2Fv2%2Fcategories&post=266963"},{"taxonomy":"post_tag","embeddable":true,"href":"https:\/\/archive.sana.sy\/tr\/index.php?rest_route=%2Fwp%2Fv2%2Ftags&post=266963"}],"curies":[{"name":"wp","href":"https:\/\/api.w.org\/{rel}","templated":true}]}}