{"id":266980,"date":"2022-11-14T11:20:17","date_gmt":"2022-11-14T09:20:17","guid":{"rendered":"http:\/\/107.6.182.27\/tr\/?p=266980"},"modified":"2022-11-15T07:28:38","modified_gmt":"2022-11-15T05:28:38","slug":"bati-yakada-bir-filistinli-sehit-dustu-ve-9-genc-tutuklandi","status":"publish","type":"post","link":"https:\/\/archive.sana.sy\/tr\/?p=266980","title":{"rendered":"Bat\u0131 Yaka&#8217;da, Bir Filistinli \u015eehit D\u00fc\u015ft\u00fc ve 9 Gen\u00e7 Tutukland\u0131"},"content":{"rendered":"<p>\u0130\u015eGAL ED\u0130LEN KUD\u00dcS \u2013 \u0130srail i\u015fgal g\u00fc\u00e7leri, Bat\u0131 Yaka&#8217;da farkl\u0131 b\u00f6lgelerine basmas\u0131 s\u0131ras\u0131nda bir Filistinli kad\u0131n \u015fehit d\u00fc\u015ft\u00fc ve 9 gen\u00e7 tutukland\u0131.<\/p>\n<p>Filistinli bas\u0131n\u0131, \u0130srail i\u015fgal g\u00fc\u00e7lerinin, Ramallah&#8217;\u0131n Beytunia beldesini bast\u0131\u011f\u0131 ve Sena El Tal&#8217;\u0131n kafas\u0131na kur\u015fun s\u0131k\u0131larak \u015fehit d\u00fc\u015ft\u00fc\u011f\u00fcn\u00fc ve 3 gencin tutukland\u0131\u011f\u0131n\u0131 belirtti.<\/p>\n<p>Filistinli Bas\u0131n ayr\u0131ca, \u0130srail i\u015fgal g\u00fc\u00e7lerinin, \u0130\u015fgal Edilen Kud\u00fcs&#8217;deki Beyt Hnina ve Eski beldelerine bask\u0131n d\u00fczenledi\u011fini belirtirken, 6 Filistinliyi tutuklad\u0131\u011f\u0131na i\u015faret etti.<\/p>\n<p><a class=\"x1i10hfl xjbqb8w x6umtig x1b1mbwd xaqea5y xav7gou x9f619 x1ypdohk xt0psk2 xe8uvvx xdj266r x11i5rnm xat24cr x1mh8g0r xexx8yu x4uap5 x18d9i69 xkhd6sd x16tdsg8 x1hl2dhg xggy1nq x1a2a7pz xt0b8zv x1qq9wsj xo1l8bm\" tabindex=\"0\" role=\"link\" href=\"https:\/\/www.facebook.com\/hashtag\/telegram_kanal%C4%B1m%C4%B1z?__eep__=6&amp;__cft__[0]=AZVSLU2BwBnec_IxppitO3IzhBSFNGV1PYHoKMxZ8XI9Ie5zCi32wlfWIsq6uZl16XSw7BgytHdm8xvbdg_QSf-bnj548NXJ5Hh5J2ojhTJb0pnsiw0QaZh08q4FT9EpCKY&amp;__tn__=*NK-R\">#Telegram_Kanal\u0131m\u0131z<\/a>: <a class=\"x1i10hfl xjbqb8w x6umtig x1b1mbwd xaqea5y xav7gou x9f619 x1ypdohk xt0psk2 xe8uvvx xdj266r x11i5rnm xat24cr x1mh8g0r xexx8yu x4uap5 x18d9i69 xkhd6sd x16tdsg8 x1hl2dhg xggy1nq x1a2a7pz xt0b8zv x1fey0fg\" tabindex=\"0\" role=\"link\" href=\"https:\/\/t.me\/SuriyeArapHaberAjans%C4%B1?fbclid=IwAR0HShGXnsWn6stAKclkEF7j0FXgeuy6jh1plyCuk5BPAfhm7VXZzEABZik\" target=\"_blank\" rel=\"nofollow noopener\">https:\/\/t.me\/SuriyeArapHaberAjans\u0131<\/a><\/p>\n","protected":false},"excerpt":{"rendered":"<p>\u0130\u015eGAL ED\u0130LEN KUD\u00dcS \u2013 \u0130srail i\u015fgal g\u00fc\u00e7leri, Bat\u0131 Yaka&#8217;da farkl\u0131 b\u00f6lgelerine basmas\u0131 s\u0131ras\u0131nda bir Filistinli kad\u0131n \u015fehit d\u00fc\u015ft\u00fc ve 9 gen\u00e7 tutukland\u0131. Filistinli bas\u0131n\u0131, \u0130srail i\u015fgal g\u00fc\u00e7lerinin, Ramallah&#8217;\u0131n Beytunia beldesini bast\u0131\u011f\u0131 ve Sena El Tal&#8217;\u0131n kafas\u0131na kur\u015fun s\u0131k\u0131larak \u015fehit d\u00fc\u015ft\u00fc\u011f\u00fcn\u00fc ve 3 gencin tutukland\u0131\u011f\u0131n\u0131 belirtti. Filistinli Bas\u0131n ayr\u0131ca, \u0130srail i\u015fgal g\u00fc\u00e7lerinin, \u0130\u015fgal Edilen Kud\u00fcs&#8217;deki Beyt &hellip;<\/p>\n","protected":false},"author":39,"featured_media":266981,"comment_status":"closed","ping_status":"closed","sticky":false,"template":"","format":"standard","meta":{"footnotes":""},"categories":[458,459,17988],"tags":[],"class_list":["post-266980","post","type-post","status-publish","format-standard","has-post-thumbnail","","category-dunya1","category-haberler-arap-uluslararasi-politika","category-son-haberler"],"_links":{"self":[{"href":"https:\/\/archive.sana.sy\/tr\/index.php?rest_route=\/wp\/v2\/posts\/266980","targetHints":{"allow":["GET"]}}],"collection":[{"href":"https:\/\/archive.sana.sy\/tr\/index.php?rest_route=\/wp\/v2\/posts"}],"about":[{"href":"https:\/\/archive.sana.sy\/tr\/index.php?rest_route=\/wp\/v2\/types\/post"}],"author":[{"embeddable":true,"href":"https:\/\/archive.sana.sy\/tr\/index.php?rest_route=\/wp\/v2\/users\/39"}],"replies":[{"embeddable":true,"href":"https:\/\/archive.sana.sy\/tr\/index.php?rest_route=%2Fwp%2Fv2%2Fcomments&post=266980"}],"version-history":[{"count":0,"href":"https:\/\/archive.sana.sy\/tr\/index.php?rest_route=\/wp\/v2\/posts\/266980\/revisions"}],"wp:featuredmedia":[{"embeddable":true,"href":"https:\/\/archive.sana.sy\/tr\/index.php?rest_route=\/wp\/v2\/media\/266981"}],"wp:attachment":[{"href":"https:\/\/archive.sana.sy\/tr\/index.php?rest_route=%2Fwp%2Fv2%2Fmedia&parent=266980"}],"wp:term":[{"taxonomy":"category","embeddable":true,"href":"https:\/\/archive.sana.sy\/tr\/index.php?rest_route=%2Fwp%2Fv2%2Fcategories&post=266980"},{"taxonomy":"post_tag","embeddable":true,"href":"https:\/\/archive.sana.sy\/tr\/index.php?rest_route=%2Fwp%2Fv2%2Ftags&post=266980"}],"curies":[{"name":"wp","href":"https:\/\/api.w.org\/{rel}","templated":true}]}}