{"id":2670,"date":"2014-06-10T14:10:18","date_gmt":"2014-06-10T11:10:18","guid":{"rendered":"http:\/\/sanasyria.org\/tr\/?p=2670"},"modified":"2014-06-10T17:56:06","modified_gmt":"2014-06-10T14:56:06","slug":"ruhani-istikrarsizlik-bolgede-hic-kimsenin-cikarlarina-hizmet-etmez","status":"publish","type":"post","link":"https:\/\/archive.sana.sy\/tr\/?p=2670","title":{"rendered":"Ruhani: \u0130stikrars\u0131zl\u0131k B\u00f6lgede Hi\u00e7 Kimsenin \u00c7\u0131karlar\u0131na Hizmet Etmez"},"content":{"rendered":"<p><span style=\"color: #800000\">ANKARA \u2013<\/span> \u0130ran Cumhurba\u015fkan\u0131 Hasan Ruhani; b\u00f6lgedeki istikrars\u0131zl\u0131\u011f\u0131n b\u00f6lgede hi\u00e7 kimsenin \u00e7\u0131karlar\u0131na hizmet etmeyece\u011fini \u0130ran ve T\u00fcrkiye\u2019nin bu y\u00f6nde i\u015fbirli\u011fi yaparak m\u00fcmk\u00fcn olan en geni\u015f s\u0131n\u0131rl\u0131 \u00e7abay\u0131 harcayacaklar\u0131n\u0131 dile getirdi.<br \/>\n\u0130ran Haber Ajans\u0131 \u0130RNA bug\u00fcn yay\u0131nlad\u0131\u011f\u0131 haberde; Ruhani\u2019nin, Ankara\u2019da d\u00fcn T\u00fcrkiye Cumhurba\u015fkan\u0131 Abdullah G\u00fcl ile birlikte d\u00fczenledikleri ortak bas\u0131n a\u00e7\u0131klamas\u0131nda, \u0130ran, T\u00fcrkiye ve di\u011fer devletlerin b\u00f6lgedeki krizlerin \u00e7\u00f6z\u00fclmesine katk\u0131da bulunma imkan\u0131 bulundu\u011funa i\u015faret etti\u011fini aktard\u0131.<\/p>\n<p>\u0130ran ve T\u00fcrkiye\u2019nin b\u00f6lgede istikrar\u0131n sa\u011flanmas\u0131na b\u00fcy\u00fck katk\u0131s\u0131 olabilece\u011finin alt\u0131n\u0131 \u00e7izen Ruhani; Suriye ve M\u0131s\u0131r ile ilgili olarak, iki \u00fclkenin halklar\u0131n\u0131n kat\u0131ld\u0131\u011f\u0131 se\u00e7im sonu\u00e7lar\u0131na sayg\u0131 duyulmas\u0131 gerekti\u011fine ve bu \u00fclkelerde \u015fiddete son verilmesi gerekti\u011fini vurgulad\u0131.<\/p>\n<p><span style=\"color: #0000ff\">Hakikat Bur: Suriye Se\u00e7imleri Komplonun Hezimetinin \u0130lan\u0131 Oldu<\/span><\/p>\n<p>\u00d6te yandan \u015eura Meclisi Ulusal \u2018 Komisyonu Ba\u015fkan\u0131 Yard\u0131mc\u0131s\u0131 Mansur Hakikat Bur d\u00fcn yapt\u0131\u011f\u0131 a\u00e7\u0131klamada; Suriye\u2019de d\u00fczenlenen cumhurba\u015fkanl\u0131\u011f\u0131 se\u00e7imlerini, Cumhurba\u015fkan\u0131 Be\u015f\u015far el Esad\u2019\u0131n nitelikli \u00e7o\u011funlu\u011fun oylar\u0131yla kazanmas\u0131n\u0131n, ABD ve gerici Arap rejimlerin Suriye \u00fczerine kurduklar\u0131 b\u00fct\u00fcn komplolar\u0131n hezimetini somut bir \u015fekilde ilan etti\u011fini dile getirdi.<\/p>\n<p>Suriye\u2019de halk\u0131n se\u00e7imlere g\u00f6sterdi\u011fi geni\u015f kat\u0131l\u0131m\u0131n b\u00fct\u00fcn b\u00f6lge \u00fczerinde etkili olaca\u011f\u0131na i\u015faret eden Hakikat Bur; \u00fc\u00e7 y\u0131l\u0131 a\u015fk\u0131n bir s\u00fcredir Suriye halk\u0131n\u0131n iradesini k\u0131rmak i\u00e7in d\u00fczenlenen sald\u0131r\u0131 ve tehditlerin b\u00fcy\u00fck bir hezimetle sona geldiklerini ibraz etti.<\/p>\n<p><span style=\"color: #0000ff\">Abd\u00fcllehyan: Tahran ve Kahire\u2019nin Suriye \u0130le \u0130lgili Yak\u0131n G\u00f6r\u00fc\u015fleri Var<\/span><\/p>\n<p><span style=\"color: #000000\">\u0130ran D\u0131\u015fi\u015fleri Bakan\u0131 Yard\u0131mc\u0131s\u0131 H\u00fcseyin Emir Abd\u00fcllehyan; Tahran ve Kahire\u2019nin Suriye ile ilgili birbirine yak\u0131n bak\u0131\u015f a\u00e7\u0131lar\u0131 bulundu\u011funa i\u015faret ederek yak\u0131n gelecekte Suriye\u2019de siyasi \u00e7\u00f6z\u00fcme ula\u015f\u0131lmas\u0131 y\u00f6n\u00fcnde ortak \u00e7aba harcayacaklar\u0131n\u0131 belirtti.<\/span><\/p>\n<p><span style=\"color: #000000\">D\u00fcn Kahire\u2019de bir bas\u0131n toplant\u0131s\u0131 d\u00fczenleyen Abd\u00fcllehyan; M\u0131s\u0131rl\u0131 yetkililerle b\u00f6lge sorunlar\u0131na ili\u015fkin g\u00f6r\u00fc\u015fmelerde bulundu\u011funa de\u011finerek \u00fclkesinin b\u00f6lge devletleri ve Arap devletleriyle nitelikli bir diyalog i\u00e7erisinde bulundu\u011funun alt\u0131n\u0131 \u00e7izdi.<\/span><\/p>\n","protected":false},"excerpt":{"rendered":"<p>ANKARA \u2013 \u0130ran Cumhurba\u015fkan\u0131 Hasan Ruhani; b\u00f6lgedeki istikrars\u0131zl\u0131\u011f\u0131n b\u00f6lgede hi\u00e7 kimsenin \u00e7\u0131karlar\u0131na hizmet etmeyece\u011fini \u0130ran ve T\u00fcrkiye\u2019nin bu y\u00f6nde i\u015fbirli\u011fi yaparak m\u00fcmk\u00fcn olan en geni\u015f s\u0131n\u0131rl\u0131 \u00e7abay\u0131 harcayacaklar\u0131n\u0131 dile getirdi. \u0130ran Haber Ajans\u0131 \u0130RNA bug\u00fcn yay\u0131nlad\u0131\u011f\u0131 haberde; Ruhani\u2019nin, Ankara\u2019da d\u00fcn T\u00fcrkiye Cumhurba\u015fkan\u0131 Abdullah G\u00fcl ile birlikte d\u00fczenledikleri ortak bas\u0131n a\u00e7\u0131klamas\u0131nda, \u0130ran, T\u00fcrkiye ve di\u011fer devletlerin &hellip;<\/p>\n","protected":false},"author":1,"featured_media":2672,"comment_status":"closed","ping_status":"closed","sticky":false,"template":"","format":"standard","meta":{"footnotes":""},"categories":[458,459],"tags":[601],"class_list":["post-2670","post","type-post","status-publish","format-standard","has-post-thumbnail","","category-dunya1","category-haberler-arap-uluslararasi-politika","tag-ruhani-istikrarsizlik-bolgede-hic-kimsenin-cikarlarina-hizmet-etmez"],"_links":{"self":[{"href":"https:\/\/archive.sana.sy\/tr\/index.php?rest_route=\/wp\/v2\/posts\/2670","targetHints":{"allow":["GET"]}}],"collection":[{"href":"https:\/\/archive.sana.sy\/tr\/index.php?rest_route=\/wp\/v2\/posts"}],"about":[{"href":"https:\/\/archive.sana.sy\/tr\/index.php?rest_route=\/wp\/v2\/types\/post"}],"author":[{"embeddable":true,"href":"https:\/\/archive.sana.sy\/tr\/index.php?rest_route=\/wp\/v2\/users\/1"}],"replies":[{"embeddable":true,"href":"https:\/\/archive.sana.sy\/tr\/index.php?rest_route=%2Fwp%2Fv2%2Fcomments&post=2670"}],"version-history":[{"count":0,"href":"https:\/\/archive.sana.sy\/tr\/index.php?rest_route=\/wp\/v2\/posts\/2670\/revisions"}],"wp:featuredmedia":[{"embeddable":true,"href":"https:\/\/archive.sana.sy\/tr\/index.php?rest_route=\/wp\/v2\/media\/2672"}],"wp:attachment":[{"href":"https:\/\/archive.sana.sy\/tr\/index.php?rest_route=%2Fwp%2Fv2%2Fmedia&parent=2670"}],"wp:term":[{"taxonomy":"category","embeddable":true,"href":"https:\/\/archive.sana.sy\/tr\/index.php?rest_route=%2Fwp%2Fv2%2Fcategories&post=2670"},{"taxonomy":"post_tag","embeddable":true,"href":"https:\/\/archive.sana.sy\/tr\/index.php?rest_route=%2Fwp%2Fv2%2Ftags&post=2670"}],"curies":[{"name":"wp","href":"https:\/\/api.w.org\/{rel}","templated":true}]}}