{"id":267019,"date":"2022-11-14T17:28:05","date_gmt":"2022-11-14T15:28:05","guid":{"rendered":"http:\/\/107.6.182.27\/tr\/?p=267019"},"modified":"2022-11-15T07:31:56","modified_gmt":"2022-11-15T05:31:56","slug":"suriyenin-katilimiyla-sarm-el-seyhteki-iklim-konferansinda-bakanlar-duzeyinde-ust-duzey-toplantilari-basladi","status":"publish","type":"post","link":"https:\/\/archive.sana.sy\/tr\/?p=267019","title":{"rendered":"Suriye&#8217;nin Kat\u0131l\u0131m\u0131yla&#8230; \u015earm El \u015eeyh&#8217;teki \u0130klim Konferans\u0131&#8217;nda Bakanlar D\u00fczeyinde \u00dcst D\u00fczey Toplant\u0131lar\u0131 Ba\u015flad\u0131"},"content":{"rendered":"<p>KAH\u0130RE &#8211; Yerel Y\u00f6netim ve \u00c7evre Bakan\u0131 H\u00fcseyin Mahluf ba\u015fkanl\u0131\u011f\u0131ndaki Suriye heyetinin kat\u0131l\u0131m\u0131yla Birle\u015fmi\u015f Milletler \u0130klim De\u011fi\u015fikli\u011fi \u00c7er\u00e7eve S\u00f6zle\u015fmesi Taraflar Konferans\u0131&#8217;n\u0131n \u00fcst d\u00fczey bakanlar toplant\u0131lar\u0131 bug\u00fcn \u015earm El \u015eeyh&#8217;te ba\u015flad\u0131.<\/p>\n<p><img loading=\"lazy\" decoding=\"async\" class=\" wp-image-267020 alignright\" src=\"http:\/\/107.6.182.27\/tr\/wp-content\/uploads\/2022\/11\/photo_2022-11-14_12-06-22-300x239-1.jpg\" alt=\"\" width=\"171\" height=\"136\" srcset=\"https:\/\/archive.sana.sy\/tr\/wp-content\/uploads\/2022\/11\/photo_2022-11-14_12-06-22-300x239-1.jpg 300w, https:\/\/archive.sana.sy\/tr\/wp-content\/uploads\/2022\/11\/photo_2022-11-14_12-06-22-300x239-1-150x120.jpg 150w\" sizes=\"auto, (max-width: 171px) 100vw, 171px\" \/>Bakan Mahluf, Bu, geli\u015fmekte olan \u00fclkeler i\u00e7in iklim de\u011fi\u015fikli\u011fine uyum planlar\u0131n\u0131 uygulamak i\u00e7in gereken finansman\u0131 sa\u011flamay\u0131 ama\u00e7layan &#8220;2030&#8217;dan \u00d6nce Beklenti&#8221; ba\u015fl\u0131kl\u0131 yuvarlak masa konulu ilk y\u0131ll\u0131k bakanlar toplant\u0131s\u0131na ve &#8220;uzun vadeli iklim finansman\u0131&#8221; konulu diyalog i\u00e7in be\u015finci bakanlar toplant\u0131s\u0131na kat\u0131l\u0131yor.<\/p>\n<p><a class=\"x1i10hfl xjbqb8w x6umtig x1b1mbwd xaqea5y xav7gou x9f619 x1ypdohk xt0psk2 xe8uvvx xdj266r x11i5rnm xat24cr x1mh8g0r xexx8yu x4uap5 x18d9i69 xkhd6sd x16tdsg8 x1hl2dhg xggy1nq x1a2a7pz xt0b8zv x1qq9wsj xo1l8bm\" tabindex=\"0\" role=\"link\" href=\"https:\/\/www.facebook.com\/hashtag\/telegram_kanal%C4%B1m%C4%B1z?__eep__=6&amp;__cft__[0]=AZVdcdv8y7hnq9mY2QFCrHaaJJZnahkSRx6fGQN9CGA0vX4ZyKxRc_Yv3MdgfXc7rDyqRCtBBjwtNhfzph8vS5626DZ-bc1d7ScvTueVPRCiWWRU6ETQQ8_p7598g3W2CkY&amp;__tn__=*NK-R\">#Telegram_Kanal\u0131m\u0131z<\/a>:\u00a0<a class=\"x1i10hfl xjbqb8w x6umtig x1b1mbwd xaqea5y xav7gou x9f619 x1ypdohk xt0psk2 xe8uvvx xdj266r x11i5rnm xat24cr x1mh8g0r xexx8yu x4uap5 x18d9i69 xkhd6sd x16tdsg8 x1hl2dhg xggy1nq x1a2a7pz xt0b8zv x1fey0fg\" tabindex=\"0\" role=\"link\" href=\"https:\/\/l.facebook.com\/l.php?u=https%3A%2F%2Ft.me%2FSuriyeArapHaberAjans%C4%B1%3Ffbclid%3DIwAR19p6I2iZZ_PdLQ63kl4qZv6UuZma6t_F2FArfmsTrFQBAMj9KnEfQNduA&amp;h=AT1mw_lDIYMacJbLTsFODc6kS8BlRdotuWk__w2r9JcmD_kqmjtTdHpQGj3iVuKWJptvlsfMQu3DiUIAH6uEoWHiX7QCq4d4yrcBgUPdOd6TJcBYGZAfGfcMwwDGIizB1XU&amp;__tn__=-UK-R&amp;c[0]=AT3kWYbDrw0Nmkum1prhpr50g2bSw4uHj7jBhiHWxi0t2Wmim7uMK-w1aT_u_5x_sDSlMS65_akDMHiwh01UC0XibaF36vBgf6lrlI83OqDDsKDipAHVrVYnEagtYl0YhadJ75RmUQ3cvXXs0RtxWLARyQmmMg\" target=\"_blank\" rel=\"nofollow noopener\">https:\/\/t.me\/SuriyeArapHaberAjans\u0131<\/a><\/p>\n","protected":false},"excerpt":{"rendered":"<p>KAH\u0130RE &#8211; Yerel Y\u00f6netim ve \u00c7evre Bakan\u0131 H\u00fcseyin Mahluf ba\u015fkanl\u0131\u011f\u0131ndaki Suriye heyetinin kat\u0131l\u0131m\u0131yla Birle\u015fmi\u015f Milletler \u0130klim De\u011fi\u015fikli\u011fi \u00c7er\u00e7eve S\u00f6zle\u015fmesi Taraflar Konferans\u0131&#8217;n\u0131n \u00fcst d\u00fczey bakanlar toplant\u0131lar\u0131 bug\u00fcn \u015earm El \u015eeyh&#8217;te ba\u015flad\u0131. Bakan Mahluf, Bu, geli\u015fmekte olan \u00fclkeler i\u00e7in iklim de\u011fi\u015fikli\u011fine uyum planlar\u0131n\u0131 uygulamak i\u00e7in gereken finansman\u0131 sa\u011flamay\u0131 ama\u00e7layan &#8220;2030&#8217;dan \u00d6nce Beklenti&#8221; ba\u015fl\u0131kl\u0131 yuvarlak masa konulu ilk &hellip;<\/p>\n","protected":false},"author":41,"featured_media":267021,"comment_status":"closed","ping_status":"closed","sticky":false,"template":"","format":"standard","meta":{"footnotes":""},"categories":[17988,2554],"tags":[],"class_list":["post-267019","post","type-post","status-publish","format-standard","has-post-thumbnail","","category-son-haberler","category-suriye-ve-dunya"],"_links":{"self":[{"href":"https:\/\/archive.sana.sy\/tr\/index.php?rest_route=\/wp\/v2\/posts\/267019","targetHints":{"allow":["GET"]}}],"collection":[{"href":"https:\/\/archive.sana.sy\/tr\/index.php?rest_route=\/wp\/v2\/posts"}],"about":[{"href":"https:\/\/archive.sana.sy\/tr\/index.php?rest_route=\/wp\/v2\/types\/post"}],"author":[{"embeddable":true,"href":"https:\/\/archive.sana.sy\/tr\/index.php?rest_route=\/wp\/v2\/users\/41"}],"replies":[{"embeddable":true,"href":"https:\/\/archive.sana.sy\/tr\/index.php?rest_route=%2Fwp%2Fv2%2Fcomments&post=267019"}],"version-history":[{"count":0,"href":"https:\/\/archive.sana.sy\/tr\/index.php?rest_route=\/wp\/v2\/posts\/267019\/revisions"}],"wp:featuredmedia":[{"embeddable":true,"href":"https:\/\/archive.sana.sy\/tr\/index.php?rest_route=\/wp\/v2\/media\/267021"}],"wp:attachment":[{"href":"https:\/\/archive.sana.sy\/tr\/index.php?rest_route=%2Fwp%2Fv2%2Fmedia&parent=267019"}],"wp:term":[{"taxonomy":"category","embeddable":true,"href":"https:\/\/archive.sana.sy\/tr\/index.php?rest_route=%2Fwp%2Fv2%2Fcategories&post=267019"},{"taxonomy":"post_tag","embeddable":true,"href":"https:\/\/archive.sana.sy\/tr\/index.php?rest_route=%2Fwp%2Fv2%2Ftags&post=267019"}],"curies":[{"name":"wp","href":"https:\/\/api.w.org\/{rel}","templated":true}]}}