{"id":267075,"date":"2022-11-14T21:12:46","date_gmt":"2022-11-14T19:12:46","guid":{"rendered":"http:\/\/107.6.182.27\/tr\/?p=267075"},"modified":"2022-11-16T07:19:11","modified_gmt":"2022-11-16T05:19:11","slug":"buyukelci-sabbag-birlesmis-milletler-bunyesinde-calisma-kurallarini-manipule-etmek-batinin-surekli-bir-uygulamasidir","status":"publish","type":"post","link":"https:\/\/archive.sana.sy\/tr\/?p=267075","title":{"rendered":"B\u00fcy\u00fckel\u00e7i Sabba\u011f: Birle\u015fmi\u015f Milletler B\u00fcnyesinde \u00c7al\u0131\u015fma Kurallar\u0131n\u0131 Manip\u00fcle Etmek Bat\u0131&#8217;n\u0131n S\u00fcrekli Bir Uygulamas\u0131d\u0131r"},"content":{"rendered":"<p>NEW YORK \u2013 Suriye&#8217;nin Birle\u015fmi\u015f Milletler daimi temsilcisi B\u00fcy\u00fckel\u00e7i Bessam Sabba\u011f, Genel Kurulun uluslararas\u0131 \u00f6rg\u00fct i\u00e7indeki \u00e7al\u0131\u015fma kurallar\u0131n\u0131 manip\u00fcle etmek ve yeni, yasad\u0131\u015f\u0131 ve benzeri g\u00f6r\u00fclmemi\u015f mekanizmalar dayatmak i\u00e7in istismar etti\u011fini vurgulayarak, Rusya ve Ukrayna aras\u0131ndaki \u00e7at\u0131\u015fman\u0131n t\u0131rmanmas\u0131n\u0131n, Bat\u0131&#8217;n\u0131n Ukrayna&#8217;daki a\u015f\u0131r\u0131l\u0131k yanl\u0131s\u0131 e\u011filimi k\u00f6r\u00fcklemesi ve neo-Nazileri k\u0131\u015fk\u0131rtmaya ve onlara silah sa\u011flamaya devam etmesi sonucunda ortaya \u00e7\u0131kt\u0131\u011f\u0131na dikkat \u00e7ekti.<\/p>\n<p>Sabba\u011f bug\u00fcn Genel Kurul&#8217;un &#8220;Ukrayna&#8217;daki Durum&#8221; konulu acil oturumunda yapt\u0131\u011f\u0131 a\u00e7\u0131klamada: \u2018\u2019 Yaln\u0131zca Bat\u0131l\u0131 \u00fclkelerin Rusya&#8217;ya y\u00f6nelik d\u00fc\u015fmanca g\u00fcndemlerine hizmet etmeyi ama\u00e7layan bu t\u00fcr toplant\u0131 \u00e7a\u011fr\u0131lar\u0131n\u0131 tekrarlayarak Birle\u015fmi\u015f Milletler i\u00e7indeki siyasi kutupla\u015fma durumunu g\u00fc\u00e7lendirmede ve \u00fcye devletler aras\u0131ndaki b\u00f6l\u00fcnmeyi derinle\u015ftirmede \u0131srar ettikleri a\u00e7\u0131k\u00e7a ortaya \u00e7\u0131kt\u0131\u2019\u2019\u00a0 dedi.<\/p>\n<p>B\u00fcy\u00fckel\u00e7i Sabba\u011f, bug\u00fcn Genel Kurul&#8217;a sunulan karar tasla\u011f\u0131n\u0131n, Amerika Birle\u015fik Devletleri ve Bat\u0131l\u0131 m\u00fcttefikleri taraf\u0131ndan Rusya&#8217;y\u0131 hedef almaya itilen bir dizi dengesiz, tarafl\u0131 ve k\u0131\u015fk\u0131rt\u0131c\u0131 karar ba\u011flam\u0131nda geldi\u011fine dikkat \u00e7ekti.<\/p>\n<p>Sabba\u011f ayr\u0131ca, Suriye&#8217;nin Birle\u015fmi\u015f Milletler&#8217;in \u00e7al\u0131\u015fmalar\u0131n\u0131 politize etmeye ve manip\u00fcle etmeye y\u00f6nelik t\u00fcm giri\u015fimleri reddetme konusundaki kararl\u0131 ve sa\u011flam duru\u015funa dayanarak, Genel Kurul&#8217;da karar tasla\u011f\u0131na kar\u015f\u0131 oy kulland\u0131\u011f\u0131n\u0131 belirtti.<\/p>\n<p><a class=\"x1i10hfl xjbqb8w x6umtig x1b1mbwd xaqea5y xav7gou x9f619 x1ypdohk xt0psk2 xe8uvvx xdj266r x11i5rnm xat24cr x1mh8g0r xexx8yu x4uap5 x18d9i69 xkhd6sd x16tdsg8 x1hl2dhg xggy1nq x1a2a7pz xt0b8zv x1qq9wsj xo1l8bm\" tabindex=\"0\" role=\"link\" href=\"https:\/\/www.facebook.com\/hashtag\/telegram_kanal%C4%B1m%C4%B1z?__eep__=6&amp;__cft__[0]=AZVTi2BZI1Yd6-5Wm_5Ynn-lbxzCD3u63-rxe6C7UwXi9P3l01Kvp81pWGZfh0eJak8xPWmrAuJqhTtf45151n9imdpbacJwLeFMyWGd6ndvwEDR5ndjDDmsHm3cg60skkU&amp;__tn__=*NK-R\">#Telegram_Kanal\u0131m\u0131z<\/a>:\u00a0<a class=\"x1i10hfl xjbqb8w x6umtig x1b1mbwd xaqea5y xav7gou x9f619 x1ypdohk xt0psk2 xe8uvvx xdj266r x11i5rnm xat24cr x1mh8g0r xexx8yu x4uap5 x18d9i69 xkhd6sd x16tdsg8 x1hl2dhg xggy1nq x1a2a7pz xt0b8zv x1fey0fg\" tabindex=\"0\" role=\"link\" href=\"https:\/\/t.me\/SuriyeArapHaberAjans%C4%B1?fbclid=IwAR0aS3gAp41sVMCdsooUssm_ZL7v0ROm_TxB1Pss1SpqB3tCSUkf6cmIRU8\" target=\"_blank\" rel=\"nofollow noopener\">https:\/\/t.me\/SuriyeArapHaberAjans\u0131<\/a><\/p>\n","protected":false},"excerpt":{"rendered":"<p>NEW YORK \u2013 Suriye&#8217;nin Birle\u015fmi\u015f Milletler daimi temsilcisi B\u00fcy\u00fckel\u00e7i Bessam Sabba\u011f, Genel Kurulun uluslararas\u0131 \u00f6rg\u00fct i\u00e7indeki \u00e7al\u0131\u015fma kurallar\u0131n\u0131 manip\u00fcle etmek ve yeni, yasad\u0131\u015f\u0131 ve benzeri g\u00f6r\u00fclmemi\u015f mekanizmalar dayatmak i\u00e7in istismar etti\u011fini vurgulayarak, Rusya ve Ukrayna aras\u0131ndaki \u00e7at\u0131\u015fman\u0131n t\u0131rmanmas\u0131n\u0131n, Bat\u0131&#8217;n\u0131n Ukrayna&#8217;daki a\u015f\u0131r\u0131l\u0131k yanl\u0131s\u0131 e\u011filimi k\u00f6r\u00fcklemesi ve neo-Nazileri k\u0131\u015fk\u0131rtmaya ve onlara silah sa\u011flamaya devam etmesi sonucunda ortaya &hellip;<\/p>\n","protected":false},"author":41,"featured_media":267076,"comment_status":"closed","ping_status":"closed","sticky":false,"template":"","format":"standard","meta":{"footnotes":""},"categories":[458,459,17988],"tags":[],"class_list":["post-267075","post","type-post","status-publish","format-standard","has-post-thumbnail","","category-dunya1","category-haberler-arap-uluslararasi-politika","category-son-haberler"],"_links":{"self":[{"href":"https:\/\/archive.sana.sy\/tr\/index.php?rest_route=\/wp\/v2\/posts\/267075","targetHints":{"allow":["GET"]}}],"collection":[{"href":"https:\/\/archive.sana.sy\/tr\/index.php?rest_route=\/wp\/v2\/posts"}],"about":[{"href":"https:\/\/archive.sana.sy\/tr\/index.php?rest_route=\/wp\/v2\/types\/post"}],"author":[{"embeddable":true,"href":"https:\/\/archive.sana.sy\/tr\/index.php?rest_route=\/wp\/v2\/users\/41"}],"replies":[{"embeddable":true,"href":"https:\/\/archive.sana.sy\/tr\/index.php?rest_route=%2Fwp%2Fv2%2Fcomments&post=267075"}],"version-history":[{"count":0,"href":"https:\/\/archive.sana.sy\/tr\/index.php?rest_route=\/wp\/v2\/posts\/267075\/revisions"}],"wp:featuredmedia":[{"embeddable":true,"href":"https:\/\/archive.sana.sy\/tr\/index.php?rest_route=\/wp\/v2\/media\/267076"}],"wp:attachment":[{"href":"https:\/\/archive.sana.sy\/tr\/index.php?rest_route=%2Fwp%2Fv2%2Fmedia&parent=267075"}],"wp:term":[{"taxonomy":"category","embeddable":true,"href":"https:\/\/archive.sana.sy\/tr\/index.php?rest_route=%2Fwp%2Fv2%2Fcategories&post=267075"},{"taxonomy":"post_tag","embeddable":true,"href":"https:\/\/archive.sana.sy\/tr\/index.php?rest_route=%2Fwp%2Fv2%2Ftags&post=267075"}],"curies":[{"name":"wp","href":"https:\/\/api.w.org\/{rel}","templated":true}]}}