{"id":267095,"date":"2022-11-15T18:04:04","date_gmt":"2022-11-15T16:04:04","guid":{"rendered":"http:\/\/107.6.182.27\/tr\/?p=267095"},"modified":"2022-11-17T07:46:03","modified_gmt":"2022-11-17T05:46:03","slug":"sabbag-brezilya-buyukelcisi-ile-gorusmesi-sirasinda-karsilikli-fayda-saglamak-icin-parlamenter-isbirliginin-guclendirilmesi-gerekiyor","status":"publish","type":"post","link":"https:\/\/archive.sana.sy\/tr\/?p=267095","title":{"rendered":"Sabba\u011f Brezilya B\u00fcy\u00fckel\u00e7isi \u0130le G\u00f6r\u00fc\u015fmesi S\u0131ras\u0131nda: Kar\u015f\u0131l\u0131kl\u0131 Fayda Sa\u011flamak \u0130\u00e7in Parlamenter \u0130\u015fbirli\u011finin G\u00fc\u00e7lendirilmesi Gerekiyor"},"content":{"rendered":"<p>\u015eAM \u2013 Meclis Ba\u015fkan\u0131 Hammuda Sabba\u011f, Brezilya Federatif Cumhuriyeti&#8217;nin \u015eam&#8217;daki Ola\u011fan\u00fcst\u00fc ve Tam Yetkili B\u00fcy\u00fckel\u00e7isi Andr\u00e9 dos Santos ile yapt\u0131\u011f\u0131 g\u00f6r\u00fc\u015fmede, ba\u015fta parlamento alan\u0131 olmak \u00fczere \u00e7e\u015fitli alanlarda ikili ili\u015fkilerin geli\u015ftirilmesi i\u00e7in \u00e7al\u0131\u015fmaya devam edilmesinin \u00f6nemini vurgulad\u0131.<\/p>\n<p><img loading=\"lazy\" decoding=\"async\" class=\"size-full wp-image-267097 alignright\" src=\"http:\/\/107.6.182.27\/tr\/wp-content\/uploads\/2022\/11\/MAH_8551-copy-300x182-1.jpg\" alt=\"\" width=\"300\" height=\"182\" srcset=\"https:\/\/archive.sana.sy\/tr\/wp-content\/uploads\/2022\/11\/MAH_8551-copy-300x182-1.jpg 300w, https:\/\/archive.sana.sy\/tr\/wp-content\/uploads\/2022\/11\/MAH_8551-copy-300x182-1-150x91.jpg 150w\" sizes=\"auto, (max-width: 300px) 100vw, 300px\" \/>Sabba\u011f, iki \u00fclkeyi ve halklar\u0131n\u0131 birle\u015ftiren tarihi ili\u015fkinin g\u00fcc\u00fcne ve Brezilya&#8217;daki Suriye toplumunun bu ili\u015fkinin ba\u011flar\u0131n\u0131 g\u00fc\u00e7lendirmedeki b\u00fcy\u00fck rol\u00fcne dikkat \u00e7ekerken, B\u00fcy\u00fckel\u00e7i Santos&#8217;u \u00fclkesine Suriye&#8217;nin maruz kald\u0131\u011f\u0131 komplo ve ter\u00f6r sava\u015f\u0131 ve ya\u015fam\u0131n \u00e7e\u015fitli y\u00f6nlerini kapsayan tek tarafl\u0131 zorlay\u0131c\u0131 ekonomik \u00f6nlemler hakk\u0131ndaki ger\u00e7e\u011fi iletmeye \u00e7a\u011f\u0131rd\u0131.<\/p>\n<p>Sabba\u011f ayr\u0131ca, ili\u015fkilerin ilerlemesine katk\u0131da bulunacak ziyaret al\u0131\u015fveri\u015fi yoluyla toplant\u0131lar\u0131n yo\u011funla\u015ft\u0131r\u0131lmas\u0131 \u00e7a\u011fr\u0131s\u0131nda bulunarak, B\u00fcy\u00fckel\u00e7i Santos&#8217;a ge\u00e7en Eyl\u00fcl ay\u0131ndan bu yana Suriye Ola\u011fan\u00fcst\u00fc ve Tam Yetkili B\u00fcy\u00fckel\u00e7i olarak atanmas\u0131 i\u00e7in \u00a0yeni g\u00f6revlerinde ba\u015far\u0131lar diledi.<\/p>\n<p>B\u00fcy\u00fckel\u00e7i Santos ise, \u00f6zellikle parlamenter alanda daha fazla yak\u0131nla\u015fma sa\u011flayarak iki \u00fclke aras\u0131ndaki ili\u015fkileri ilerletmek ve derinle\u015ftirmek i\u00e7in \u00e7al\u0131\u015fman\u0131n \u00f6nemine dikkat \u00e7ekerek, Brezilya&#8217;n\u0131n geli\u015fimine, ilerlemesine ve b\u00fcy\u00fcmesine ve \u00e7e\u015fitli alanlarda r\u00f6nesans\u0131na katk\u0131da bulunan Brezilya&#8217;daki Suriye toplumunun on y\u0131llar boyunca oynad\u0131\u011f\u0131 b\u00fcy\u00fck rol\u00fcn\u00fc \u00f6vd\u00fc.<\/p>\n<p><a class=\"x1i10hfl xjbqb8w x6umtig x1b1mbwd xaqea5y xav7gou x9f619 x1ypdohk xt0psk2 xe8uvvx xdj266r x11i5rnm xat24cr x1mh8g0r xexx8yu x4uap5 x18d9i69 xkhd6sd x16tdsg8 x1hl2dhg xggy1nq x1a2a7pz xt0b8zv x1qq9wsj xo1l8bm\" tabindex=\"0\" role=\"link\" href=\"https:\/\/www.facebook.com\/hashtag\/telegram_kanal%C4%B1m%C4%B1z?__eep__=6&amp;__cft__[0]=AZVTi2BZI1Yd6-5Wm_5Ynn-lbxzCD3u63-rxe6C7UwXi9P3l01Kvp81pWGZfh0eJak8xPWmrAuJqhTtf45151n9imdpbacJwLeFMyWGd6ndvwEDR5ndjDDmsHm3cg60skkU&amp;__tn__=*NK-R\">#Telegram_Kanal\u0131m\u0131z<\/a>:\u00a0<a class=\"x1i10hfl xjbqb8w x6umtig x1b1mbwd xaqea5y xav7gou x9f619 x1ypdohk xt0psk2 xe8uvvx xdj266r x11i5rnm xat24cr x1mh8g0r xexx8yu x4uap5 x18d9i69 xkhd6sd x16tdsg8 x1hl2dhg xggy1nq x1a2a7pz xt0b8zv x1fey0fg\" tabindex=\"0\" role=\"link\" href=\"https:\/\/t.me\/SuriyeArapHaberAjans%C4%B1?fbclid=IwAR0aS3gAp41sVMCdsooUssm_ZL7v0ROm_TxB1Pss1SpqB3tCSUkf6cmIRU8\" target=\"_blank\" rel=\"nofollow noopener\">https:\/\/t.me\/SuriyeArapHaberAjans\u0131<\/a><\/p>\n","protected":false},"excerpt":{"rendered":"<p>\u015eAM \u2013 Meclis Ba\u015fkan\u0131 Hammuda Sabba\u011f, Brezilya Federatif Cumhuriyeti&#8217;nin \u015eam&#8217;daki Ola\u011fan\u00fcst\u00fc ve Tam Yetkili B\u00fcy\u00fckel\u00e7isi Andr\u00e9 dos Santos ile yapt\u0131\u011f\u0131 g\u00f6r\u00fc\u015fmede, ba\u015fta parlamento alan\u0131 olmak \u00fczere \u00e7e\u015fitli alanlarda ikili ili\u015fkilerin geli\u015ftirilmesi i\u00e7in \u00e7al\u0131\u015fmaya devam edilmesinin \u00f6nemini vurgulad\u0131. Sabba\u011f, iki \u00fclkeyi ve halklar\u0131n\u0131 birle\u015ftiren tarihi ili\u015fkinin g\u00fcc\u00fcne ve Brezilya&#8217;daki Suriye toplumunun bu ili\u015fkinin ba\u011flar\u0131n\u0131 g\u00fc\u00e7lendirmedeki b\u00fcy\u00fck &hellip;<\/p>\n","protected":false},"author":41,"featured_media":267096,"comment_status":"closed","ping_status":"closed","sticky":false,"template":"","format":"standard","meta":{"footnotes":""},"categories":[458,459,17988],"tags":[],"class_list":["post-267095","post","type-post","status-publish","format-standard","has-post-thumbnail","","category-dunya1","category-haberler-arap-uluslararasi-politika","category-son-haberler"],"_links":{"self":[{"href":"https:\/\/archive.sana.sy\/tr\/index.php?rest_route=\/wp\/v2\/posts\/267095","targetHints":{"allow":["GET"]}}],"collection":[{"href":"https:\/\/archive.sana.sy\/tr\/index.php?rest_route=\/wp\/v2\/posts"}],"about":[{"href":"https:\/\/archive.sana.sy\/tr\/index.php?rest_route=\/wp\/v2\/types\/post"}],"author":[{"embeddable":true,"href":"https:\/\/archive.sana.sy\/tr\/index.php?rest_route=\/wp\/v2\/users\/41"}],"replies":[{"embeddable":true,"href":"https:\/\/archive.sana.sy\/tr\/index.php?rest_route=%2Fwp%2Fv2%2Fcomments&post=267095"}],"version-history":[{"count":0,"href":"https:\/\/archive.sana.sy\/tr\/index.php?rest_route=\/wp\/v2\/posts\/267095\/revisions"}],"wp:featuredmedia":[{"embeddable":true,"href":"https:\/\/archive.sana.sy\/tr\/index.php?rest_route=\/wp\/v2\/media\/267096"}],"wp:attachment":[{"href":"https:\/\/archive.sana.sy\/tr\/index.php?rest_route=%2Fwp%2Fv2%2Fmedia&parent=267095"}],"wp:term":[{"taxonomy":"category","embeddable":true,"href":"https:\/\/archive.sana.sy\/tr\/index.php?rest_route=%2Fwp%2Fv2%2Fcategories&post=267095"},{"taxonomy":"post_tag","embeddable":true,"href":"https:\/\/archive.sana.sy\/tr\/index.php?rest_route=%2Fwp%2Fv2%2Ftags&post=267095"}],"curies":[{"name":"wp","href":"https:\/\/api.w.org\/{rel}","templated":true}]}}