{"id":267112,"date":"2022-11-15T22:36:53","date_gmt":"2022-11-15T20:36:53","guid":{"rendered":"http:\/\/107.6.182.27\/tr\/?p=267112"},"modified":"2022-11-17T07:46:08","modified_gmt":"2022-11-17T05:46:08","slug":"turk-isgal-gucleri-hasekenin-kuzeybatisinda-iki-koye-topcu-atesi-ile-saldirdi","status":"publish","type":"post","link":"https:\/\/archive.sana.sy\/tr\/?p=267112","title":{"rendered":"T\u00fcrk \u0130\u015fgal G\u00fc\u00e7leri Haseke&#8217;nin Kuzeybat\u0131s\u0131nda \u0130ki K\u00f6ye Top\u00e7u Ate\u015fi \u0130le Sald\u0131rd\u0131"},"content":{"rendered":"<p>HASEKE \u2013 T\u00fcrk i\u015fgal g\u00fc\u00e7leri, Hasekek\u0131rsal\u0131n\u0131n kuzeybat\u0131s\u0131nda yer alan Ebu Rasyen il\u00e7esindeki iki k\u00f6ye y\u00f6nelik top\u00e7u sald\u0131r\u0131lar\u0131n\u0131 yeniledi.<\/p>\n<p>Yerel kaynaklar SANA muhabirine, T\u00fcrk i\u015fgal g\u00fc\u00e7leri ve ona ba\u011fl\u0131 ter\u00f6r \u00f6rg\u00fctlerinin ge\u00e7ti\u011fimiz saatlerde Ebu Rasyen il\u00e7esine ba\u011fl\u0131 El Rabiyat ve Umm Harmala k\u00f6ylerini top ve roketatarlarla bombalad\u0131\u011f\u0131n\u0131 s\u00f6yledi.<\/p>\n<p>Kaynaklar, sald\u0131r\u0131lar\u0131n sivillerin evlerinde maddi hasara yol a\u00e7t\u0131\u011f\u0131n\u0131 belirtti.<\/p>\n<p><span style=\"color: #0000ff;\">#Telegram_Kanal\u0131m\u0131z: https:\/\/t.me\/SuriyeArapHaberAjans\u0131<\/span><\/p>\n","protected":false},"excerpt":{"rendered":"<p>HASEKE \u2013 T\u00fcrk i\u015fgal g\u00fc\u00e7leri, Hasekek\u0131rsal\u0131n\u0131n kuzeybat\u0131s\u0131nda yer alan Ebu Rasyen il\u00e7esindeki iki k\u00f6ye y\u00f6nelik top\u00e7u sald\u0131r\u0131lar\u0131n\u0131 yeniledi. Yerel kaynaklar SANA muhabirine, T\u00fcrk i\u015fgal g\u00fc\u00e7leri ve ona ba\u011fl\u0131 ter\u00f6r \u00f6rg\u00fctlerinin ge\u00e7ti\u011fimiz saatlerde Ebu Rasyen il\u00e7esine ba\u011fl\u0131 El Rabiyat ve Umm Harmala k\u00f6ylerini top ve roketatarlarla bombalad\u0131\u011f\u0131n\u0131 s\u00f6yledi. Kaynaklar, sald\u0131r\u0131lar\u0131n sivillerin evlerinde maddi hasara yol a\u00e7t\u0131\u011f\u0131n\u0131 &hellip;<\/p>\n","protected":false},"author":36,"featured_media":267114,"comment_status":"closed","ping_status":"closed","sticky":false,"template":"","format":"standard","meta":{"footnotes":""},"categories":[479,575,17988,2554,2555,478],"tags":[],"class_list":["post-267112","post","type-post","status-publish","format-standard","has-post-thumbnail","","category-haberler-yerel","category-olaylar-ve-gercekler","category-son-haberler","category-suriye-ve-dunya","category-suriye-ve-turkiye","category-yerel"],"_links":{"self":[{"href":"https:\/\/archive.sana.sy\/tr\/index.php?rest_route=\/wp\/v2\/posts\/267112","targetHints":{"allow":["GET"]}}],"collection":[{"href":"https:\/\/archive.sana.sy\/tr\/index.php?rest_route=\/wp\/v2\/posts"}],"about":[{"href":"https:\/\/archive.sana.sy\/tr\/index.php?rest_route=\/wp\/v2\/types\/post"}],"author":[{"embeddable":true,"href":"https:\/\/archive.sana.sy\/tr\/index.php?rest_route=\/wp\/v2\/users\/36"}],"replies":[{"embeddable":true,"href":"https:\/\/archive.sana.sy\/tr\/index.php?rest_route=%2Fwp%2Fv2%2Fcomments&post=267112"}],"version-history":[{"count":0,"href":"https:\/\/archive.sana.sy\/tr\/index.php?rest_route=\/wp\/v2\/posts\/267112\/revisions"}],"wp:featuredmedia":[{"embeddable":true,"href":"https:\/\/archive.sana.sy\/tr\/index.php?rest_route=\/wp\/v2\/media\/267114"}],"wp:attachment":[{"href":"https:\/\/archive.sana.sy\/tr\/index.php?rest_route=%2Fwp%2Fv2%2Fmedia&parent=267112"}],"wp:term":[{"taxonomy":"category","embeddable":true,"href":"https:\/\/archive.sana.sy\/tr\/index.php?rest_route=%2Fwp%2Fv2%2Fcategories&post=267112"},{"taxonomy":"post_tag","embeddable":true,"href":"https:\/\/archive.sana.sy\/tr\/index.php?rest_route=%2Fwp%2Fv2%2Ftags&post=267112"}],"curies":[{"name":"wp","href":"https:\/\/api.w.org\/{rel}","templated":true}]}}