{"id":267119,"date":"2022-11-16T10:48:56","date_gmt":"2022-11-16T08:48:56","guid":{"rendered":"http:\/\/107.6.182.27\/tr\/?p=267119"},"modified":"2022-11-18T07:59:06","modified_gmt":"2022-11-18T05:59:06","slug":"derada-teror-gruplarindan-kalan-silah-ve-muhimmat-ele-gecirildi","status":"publish","type":"post","link":"https:\/\/archive.sana.sy\/tr\/?p=267119","title":{"rendered":"Dera&#8217;da Ter\u00f6r Gruplar\u0131ndan Kalan Silah ve M\u00fchimmat Ele Ge\u00e7irildi"},"content":{"rendered":"<p>DERA \u2013SANA muhabiri, yetkili makamlar\u0131n Dera kentine ba\u011fl\u0131 El Sed yolu mahallesinde I\u015e\u0130D&#8217;li ter\u00f6ristlerin geride b\u0131rakt\u0131klar\u0131 bir k\u0131sm\u0131 Bat\u0131 yap\u0131m\u0131 olmak \u00fczere \u00e7ok miktarda silah ve m\u00fchimmat ele ge\u00e7irdi\u011fini belirtti.<\/p>\n<p><span style=\"color: #0000ff;\">#Telegram_Kanal\u0131m\u0131z: https:\/\/t.me\/SuriyeArapHaberAjansI<\/span><\/p>\n<div id='gallery-1' class='gallery galleryid-267119 gallery-columns-1 gallery-size-full'><figure class='gallery-item'>\n\t\t\t<div class='gallery-icon landscape'>\n\t\t\t\t<a href='https:\/\/archive.sana.sy\/tr\/wp-content\/uploads\/2022\/11\/30-5.jpg'><img loading=\"lazy\" decoding=\"async\" width=\"660\" height=\"440\" src=\"https:\/\/archive.sana.sy\/tr\/wp-content\/uploads\/2022\/11\/30-5.jpg\" class=\"attachment-full size-full\" alt=\"\" srcset=\"https:\/\/archive.sana.sy\/tr\/wp-content\/uploads\/2022\/11\/30-5.jpg 660w, https:\/\/archive.sana.sy\/tr\/wp-content\/uploads\/2022\/11\/30-5-300x200.jpg 300w, https:\/\/archive.sana.sy\/tr\/wp-content\/uploads\/2022\/11\/30-5-150x100.jpg 150w\" sizes=\"auto, (max-width: 660px) 100vw, 660px\" \/><\/a>\n\t\t\t<\/div><\/figure><figure class='gallery-item'>\n\t\t\t<div class='gallery-icon landscape'>\n\t\t\t\t<a href='https:\/\/archive.sana.sy\/tr\/wp-content\/uploads\/2022\/11\/31-2.jpg'><img loading=\"lazy\" decoding=\"async\" width=\"660\" height=\"411\" src=\"https:\/\/archive.sana.sy\/tr\/wp-content\/uploads\/2022\/11\/31-2.jpg\" class=\"attachment-full size-full\" alt=\"\" srcset=\"https:\/\/archive.sana.sy\/tr\/wp-content\/uploads\/2022\/11\/31-2.jpg 660w, https:\/\/archive.sana.sy\/tr\/wp-content\/uploads\/2022\/11\/31-2-300x187.jpg 300w, https:\/\/archive.sana.sy\/tr\/wp-content\/uploads\/2022\/11\/31-2-150x93.jpg 150w\" sizes=\"auto, (max-width: 660px) 100vw, 660px\" \/><\/a>\n\t\t\t<\/div><\/figure><figure class='gallery-item'>\n\t\t\t<div class='gallery-icon landscape'>\n\t\t\t\t<a href='https:\/\/archive.sana.sy\/tr\/wp-content\/uploads\/2022\/11\/32-2.jpg'><img loading=\"lazy\" decoding=\"async\" width=\"660\" height=\"440\" src=\"https:\/\/archive.sana.sy\/tr\/wp-content\/uploads\/2022\/11\/32-2.jpg\" class=\"attachment-full size-full\" alt=\"\" srcset=\"https:\/\/archive.sana.sy\/tr\/wp-content\/uploads\/2022\/11\/32-2.jpg 660w, https:\/\/archive.sana.sy\/tr\/wp-content\/uploads\/2022\/11\/32-2-300x200.jpg 300w, https:\/\/archive.sana.sy\/tr\/wp-content\/uploads\/2022\/11\/32-2-150x100.jpg 150w\" sizes=\"auto, (max-width: 660px) 100vw, 660px\" \/><\/a>\n\t\t\t<\/div><\/figure><figure class='gallery-item'>\n\t\t\t<div class='gallery-icon landscape'>\n\t\t\t\t<a href='https:\/\/archive.sana.sy\/tr\/wp-content\/uploads\/2022\/11\/33-2.jpg'><img loading=\"lazy\" decoding=\"async\" width=\"660\" height=\"440\" src=\"https:\/\/archive.sana.sy\/tr\/wp-content\/uploads\/2022\/11\/33-2.jpg\" class=\"attachment-full size-full\" alt=\"\" srcset=\"https:\/\/archive.sana.sy\/tr\/wp-content\/uploads\/2022\/11\/33-2.jpg 660w, https:\/\/archive.sana.sy\/tr\/wp-content\/uploads\/2022\/11\/33-2-300x200.jpg 300w, https:\/\/archive.sana.sy\/tr\/wp-content\/uploads\/2022\/11\/33-2-150x100.jpg 150w\" sizes=\"auto, (max-width: 660px) 100vw, 660px\" \/><\/a>\n\t\t\t<\/div><\/figure><figure class='gallery-item'>\n\t\t\t<div class='gallery-icon landscape'>\n\t\t\t\t<a href='https:\/\/archive.sana.sy\/tr\/wp-content\/uploads\/2022\/11\/34.jpg'><img loading=\"lazy\" decoding=\"async\" width=\"660\" height=\"440\" src=\"https:\/\/archive.sana.sy\/tr\/wp-content\/uploads\/2022\/11\/34.jpg\" class=\"attachment-full size-full\" alt=\"\" srcset=\"https:\/\/archive.sana.sy\/tr\/wp-content\/uploads\/2022\/11\/34.jpg 660w, https:\/\/archive.sana.sy\/tr\/wp-content\/uploads\/2022\/11\/34-300x200.jpg 300w, https:\/\/archive.sana.sy\/tr\/wp-content\/uploads\/2022\/11\/34-150x100.jpg 150w\" sizes=\"auto, (max-width: 660px) 100vw, 660px\" \/><\/a>\n\t\t\t<\/div><\/figure><figure class='gallery-item'>\n\t\t\t<div class='gallery-icon landscape'>\n\t\t\t\t<a href='https:\/\/archive.sana.sy\/tr\/wp-content\/uploads\/2022\/11\/35-1.jpg'><img loading=\"lazy\" decoding=\"async\" width=\"660\" height=\"443\" src=\"https:\/\/archive.sana.sy\/tr\/wp-content\/uploads\/2022\/11\/35-1.jpg\" class=\"attachment-full size-full\" alt=\"\" srcset=\"https:\/\/archive.sana.sy\/tr\/wp-content\/uploads\/2022\/11\/35-1.jpg 660w, https:\/\/archive.sana.sy\/tr\/wp-content\/uploads\/2022\/11\/35-1-300x201.jpg 300w, https:\/\/archive.sana.sy\/tr\/wp-content\/uploads\/2022\/11\/35-1-150x101.jpg 150w, https:\/\/archive.sana.sy\/tr\/wp-content\/uploads\/2022\/11\/35-1-110x75.jpg 110w\" sizes=\"auto, (max-width: 660px) 100vw, 660px\" \/><\/a>\n\t\t\t<\/div><\/figure>\n\t\t<\/div>\n\n","protected":false},"excerpt":{"rendered":"<p>DERA \u2013SANA muhabiri, yetkili makamlar\u0131n Dera kentine ba\u011fl\u0131 El Sed yolu mahallesinde I\u015e\u0130D&#8217;li ter\u00f6ristlerin geride b\u0131rakt\u0131klar\u0131 bir k\u0131sm\u0131 Bat\u0131 yap\u0131m\u0131 olmak \u00fczere \u00e7ok miktarda silah ve m\u00fchimmat ele ge\u00e7irdi\u011fini belirtti. #Telegram_Kanal\u0131m\u0131z: https:\/\/t.me\/SuriyeArapHaberAjansI<\/p>\n","protected":false},"author":36,"featured_media":267136,"comment_status":"closed","ping_status":"closed","sticky":false,"template":"","format":"standard","meta":{"footnotes":""},"categories":[479,17988,478],"tags":[],"class_list":["post-267119","post","type-post","status-publish","format-standard","has-post-thumbnail","","category-haberler-yerel","category-son-haberler","category-yerel"],"_links":{"self":[{"href":"https:\/\/archive.sana.sy\/tr\/index.php?rest_route=\/wp\/v2\/posts\/267119","targetHints":{"allow":["GET"]}}],"collection":[{"href":"https:\/\/archive.sana.sy\/tr\/index.php?rest_route=\/wp\/v2\/posts"}],"about":[{"href":"https:\/\/archive.sana.sy\/tr\/index.php?rest_route=\/wp\/v2\/types\/post"}],"author":[{"embeddable":true,"href":"https:\/\/archive.sana.sy\/tr\/index.php?rest_route=\/wp\/v2\/users\/36"}],"replies":[{"embeddable":true,"href":"https:\/\/archive.sana.sy\/tr\/index.php?rest_route=%2Fwp%2Fv2%2Fcomments&post=267119"}],"version-history":[{"count":0,"href":"https:\/\/archive.sana.sy\/tr\/index.php?rest_route=\/wp\/v2\/posts\/267119\/revisions"}],"wp:featuredmedia":[{"embeddable":true,"href":"https:\/\/archive.sana.sy\/tr\/index.php?rest_route=\/wp\/v2\/media\/267136"}],"wp:attachment":[{"href":"https:\/\/archive.sana.sy\/tr\/index.php?rest_route=%2Fwp%2Fv2%2Fmedia&parent=267119"}],"wp:term":[{"taxonomy":"category","embeddable":true,"href":"https:\/\/archive.sana.sy\/tr\/index.php?rest_route=%2Fwp%2Fv2%2Fcategories&post=267119"},{"taxonomy":"post_tag","embeddable":true,"href":"https:\/\/archive.sana.sy\/tr\/index.php?rest_route=%2Fwp%2Fv2%2Ftags&post=267119"}],"curies":[{"name":"wp","href":"https:\/\/api.w.org\/{rel}","templated":true}]}}